{"id":7551,"date":"2022-11-25T07:31:09","date_gmt":"2022-11-25T06:31:09","guid":{"rendered":"https:\/\/www.milosnicylasu.olsztyn.pl\/?p=7551"},"modified":"2022-11-25T07:34:00","modified_gmt":"2022-11-25T06:34:00","slug":"spotkanie-z-mieczyslawem-wieliczko","status":"publish","type":"post","link":"https:\/\/www.milosnicylasu.olsztyn.pl\/?p=7551","title":{"rendered":"Spotkanie z Mieczys\u0142awem Wieliczko"},"content":{"rendered":"<p><strong>23 listopada 2022 roku, w Muzeum Przyrody w Olsztynie,\u00a0 odby\u0142o si\u0119 bardzo ciekawe spotkanie z wspania\u0142ym cz\u0142owiekiem\u00a0 Panem Mieczys\u0142awem Wieliczko. Mieli\u015bmy okazj\u0119 zobaczy\u0107 wiele przepi\u0119knych zdj\u0119\u0107, g\u0142\u00f3wnie\u00a0 zwi\u0105zanych z Warmi\u0105 i Mazurami oraz Powi\u015blem. Pokaz by\u0142 podzielony na cztery pory roku &#8211; wiosn\u0119,\u00a0 lato, jesie\u0144 i zim\u0119. Wszystkie zdj\u0119cia przypomnia\u0142y nam, \u017ce mamy wielkie szcz\u0119\u015bcie, \u017cyj\u0105c na tak pi\u0119knych terenach. Dzi\u0119kujemy za zaproszenie\u00a0 !<\/strong><\/p>\n<p><strong>Mieczys\u0142aw Wieliczko, zwi\u0105zany z warmi\u0144sko-mazurskim \u015brodowiskiem fotograficznym \u2013 urodzi\u0142 si\u0119, mieszka i pracuje w Olsztynie. Fotografuje od po\u0142owy lat 70. XX wieku. miejsce szczeg\u00f3lne w jego tw\u00f3rczo\u015bci zajmuje fotografia architektury, fotografia dokumentalna, fotografia krajobrazowa, fotografia portretowa oraz fotografia przyrodnicza.<\/strong><\/p>\n<p><strong>Jest autorem i wsp\u00f3\u0142autorem wielu wystaw fotograficznych w Polsce i za granic\u0105 indywidualnych, zbiorowych oraz pokonkursowych, na kt\u00f3rych zdoby\u0142 wiele akceptacji, medali, nagr\u00f3d, wyr\u00f3\u017cnie\u0144, dyplom\u00f3w, list\u00f3w gratulacyjnych Jest autorem oraz wsp\u00f3\u0142autorem wielu publikacji \u2013 album\u00f3w fotograficznych oraz autorem i wsp\u00f3\u0142autorem wielu fotografii ilustruj\u0105cych ksi\u0105\u017cki.<\/strong><\/p>\n<p><strong>Nie mamy upowa\u017cnienia do publikacji zdj\u0119\u0107, ale s\u0105 one na stronie internetowej autora, wi\u0119c zach\u0119camy do ich obejrzenia. Nie zast\u0105pi to spotkania z Panem Wieliczko, kt\u00f3ry jest cz\u0142owiekiem bardzo ciep\u0142ym , skromnym,\u00a0 jego opowie\u015bci w jakich warunkach by\u0142y robione zdj\u0119cia &#8230;&#8230;. ale pozwoli na chwile wytchnienia od szaro\u015bci codziennego \u017cycia\u00a0<\/strong><\/p>\n","protected":false},"excerpt":{"rendered":"<p>23 listopada 2022 roku, w Muzeum Przyrody w Olsztynie,\u00a0 odby\u0142o si\u0119 bardzo ciekawe spotkanie z wspania\u0142ym cz\u0142owiekiem\u00a0 Panem Mieczys\u0142awem Wieliczko. Mieli\u015bmy okazj\u0119 zobaczy\u0107 wiele przepi\u0119knych zdj\u0119\u0107, g\u0142\u00f3wnie\u00a0 zwi\u0105zanych z Warmi\u0105 i Mazurami oraz Powi\u015blem. Pokaz by\u0142 podzielony na cztery pory roku &#8211; wiosn\u0119,\u00a0 lato, jesie\u0144 i zim\u0119. Wszystkie zdj\u0119cia przypomnia\u0142y nam, \u017ce mamy wielkie szcz\u0119\u015bcie, [&hellip;]<\/p>\n","protected":false},"author":2,"featured_media":0,"comment_status":"open","ping_status":"open","sticky":false,"template":"","format":"standard","meta":{"footnotes":""},"categories":[1,9,17,11],"tags":[],"class_list":["post-7551","post","type-post","status-publish","format-standard","hentry","category-bez-kategorii","category-ciekawostki","category-edukacja-w-terenie","category-spotkania-artystyczne"],"_links":{"self":[{"href":"https:\/\/www.milosnicylasu.olsztyn.pl\/index.php?rest_route=\/wp\/v2\/posts\/7551","targetHints":{"allow":["GET"]}}],"collection":[{"href":"https:\/\/www.milosnicylasu.olsztyn.pl\/index.php?rest_route=\/wp\/v2\/posts"}],"about":[{"href":"https:\/\/www.milosnicylasu.olsztyn.pl\/index.php?rest_route=\/wp\/v2\/types\/post"}],"author":[{"embeddable":true,"href":"https:\/\/www.milosnicylasu.olsztyn.pl\/index.php?rest_route=\/wp\/v2\/users\/2"}],"replies":[{"embeddable":true,"href":"https:\/\/www.milosnicylasu.olsztyn.pl\/index.php?rest_route=%2Fwp%2Fv2%2Fcomments&post=7551"}],"version-history":[{"count":3,"href":"https:\/\/www.milosnicylasu.olsztyn.pl\/index.php?rest_route=\/wp\/v2\/posts\/7551\/revisions"}],"predecessor-version":[{"id":7554,"href":"https:\/\/www.milosnicylasu.olsztyn.pl\/index.php?rest_route=\/wp\/v2\/posts\/7551\/revisions\/7554"}],"wp:attachment":[{"href":"https:\/\/www.milosnicylasu.olsztyn.pl\/index.php?rest_route=%2Fwp%2Fv2%2Fmedia&parent=7551"}],"wp:term":[{"taxonomy":"category","embeddable":true,"href":"https:\/\/www.milosnicylasu.olsztyn.pl\/index.php?rest_route=%2Fwp%2Fv2%2Fcategories&post=7551"},{"taxonomy":"post_tag","embeddable":true,"href":"https:\/\/www.milosnicylasu.olsztyn.pl\/index.php?rest_route=%2Fwp%2Fv2%2Ftags&post=7551"}],"curies":[{"name":"wp","href":"https:\/\/api.w.org\/{rel}","templated":true}]}}