{"id":7574,"date":"2022-12-02T08:38:19","date_gmt":"2022-12-02T07:38:19","guid":{"rendered":"https:\/\/www.milosnicylasu.olsztyn.pl\/?p=7574"},"modified":"2022-12-06T07:55:48","modified_gmt":"2022-12-06T06:55:48","slug":"w-sobote-nie-bedzie-rajdu-posluchamy-chorow","status":"publish","type":"post","link":"https:\/\/www.milosnicylasu.olsztyn.pl\/?p=7574","title":{"rendered":"W sobot\u0119 nie b\u0119dzie rajdu&#8230;. pos\u0142uchamy ch\u00f3r\u00f3w"},"content":{"rendered":"<p><a href=\"https:\/\/www.milosnicylasu.olsztyn.pl\/wp-content\/uploads\/2020\/12\/Choinka-w-domu-moiej-corki-www.jpg\" data-rel=\"lightbox-image-0\" data-magnific_type=\"image\" data-rl_title=\"\" data-rl_caption=\"\" title=\"\"><img loading=\"lazy\" decoding=\"async\" class=\"size-medium wp-image-5886 alignleft\" src=\"https:\/\/www.milosnicylasu.olsztyn.pl\/wp-content\/uploads\/2020\/12\/Choinka-w-domu-moiej-corki-www-225x300.jpg\" alt=\"\" width=\"225\" height=\"300\" srcset=\"https:\/\/www.milosnicylasu.olsztyn.pl\/wp-content\/uploads\/2020\/12\/Choinka-w-domu-moiej-corki-www-225x300.jpg 225w, https:\/\/www.milosnicylasu.olsztyn.pl\/wp-content\/uploads\/2020\/12\/Choinka-w-domu-moiej-corki-www.jpg 768w\" sizes=\"auto, (max-width: 225px) 100vw, 225px\" \/><\/a>P<strong>odczas czwartkowego spotkania Micha\u0142 K\u0142ebukowski zaprosi\u0142 cz\u0142onk\u00f3w naszego Ko\u0142a na wyj\u0105tkowy koncert :<\/strong><\/p>\n<p><strong>VII Warmi\u0144sko-Mazurski Festiwal Ch\u00f3r\u00f3w i Zespo\u0142\u00f3w Wokalnych Uniwersytet\u00f3w Trzeciego Wieku<\/strong><\/p>\n<p><strong>\u00a0\u00a0\u00a0\u00a0\u00a0\u00a0\u00a0\u00a0\u00a0\u00a0\u00a0\u00a0\u00a0\u00a0\u00a0\u00a0\u00a0\u00a0\u00a0\u00a0\u00a0\u00a0\u00a0\u00a0<em>\u00a0\u00a0 HEJ KOL\u0118DA<\/em><\/strong><\/p>\n<p><strong><em>kt\u00f3ry odb\u0119dzie si\u0119 3 grudnia\/so<\/em>bota\/ o godz.10.00 w Centrum Konferencyjno &#8211; Szkoleniowym w Olsztynie w Kortowie, ul. Dybowskiego 11<\/strong><\/p>\n<p><strong>W przegl\u0105dzie ch\u00f3r\u00f3w sw\u00f3j udzia\u0142 zadeklarowa\u0142o 10 zespo\u0142\u00f3w. B\u0119dzie to wyj\u0105tkowa okazja\u00a0 artystycznego przygotowania si\u0119 do \u015awi\u0105t Bo\u017cego Narodzenia&#8230;&#8230;i to za darmo, co przy obecnej sytuacji nie jest bez znaczenia.<\/strong><\/p>\n<p><strong>Bedzie te\u017c mo\u017cna podziwia\u0107 \u015bwi\u0105teczne cude\u0144ka, kt\u00f3re wykonuj\u0105 masze kole\u017canki r\u0119kodzielniczki &#8211; poogl\u0105da\u0107 te\u017c za darmo&#8230;&#8230;.<\/strong><\/p>\n<p><strong>Prezes Anatol Leszczy\u0144ski\u00a0 zapyta\u0142 ile os\u00f3b wybiera si\u0119 na sobotni rajd, okaza\u0142o si\u0119, \u017ce wi\u0119kszo\u015b\u0107 tym razem chce uczestniczy\u0107 w kortowskim wydarzeniu, st\u0105d odwo\u0142anie najbli\u017cszego 3 grudnia le\u015bnego spotkania.<\/strong><\/p>\n<p><strong>\u00a0Zapraszamy\u00a0 10 , 17 i 31 grudnia ! i p\u00f3\u017aniej, ale to ju\u017c w 2023 roku. Pierwsze zebranie czwartkowe odb\u0119dzie si\u0119\u00a0 5 stycznia , jak zwykle w RDLP w Olsztynie o godz.15.00.<\/strong><\/p>\n<p>&nbsp;<\/p>\n","protected":false},"excerpt":{"rendered":"<p>Podczas czwartkowego spotkania Micha\u0142 K\u0142ebukowski zaprosi\u0142 cz\u0142onk\u00f3w naszego Ko\u0142a na wyj\u0105tkowy koncert : VII Warmi\u0144sko-Mazurski Festiwal Ch\u00f3r\u00f3w i Zespo\u0142\u00f3w Wokalnych Uniwersytet\u00f3w Trzeciego Wieku \u00a0\u00a0\u00a0\u00a0\u00a0\u00a0\u00a0\u00a0\u00a0\u00a0\u00a0\u00a0\u00a0\u00a0\u00a0\u00a0\u00a0\u00a0\u00a0\u00a0\u00a0\u00a0\u00a0\u00a0\u00a0\u00a0 HEJ KOL\u0118DA kt\u00f3ry odb\u0119dzie si\u0119 3 grudnia\/sobota\/ o godz.10.00 w Centrum Konferencyjno &#8211; Szkoleniowym w Olsztynie w Kortowie, ul. Dybowskiego 11 W przegl\u0105dzie ch\u00f3r\u00f3w sw\u00f3j udzia\u0142 zadeklarowa\u0142o 10 zespo\u0142\u00f3w. B\u0119dzie to [&hellip;]<\/p>\n","protected":false},"author":2,"featured_media":0,"comment_status":"open","ping_status":"open","sticky":false,"template":"","format":"standard","meta":{"footnotes":""},"categories":[1,9,11],"tags":[],"class_list":["post-7574","post","type-post","status-publish","format-standard","hentry","category-bez-kategorii","category-ciekawostki","category-spotkania-artystyczne"],"_links":{"self":[{"href":"https:\/\/www.milosnicylasu.olsztyn.pl\/index.php?rest_route=\/wp\/v2\/posts\/7574","targetHints":{"allow":["GET"]}}],"collection":[{"href":"https:\/\/www.milosnicylasu.olsztyn.pl\/index.php?rest_route=\/wp\/v2\/posts"}],"about":[{"href":"https:\/\/www.milosnicylasu.olsztyn.pl\/index.php?rest_route=\/wp\/v2\/types\/post"}],"author":[{"embeddable":true,"href":"https:\/\/www.milosnicylasu.olsztyn.pl\/index.php?rest_route=\/wp\/v2\/users\/2"}],"replies":[{"embeddable":true,"href":"https:\/\/www.milosnicylasu.olsztyn.pl\/index.php?rest_route=%2Fwp%2Fv2%2Fcomments&post=7574"}],"version-history":[{"count":3,"href":"https:\/\/www.milosnicylasu.olsztyn.pl\/index.php?rest_route=\/wp\/v2\/posts\/7574\/revisions"}],"predecessor-version":[{"id":7577,"href":"https:\/\/www.milosnicylasu.olsztyn.pl\/index.php?rest_route=\/wp\/v2\/posts\/7574\/revisions\/7577"}],"wp:attachment":[{"href":"https:\/\/www.milosnicylasu.olsztyn.pl\/index.php?rest_route=%2Fwp%2Fv2%2Fmedia&parent=7574"}],"wp:term":[{"taxonomy":"category","embeddable":true,"href":"https:\/\/www.milosnicylasu.olsztyn.pl\/index.php?rest_route=%2Fwp%2Fv2%2Fcategories&post=7574"},{"taxonomy":"post_tag","embeddable":true,"href":"https:\/\/www.milosnicylasu.olsztyn.pl\/index.php?rest_route=%2Fwp%2Fv2%2Ftags&post=7574"}],"curies":[{"name":"wp","href":"https:\/\/api.w.org\/{rel}","templated":true}]}}