{"id":7584,"date":"2022-12-02T19:51:39","date_gmt":"2022-12-02T18:51:39","guid":{"rendered":"https:\/\/www.milosnicylasu.olsztyn.pl\/?p=7584"},"modified":"2022-12-03T18:22:23","modified_gmt":"2022-12-03T17:22:23","slug":"zuraw-koroniasty-i-inne-ptaki-egzotyczne-1-grudnia-2022-roku-w-rdlp-w-olsztynie","status":"publish","type":"post","link":"https:\/\/www.milosnicylasu.olsztyn.pl\/?p=7584","title":{"rendered":"\u017buraw koroniasty i inne ptaki egzotyczne  1 grudnia 2022 roku w RDLP w Olsztynie"},"content":{"rendered":"<p><a href=\"https:\/\/www.milosnicylasu.olsztyn.pl\/wp-content\/uploads\/2022\/12\/PC010038-www-2.jpg\" data-rel=\"lightbox-image-0\" data-magnific_type=\"image\" data-rl_title=\"\" data-rl_caption=\"\" title=\"\"><img loading=\"lazy\" decoding=\"async\" class=\"size-medium wp-image-7585 alignleft\" src=\"https:\/\/www.milosnicylasu.olsztyn.pl\/wp-content\/uploads\/2022\/12\/PC010038-www-2-300x225.jpg\" alt=\"\" width=\"300\" height=\"225\" srcset=\"https:\/\/www.milosnicylasu.olsztyn.pl\/wp-content\/uploads\/2022\/12\/PC010038-www-2-300x225.jpg 300w, https:\/\/www.milosnicylasu.olsztyn.pl\/wp-content\/uploads\/2022\/12\/PC010038-www-2-768x576.jpg 768w, https:\/\/www.milosnicylasu.olsztyn.pl\/wp-content\/uploads\/2022\/12\/PC010038-www-2.jpg 1024w\" sizes=\"auto, (max-width: 300px) 100vw, 300px\" \/><\/a><\/p>\n<p><strong>Cz\u0142onkowie Ko\u0142a Mi\u0142o\u015bnik\u00f3w Lasu i Militari\u00f3w LOK przy Akademii Trzeciego Wieku w Olsztynie s\u0105 lud\u017ami wielu zainteresowa\u0144. \u00a0Lubimy las, histori\u0119, strzelamy. S\u0105 w\u015br\u00f3d nas osoby, kt\u00f3re maluj\u0105, rze\u017abi\u0105, pszczelarze, dzia\u0142kowicze uprawiaj\u0105cy ciekawe ro\u015bliny, w tym i te egzotyczne. Uzdolnieni muzycznie \u015bpiewaj\u0105, inni zajmuj\u0105 si\u0119 r\u0119kodzie\u0142em tworz\u0105c prawdziwe cude\u0144ka, co by\u0142o wida\u0107 na wystawie, tradycyjnie przed Bo\u017cym Narodzeniem.<\/strong><\/p>\n<p><a href=\"https:\/\/www.milosnicylasu.olsztyn.pl\/wp-content\/uploads\/2022\/12\/PC010045-www.jpg\" data-rel=\"lightbox-image-1\" data-magnific_type=\"image\" data-rl_title=\"\" data-rl_caption=\"\" title=\"\"><img loading=\"lazy\" decoding=\"async\" class=\"size-medium wp-image-7597 alignright\" src=\"https:\/\/www.milosnicylasu.olsztyn.pl\/wp-content\/uploads\/2022\/12\/PC010045-www-300x225.jpg\" alt=\"\" width=\"300\" height=\"225\" srcset=\"https:\/\/www.milosnicylasu.olsztyn.pl\/wp-content\/uploads\/2022\/12\/PC010045-www-300x225.jpg 300w, https:\/\/www.milosnicylasu.olsztyn.pl\/wp-content\/uploads\/2022\/12\/PC010045-www-768x576.jpg 768w, https:\/\/www.milosnicylasu.olsztyn.pl\/wp-content\/uploads\/2022\/12\/PC010045-www.jpg 1024w\" sizes=\"auto, (max-width: 300px) 100vw, 300px\" \/><\/a><\/p>\n<p>&nbsp;<\/p>\n<p><strong>Pracujemy\u00a0 spo\u0142ecznie \u2013 \u00a0to te\u017c hobby.<\/strong><\/p>\n<p><strong>Bez takich hobbyst\u00f3w nie istnia\u0142o by \u017cadne stowarzyszenie, w tym i nasze Ko\u0142o. Istniejemy ju\u017c czternasty rok i w tym czasie na comiesi\u0119cznych spotkaniach w Regionalnej Dyrekcji Las\u00f3w Pa\u0144stwowych w Olsztynie go\u015bcili\u015bmy wielu ciekawych ludzi, w wi\u0119kszo\u015bci le\u015bnik\u00f3w, kt\u00f3rzy opr\u00f3cz swojego zawodu dzielili si\u0119 z nami te\u017c swoimi pasjami.<\/strong><\/p>\n<p><strong>1 grudnia 2022 roku odwiedzi\u0142 nas Pan Pawe\u0142 Sztremer le\u015bniczy z Nadle\u015bnictwa Kudypy, kt\u00f3ry przeni\u00f3s\u0142 nas w sw\u00f3j egzotyczny \u015bwiat \u2013 ptak\u00f3w z ca\u0142ego \u015bwiata. Wielu z nas nie przypuszcza\u0142o, \u017ce mo\u017cna mie\u0107 takie ciekawe hobby, Jeste\u015bmy zauroczeni wyk\u0142adem, podziwiamy wiedz\u0119 i dzi\u0119kujemy, \u017ce Pan Pawe\u0142 chcia\u0142 si\u0119 podzieli\u0107 z nami prze\u017cyciami, kt\u00f3re towarzysz\u0105 w czasie piel\u0119gnowania \u00a0egzotycznych ptak\u00f3w.<\/strong><\/p>\n<p><strong>\u00a0<\/strong><\/p>\n<p><a href=\"https:\/\/www.milosnicylasu.olsztyn.pl\/wp-content\/uploads\/2022\/12\/PC010042-www.jpg\" data-rel=\"lightbox-image-2\" data-magnific_type=\"image\" data-rl_title=\"\" data-rl_caption=\"\" title=\"\"><img loading=\"lazy\" decoding=\"async\" class=\"size-medium wp-image-7596 alignleft\" src=\"https:\/\/www.milosnicylasu.olsztyn.pl\/wp-content\/uploads\/2022\/12\/PC010042-www-300x225.jpg\" alt=\"\" width=\"300\" height=\"225\" srcset=\"https:\/\/www.milosnicylasu.olsztyn.pl\/wp-content\/uploads\/2022\/12\/PC010042-www-300x225.jpg 300w, https:\/\/www.milosnicylasu.olsztyn.pl\/wp-content\/uploads\/2022\/12\/PC010042-www-768x576.jpg 768w, https:\/\/www.milosnicylasu.olsztyn.pl\/wp-content\/uploads\/2022\/12\/PC010042-www.jpg 1024w\" sizes=\"auto, (max-width: 300px) 100vw, 300px\" \/><\/a><strong>Okazuje si\u0119, \u017ce hodowanie ptak\u00f3w w r\u00f3\u017cnych rejonach Polski jest dosy\u0107 popularne. Hodowla ptak\u00f3w ma bardzo wiele zalet niezale\u017cnie od tego, czy s\u0142u\u017cy hodowli domowej, czy te\u017c takiej na szerok\u0105 skal\u0119. Bez wzgl\u0119du na to, czy zale\u017cy nam na hodowli kanark\u00f3w, kt\u00f3re b\u0119d\u0105 s\u0142u\u017cy\u0142y jako skrzydlaci przyjaciele naszych dzieci, czy te\u017c zakupimy par\u0119 ba\u017cant\u00f3w po to, aby zdobi\u0142y ogr\u00f3d, rado\u015b\u0107 i satysfakcja z ich hodowli b\u0119dzie ogromna. Bez wzgl\u0119du na gatunek i ilo\u015b\u0107 ptak\u00f3w pami\u0119tajmy, \u017ce jest to olbrzymia odpowiedzialno\u015b\u0107 za \u017cywe istoty. Podchod\u017amy do hodowli odpowiedzialnie. Ptaki r\u00f3wnie\u017c czuj\u0105 i odbieraj\u0105 bod\u017ace z otoczenia. Wymagaj\u0105\u00a0 warunk\u00f3w, pracy, systematyczno\u015bci. \u00a0ale to hobby nie jest tanie, wi\u0119c potrzebne s\u0105 fundusze. Z wielkim zainteresowaniem ogl\u0105dali\u015bmy zdj\u0119cia, filmy z nagraniami g\u0142os\u00f3w ptak\u00f3w, s\u0142uchali\u015bmy o ich zwyczajach. Podziwiali\u015bmy jak \u017cona Pana Paw\u0142a karmi m\u0142ode ptaki, kt\u00f3re wymagaj\u0105 pokarmu co trzy godziny \u2013 tak\u017ce w nocy.<\/strong><\/p>\n<p><a href=\"https:\/\/www.milosnicylasu.olsztyn.pl\/wp-content\/uploads\/2022\/12\/PC010001-www.jpg\" data-rel=\"lightbox-image-3\" data-magnific_type=\"image\" data-rl_title=\"\" data-rl_caption=\"\" title=\"\"><img loading=\"lazy\" decoding=\"async\" class=\"size-medium wp-image-7601 alignright\" src=\"https:\/\/www.milosnicylasu.olsztyn.pl\/wp-content\/uploads\/2022\/12\/PC010001-www-300x225.jpg\" alt=\"\" width=\"300\" height=\"225\" srcset=\"https:\/\/www.milosnicylasu.olsztyn.pl\/wp-content\/uploads\/2022\/12\/PC010001-www-300x225.jpg 300w, https:\/\/www.milosnicylasu.olsztyn.pl\/wp-content\/uploads\/2022\/12\/PC010001-www-768x576.jpg 768w, https:\/\/www.milosnicylasu.olsztyn.pl\/wp-content\/uploads\/2022\/12\/PC010001-www.jpg 1024w\" sizes=\"auto, (max-width: 300px) 100vw, 300px\" \/><\/a><\/p>\n<p><strong>Ogl\u0105dali\u015bmy i s\u0142yszeli\u015bmy kukabury\u00a0 chichotliwe<\/strong><strong> &#8211; ogromnie ciekawy, bardzo spokojny ptak ale\u00a0 odzywaj\u0105cy si\u0119 o \u015bwicie g\u0142o\u015bnym \u015bmiechem, od kt\u00f3rego nosi nazw\u0119. <\/strong><\/p>\n<p>&nbsp;<\/p>\n<p><a href=\"https:\/\/www.milosnicylasu.olsztyn.pl\/wp-content\/uploads\/2022\/12\/PC030005-www.jpg\" data-rel=\"lightbox-image-4\" data-magnific_type=\"image\" data-rl_title=\"\" data-rl_caption=\"\" title=\"\"><img loading=\"lazy\" decoding=\"async\" class=\"size-medium wp-image-7602 alignleft\" src=\"https:\/\/www.milosnicylasu.olsztyn.pl\/wp-content\/uploads\/2022\/12\/PC030005-www-300x225.jpg\" alt=\"\" width=\"300\" height=\"225\" srcset=\"https:\/\/www.milosnicylasu.olsztyn.pl\/wp-content\/uploads\/2022\/12\/PC030005-www-300x225.jpg 300w, https:\/\/www.milosnicylasu.olsztyn.pl\/wp-content\/uploads\/2022\/12\/PC030005-www-768x576.jpg 768w, https:\/\/www.milosnicylasu.olsztyn.pl\/wp-content\/uploads\/2022\/12\/PC030005-www.jpg 1024w\" sizes=\"auto, (max-width: 300px) 100vw, 300px\" \/><\/a><\/p>\n<p><strong>Zauroczy\u0142y nas dostojne \u017curawie, szczeg\u00f3lnie \u017curaw koroniasty, kolorowe pawie. Wiele z tych kolorowych ptak\u00f3w mieszka w Afryce, ale te\u017c mamy w Polsce kolorowych przedstawicieli np. \u017co\u0142na, kraska, zimorodek, dudek.<\/strong><\/p>\n<p><strong>\u00a0<\/strong><strong>Oczywi\u015bcie w czasie wyk\u0142adu om\u00f3wionych zosta\u0142o mn\u00f3stwo innych ptak\u00f3w. Mamy nadziej\u0119, \u017ce zobaczymy je na \u017cywo, bo wprosili\u015bmy si\u0119 do Pa\u0144stwa Sztremer\u00f3w latem nast\u0119pnego roku. Jeszcze raz dzi\u0119kujemy za spotkanie i do zobaczenia.<\/strong><\/p>\n<p>&nbsp;<\/p>\n<p>&nbsp;<\/p>\n<p>&nbsp;<\/p>\n<p><a href=\"https:\/\/www.milosnicylasu.olsztyn.pl\/wp-content\/uploads\/2022\/12\/PC010046-www-scaled.jpg\" data-rel=\"lightbox-image-5\" data-magnific_type=\"image\" data-rl_title=\"\" data-rl_caption=\"\" title=\"\"><img loading=\"lazy\" decoding=\"async\" class=\"size-medium wp-image-7587 alignleft\" src=\"https:\/\/www.milosnicylasu.olsztyn.pl\/wp-content\/uploads\/2022\/12\/PC010046-www-225x300.jpg\" alt=\"\" width=\"225\" height=\"300\" srcset=\"https:\/\/www.milosnicylasu.olsztyn.pl\/wp-content\/uploads\/2022\/12\/PC010046-www-225x300.jpg 225w, https:\/\/www.milosnicylasu.olsztyn.pl\/wp-content\/uploads\/2022\/12\/PC010046-www-768x1024.jpg 768w, https:\/\/www.milosnicylasu.olsztyn.pl\/wp-content\/uploads\/2022\/12\/PC010046-www-1152x1536.jpg 1152w, https:\/\/www.milosnicylasu.olsztyn.pl\/wp-content\/uploads\/2022\/12\/PC010046-www-1536x2048.jpg 1536w, https:\/\/www.milosnicylasu.olsztyn.pl\/wp-content\/uploads\/2022\/12\/PC010046-www-scaled.jpg 1920w\" sizes=\"auto, (max-width: 225px) 100vw, 225px\" \/><\/a><\/p>\n<p><a href=\"https:\/\/www.milosnicylasu.olsztyn.pl\/wp-content\/uploads\/2022\/12\/PC010051-www.jpg\" data-rel=\"lightbox-image-6\" data-magnific_type=\"image\" data-rl_title=\"\" data-rl_caption=\"\" title=\"\"><img loading=\"lazy\" decoding=\"async\" class=\"size-medium wp-image-7586 alignright\" src=\"https:\/\/www.milosnicylasu.olsztyn.pl\/wp-content\/uploads\/2022\/12\/PC010051-www-300x225.jpg\" alt=\"\" width=\"300\" height=\"225\" srcset=\"https:\/\/www.milosnicylasu.olsztyn.pl\/wp-content\/uploads\/2022\/12\/PC010051-www-300x225.jpg 300w, https:\/\/www.milosnicylasu.olsztyn.pl\/wp-content\/uploads\/2022\/12\/PC010051-www-768x576.jpg 768w, https:\/\/www.milosnicylasu.olsztyn.pl\/wp-content\/uploads\/2022\/12\/PC010051-www.jpg 1024w\" sizes=\"auto, (max-width: 300px) 100vw, 300px\" \/><\/a><\/p>\n<p><strong>W cz\u0119\u015bci organizacyjnej zebrania prezes Anatol Leszczy\u0144ski wr\u0119czy\u0142 nagrody, medale za wiedz\u0119 w organizowanych konkursach,\u00a0 zawodach strzeleckich oraz statuetki za szczeg\u00f3lne zaanga\u017cowanie w organizacji wydarze\u0144 Ko\u0142a w ostatnim okresie. Przedstawi\u0142 plan pracy Ko\u0142a na grudzie\u0144 2022 roku.<\/strong><\/p>\n<p><a href=\"https:\/\/www.milosnicylasu.olsztyn.pl\/wp-content\/uploads\/2022\/12\/PC010061-www.jpg\" data-rel=\"lightbox-image-7\" data-magnific_type=\"image\" data-rl_title=\"\" data-rl_caption=\"\" title=\"\"><img loading=\"lazy\" decoding=\"async\" class=\"size-medium wp-image-7588\" src=\"https:\/\/www.milosnicylasu.olsztyn.pl\/wp-content\/uploads\/2022\/12\/PC010061-www-300x225.jpg\" alt=\"\" width=\"300\" height=\"225\" srcset=\"https:\/\/www.milosnicylasu.olsztyn.pl\/wp-content\/uploads\/2022\/12\/PC010061-www-300x225.jpg 300w, https:\/\/www.milosnicylasu.olsztyn.pl\/wp-content\/uploads\/2022\/12\/PC010061-www-768x576.jpg 768w, https:\/\/www.milosnicylasu.olsztyn.pl\/wp-content\/uploads\/2022\/12\/PC010061-www.jpg 1024w\" sizes=\"auto, (max-width: 300px) 100vw, 300px\" \/><\/a><\/p>\n<p><a href=\"https:\/\/www.milosnicylasu.olsztyn.pl\/wp-content\/uploads\/2022\/12\/PC010058-www.jpg\" data-rel=\"lightbox-image-8\" data-magnific_type=\"image\" data-rl_title=\"\" data-rl_caption=\"\" title=\"\"><img loading=\"lazy\" decoding=\"async\" class=\"size-medium wp-image-7591 aligncenter\" src=\"https:\/\/www.milosnicylasu.olsztyn.pl\/wp-content\/uploads\/2022\/12\/PC010058-www-300x225.jpg\" alt=\"\" width=\"300\" height=\"225\" srcset=\"https:\/\/www.milosnicylasu.olsztyn.pl\/wp-content\/uploads\/2022\/12\/PC010058-www-300x225.jpg 300w, https:\/\/www.milosnicylasu.olsztyn.pl\/wp-content\/uploads\/2022\/12\/PC010058-www-768x576.jpg 768w, https:\/\/www.milosnicylasu.olsztyn.pl\/wp-content\/uploads\/2022\/12\/PC010058-www.jpg 1024w\" sizes=\"auto, (max-width: 300px) 100vw, 300px\" \/><\/a><\/p>\n<p>&nbsp;<\/p>\n","protected":false},"excerpt":{"rendered":"<p>Cz\u0142onkowie Ko\u0142a Mi\u0142o\u015bnik\u00f3w Lasu i Militari\u00f3w LOK przy Akademii Trzeciego Wieku w Olsztynie s\u0105 lud\u017ami wielu zainteresowa\u0144. \u00a0Lubimy las, histori\u0119, strzelamy. S\u0105 w\u015br\u00f3d nas osoby, kt\u00f3re maluj\u0105, rze\u017abi\u0105, pszczelarze, dzia\u0142kowicze uprawiaj\u0105cy ciekawe ro\u015bliny, w tym i te egzotyczne. Uzdolnieni muzycznie \u015bpiewaj\u0105, inni zajmuj\u0105 si\u0119 r\u0119kodzie\u0142em tworz\u0105c prawdziwe cude\u0144ka, co by\u0142o wida\u0107 na wystawie, tradycyjnie przed [&hellip;]<\/p>\n","protected":false},"author":2,"featured_media":0,"comment_status":"open","ping_status":"open","sticky":false,"template":"","format":"standard","meta":{"footnotes":""},"categories":[1,9,15,6,3],"tags":[],"class_list":["post-7584","post","type-post","status-publish","format-standard","hentry","category-bez-kategorii","category-ciekawostki","category-komkurs","category-odznaczenia","category-zebrania"],"_links":{"self":[{"href":"https:\/\/www.milosnicylasu.olsztyn.pl\/index.php?rest_route=\/wp\/v2\/posts\/7584","targetHints":{"allow":["GET"]}}],"collection":[{"href":"https:\/\/www.milosnicylasu.olsztyn.pl\/index.php?rest_route=\/wp\/v2\/posts"}],"about":[{"href":"https:\/\/www.milosnicylasu.olsztyn.pl\/index.php?rest_route=\/wp\/v2\/types\/post"}],"author":[{"embeddable":true,"href":"https:\/\/www.milosnicylasu.olsztyn.pl\/index.php?rest_route=\/wp\/v2\/users\/2"}],"replies":[{"embeddable":true,"href":"https:\/\/www.milosnicylasu.olsztyn.pl\/index.php?rest_route=%2Fwp%2Fv2%2Fcomments&post=7584"}],"version-history":[{"count":11,"href":"https:\/\/www.milosnicylasu.olsztyn.pl\/index.php?rest_route=\/wp\/v2\/posts\/7584\/revisions"}],"predecessor-version":[{"id":7605,"href":"https:\/\/www.milosnicylasu.olsztyn.pl\/index.php?rest_route=\/wp\/v2\/posts\/7584\/revisions\/7605"}],"wp:attachment":[{"href":"https:\/\/www.milosnicylasu.olsztyn.pl\/index.php?rest_route=%2Fwp%2Fv2%2Fmedia&parent=7584"}],"wp:term":[{"taxonomy":"category","embeddable":true,"href":"https:\/\/www.milosnicylasu.olsztyn.pl\/index.php?rest_route=%2Fwp%2Fv2%2Fcategories&post=7584"},{"taxonomy":"post_tag","embeddable":true,"href":"https:\/\/www.milosnicylasu.olsztyn.pl\/index.php?rest_route=%2Fwp%2Fv2%2Ftags&post=7584"}],"curies":[{"name":"wp","href":"https:\/\/api.w.org\/{rel}","templated":true}]}}