{"id":7633,"date":"2022-12-19T09:15:27","date_gmt":"2022-12-19T08:15:27","guid":{"rendered":"https:\/\/www.milosnicylasu.olsztyn.pl\/?p=7633"},"modified":"2022-12-19T09:27:58","modified_gmt":"2022-12-19T08:27:58","slug":"koledowanie-prezesa","status":"publish","type":"post","link":"https:\/\/www.milosnicylasu.olsztyn.pl\/?p=7633","title":{"rendered":"Kol\u0119dowanie prezesa"},"content":{"rendered":"<p><a href=\"https:\/\/www.milosnicylasu.olsztyn.pl\/wp-content\/uploads\/2022\/12\/DSCN0158-www.jpg\" data-rel=\"lightbox-image-0\" data-magnific_type=\"image\" data-rl_title=\"\" data-rl_caption=\"\" title=\"\"><img loading=\"lazy\" decoding=\"async\" class=\"size-medium wp-image-7635 alignleft\" src=\"https:\/\/www.milosnicylasu.olsztyn.pl\/wp-content\/uploads\/2022\/12\/DSCN0158-www-300x225.jpg\" alt=\"\" width=\"300\" height=\"225\" srcset=\"https:\/\/www.milosnicylasu.olsztyn.pl\/wp-content\/uploads\/2022\/12\/DSCN0158-www-300x225.jpg 300w, https:\/\/www.milosnicylasu.olsztyn.pl\/wp-content\/uploads\/2022\/12\/DSCN0158-www-768x576.jpg 768w, https:\/\/www.milosnicylasu.olsztyn.pl\/wp-content\/uploads\/2022\/12\/DSCN0158-www.jpg 1024w\" sizes=\"auto, (max-width: 300px) 100vw, 300px\" \/><\/a>Jak ka\u017cdego roku, przed \u015awi\u0119tami, prezes Anatol Leszczy\u0144ski w imieniu cz\u0142onk\u00f3w Ko\u0142a Mi\u0142o\u015bnik\u00f3w Lasu i Militari\u00f3w LOK przy ATW w Olsztynie odwiedzi\u0142 naszych przyjaci\u00f3\u0142, kt\u00f3rzy nas na co dzie\u0144 wspieraj\u0105, pomagaj\u0105 w realizacji plan\u00f3w, zamierze\u0144 Ko\u0142a. Bez tego wsparcia nasza dzia\u0142alno\u015b\u0107 by\u0142aby bardzo ograniczona, wr\u0119cz niemo\u017cliwa. Dzi\u0119kujemy wszystkim bardzo serdecznie. Na pami\u0105tk\u0119 spotkania otrzymali figurki Miko\u0142aja. Jak okaza\u0142o si\u0119 takich os\u00f3b jest sporo i nie zawsze mo\u017cna by\u0142o spotka\u0107 si\u0119 za pierwszym razem, wi\u0119c kol\u0119dowanie trwa\u0142o dwa tygodnie.<\/p>\n<p><a href=\"https:\/\/www.milosnicylasu.olsztyn.pl\/wp-content\/uploads\/2022\/12\/PC180002-www.jpg\" data-rel=\"lightbox-image-1\" data-magnific_type=\"image\" data-rl_title=\"\" data-rl_caption=\"\" title=\"\"><img loading=\"lazy\" decoding=\"async\" class=\"size-medium wp-image-7637 alignright\" src=\"https:\/\/www.milosnicylasu.olsztyn.pl\/wp-content\/uploads\/2022\/12\/PC180002-www-300x225.jpg\" alt=\"\" width=\"300\" height=\"225\" srcset=\"https:\/\/www.milosnicylasu.olsztyn.pl\/wp-content\/uploads\/2022\/12\/PC180002-www-300x225.jpg 300w, https:\/\/www.milosnicylasu.olsztyn.pl\/wp-content\/uploads\/2022\/12\/PC180002-www-768x576.jpg 768w, https:\/\/www.milosnicylasu.olsztyn.pl\/wp-content\/uploads\/2022\/12\/PC180002-www.jpg 1024w\" sizes=\"auto, (max-width: 300px) 100vw, 300px\" \/><\/a><\/p>\n<p>Na pocz\u0105tku byli le\u015bnicy &#8211; pracownicy RDLP w Olsztynie \u2013Pan Adam Roczniak Naczelny Dyrektor i jego zast\u0119pcy Wojciech Matuszak, Sebastian Smoluk, informatycy Tomasz Ha\u0142adaj, pani od sali Bogumi\u0142a Kocimska, od edukacji Justyna Ha\u0142adaj, Pani Anna Zy\u015bk, Adam Pietrzak, Adam Siemakowicz, Arkadiusz Mrozowski, Nadle\u015bniczy Nadle\u015bnictwa Olsztyn Pan Pawe\u0142 Artych,\u00a0 Nadle\u015bnictwa Kudypy Mariusz Orzechowski, pracownicy Paulina Rutkowska, Wojciech D\u0105browski, Mariusz Dawidowicz, Pawe\u0142 Sztremer,\u00a0 nast\u0119pnie Dyrektor W-MOW LOK\u00a0 w Olsztynie Andrzej Zuba i Pani Bo\u017cena Parzych, Pan Tomasz Kicowski prezes Firmy Kappa, dzi\u0119ki kt\u00f3rej dzia\u0142a nasza strona internetowa, Kierownik Muzeum Przyrody Pan Marian Szymkiewicz, kt\u00f3ry zaprasza nas na ciekawe spotkania w Muzeum i jest jednym z najbardziej oczekiwanych wyk\u0142adowc\u00f3w na naszych spotkaniach czwartkowych.<\/p>\n<p>Dzi\u0119kujemy wymienionym wy\u017cej, jak te\u017c wszystkim wyk\u0142adowcom comiesi\u0119cznych wyk\u0142ad\u00f3w.<\/p>\n<p>&nbsp;<\/p>\n<p>&nbsp;<\/p>\n<p>&nbsp;<\/p>\n","protected":false},"excerpt":{"rendered":"<p>Jak ka\u017cdego roku, przed \u015awi\u0119tami, prezes Anatol Leszczy\u0144ski w imieniu cz\u0142onk\u00f3w Ko\u0142a Mi\u0142o\u015bnik\u00f3w Lasu i Militari\u00f3w LOK przy ATW w Olsztynie odwiedzi\u0142 naszych przyjaci\u00f3\u0142, kt\u00f3rzy nas na co dzie\u0144 wspieraj\u0105, pomagaj\u0105 w realizacji plan\u00f3w, zamierze\u0144 Ko\u0142a. Bez tego wsparcia nasza dzia\u0142alno\u015b\u0107 by\u0142aby bardzo ograniczona, wr\u0119cz niemo\u017cliwa. Dzi\u0119kujemy wszystkim bardzo serdecznie. Na pami\u0105tk\u0119 spotkania otrzymali figurki [&hellip;]<\/p>\n","protected":false},"author":2,"featured_media":0,"comment_status":"open","ping_status":"open","sticky":false,"template":"","format":"standard","meta":{"footnotes":""},"categories":[1,9,17,3],"tags":[],"class_list":["post-7633","post","type-post","status-publish","format-standard","hentry","category-bez-kategorii","category-ciekawostki","category-edukacja-w-terenie","category-zebrania"],"_links":{"self":[{"href":"https:\/\/www.milosnicylasu.olsztyn.pl\/index.php?rest_route=\/wp\/v2\/posts\/7633","targetHints":{"allow":["GET"]}}],"collection":[{"href":"https:\/\/www.milosnicylasu.olsztyn.pl\/index.php?rest_route=\/wp\/v2\/posts"}],"about":[{"href":"https:\/\/www.milosnicylasu.olsztyn.pl\/index.php?rest_route=\/wp\/v2\/types\/post"}],"author":[{"embeddable":true,"href":"https:\/\/www.milosnicylasu.olsztyn.pl\/index.php?rest_route=\/wp\/v2\/users\/2"}],"replies":[{"embeddable":true,"href":"https:\/\/www.milosnicylasu.olsztyn.pl\/index.php?rest_route=%2Fwp%2Fv2%2Fcomments&post=7633"}],"version-history":[{"count":5,"href":"https:\/\/www.milosnicylasu.olsztyn.pl\/index.php?rest_route=\/wp\/v2\/posts\/7633\/revisions"}],"predecessor-version":[{"id":7640,"href":"https:\/\/www.milosnicylasu.olsztyn.pl\/index.php?rest_route=\/wp\/v2\/posts\/7633\/revisions\/7640"}],"wp:attachment":[{"href":"https:\/\/www.milosnicylasu.olsztyn.pl\/index.php?rest_route=%2Fwp%2Fv2%2Fmedia&parent=7633"}],"wp:term":[{"taxonomy":"category","embeddable":true,"href":"https:\/\/www.milosnicylasu.olsztyn.pl\/index.php?rest_route=%2Fwp%2Fv2%2Fcategories&post=7633"},{"taxonomy":"post_tag","embeddable":true,"href":"https:\/\/www.milosnicylasu.olsztyn.pl\/index.php?rest_route=%2Fwp%2Fv2%2Ftags&post=7633"}],"curies":[{"name":"wp","href":"https:\/\/api.w.org\/{rel}","templated":true}]}}