{"id":7641,"date":"2022-12-21T06:24:43","date_gmt":"2022-12-21T05:24:43","guid":{"rendered":"https:\/\/www.milosnicylasu.olsztyn.pl\/?p=7641"},"modified":"2022-12-21T06:42:30","modified_gmt":"2022-12-21T05:42:30","slug":"sledzimy-sloneczko","status":"publish","type":"post","link":"https:\/\/www.milosnicylasu.olsztyn.pl\/?p=7641","title":{"rendered":"\u015aledzimy s\u0142oneczko&#8230;&#8230;&#8230;.."},"content":{"rendered":"<p><a href=\"https:\/\/www.milosnicylasu.olsztyn.pl\/wp-content\/uploads\/2022\/12\/1671353701515-www.jpg\" data-rel=\"lightbox-image-0\" data-magnific_type=\"image\" data-rl_title=\"\" data-rl_caption=\"\" title=\"\"><img loading=\"lazy\" decoding=\"async\" class=\"size-medium wp-image-7642 alignleft\" src=\"https:\/\/www.milosnicylasu.olsztyn.pl\/wp-content\/uploads\/2022\/12\/1671353701515-www-300x169.jpg\" alt=\"\" width=\"300\" height=\"169\" srcset=\"https:\/\/www.milosnicylasu.olsztyn.pl\/wp-content\/uploads\/2022\/12\/1671353701515-www-300x169.jpg 300w, https:\/\/www.milosnicylasu.olsztyn.pl\/wp-content\/uploads\/2022\/12\/1671353701515-www-768x432.jpg 768w, https:\/\/www.milosnicylasu.olsztyn.pl\/wp-content\/uploads\/2022\/12\/1671353701515-www-730x410.jpg 730w, https:\/\/www.milosnicylasu.olsztyn.pl\/wp-content\/uploads\/2022\/12\/1671353701515-www.jpg 1024w\" sizes=\"auto, (max-width: 300px) 100vw, 300px\" \/><\/a> <strong>Podobno s\u0142o\u0144ce wschodzi nad Jarotami. Wyk\u0105pa\u0142o si\u0119 w rzece Wad\u0105g i czy\u015bciutkie na \u015awi\u0119ta b\u0119dzie \u015bwieci\u0107 nad miastem? Prognozy pogody tego nie zapowiadaj\u0105, ale mo\u017ce? Oby&#8230;.. Co wiemy na pewno, to \u017ce nie b\u0119dzie na razie tak pi\u0119knie&#8230;&#8230;&#8230;..<\/strong><\/p>\n<p><strong>Dzi\u0119kujemy Danusi za zdj\u0119cie.<\/strong><\/p>\n<p><strong>A Tolek wy\u015bledzi\u0142 s\u0142oneczko, kt\u00f3re&#8230;&#8230;.udaje gwiazdk\u0119 betlejemsk\u0105 ?<br \/>\n<\/strong><\/p>\n<p><a href=\"https:\/\/www.milosnicylasu.olsztyn.pl\/wp-content\/uploads\/2022\/12\/PC140015-www.jpg\" data-rel=\"lightbox-image-1\" data-magnific_type=\"image\" data-rl_title=\"\" data-rl_caption=\"\" title=\"\"><img loading=\"lazy\" decoding=\"async\" class=\"size-medium wp-image-7646\" src=\"https:\/\/www.milosnicylasu.olsztyn.pl\/wp-content\/uploads\/2022\/12\/PC140015-www-225x300.jpg\" alt=\"\" width=\"225\" height=\"300\" srcset=\"https:\/\/www.milosnicylasu.olsztyn.pl\/wp-content\/uploads\/2022\/12\/PC140015-www-225x300.jpg 225w, https:\/\/www.milosnicylasu.olsztyn.pl\/wp-content\/uploads\/2022\/12\/PC140015-www.jpg 768w\" sizes=\"auto, (max-width: 225px) 100vw, 225px\" \/><\/a><\/p>\n","protected":false},"excerpt":{"rendered":"<p>Podobno s\u0142o\u0144ce wschodzi nad Jarotami. Wyk\u0105pa\u0142o si\u0119 w rzece Wad\u0105g i czy\u015bciutkie na \u015awi\u0119ta b\u0119dzie \u015bwieci\u0107 nad miastem? Prognozy pogody tego nie zapowiadaj\u0105, ale mo\u017ce? Oby&#8230;.. Co wiemy na pewno, to \u017ce nie b\u0119dzie na razie tak pi\u0119knie&#8230;&#8230;&#8230;.. Dzi\u0119kujemy Danusi za zdj\u0119cie. A Tolek wy\u015bledzi\u0142 s\u0142oneczko, kt\u00f3re&#8230;&#8230;.udaje gwiazdk\u0119 betlejemsk\u0105 ?<\/p>\n","protected":false},"author":2,"featured_media":0,"comment_status":"open","ping_status":"open","sticky":false,"template":"","format":"standard","meta":{"footnotes":""},"categories":[1,9],"tags":[],"class_list":["post-7641","post","type-post","status-publish","format-standard","hentry","category-bez-kategorii","category-ciekawostki"],"_links":{"self":[{"href":"https:\/\/www.milosnicylasu.olsztyn.pl\/index.php?rest_route=\/wp\/v2\/posts\/7641","targetHints":{"allow":["GET"]}}],"collection":[{"href":"https:\/\/www.milosnicylasu.olsztyn.pl\/index.php?rest_route=\/wp\/v2\/posts"}],"about":[{"href":"https:\/\/www.milosnicylasu.olsztyn.pl\/index.php?rest_route=\/wp\/v2\/types\/post"}],"author":[{"embeddable":true,"href":"https:\/\/www.milosnicylasu.olsztyn.pl\/index.php?rest_route=\/wp\/v2\/users\/2"}],"replies":[{"embeddable":true,"href":"https:\/\/www.milosnicylasu.olsztyn.pl\/index.php?rest_route=%2Fwp%2Fv2%2Fcomments&post=7641"}],"version-history":[{"count":6,"href":"https:\/\/www.milosnicylasu.olsztyn.pl\/index.php?rest_route=\/wp\/v2\/posts\/7641\/revisions"}],"predecessor-version":[{"id":7649,"href":"https:\/\/www.milosnicylasu.olsztyn.pl\/index.php?rest_route=\/wp\/v2\/posts\/7641\/revisions\/7649"}],"wp:attachment":[{"href":"https:\/\/www.milosnicylasu.olsztyn.pl\/index.php?rest_route=%2Fwp%2Fv2%2Fmedia&parent=7641"}],"wp:term":[{"taxonomy":"category","embeddable":true,"href":"https:\/\/www.milosnicylasu.olsztyn.pl\/index.php?rest_route=%2Fwp%2Fv2%2Fcategories&post=7641"},{"taxonomy":"post_tag","embeddable":true,"href":"https:\/\/www.milosnicylasu.olsztyn.pl\/index.php?rest_route=%2Fwp%2Fv2%2Ftags&post=7641"}],"curies":[{"name":"wp","href":"https:\/\/api.w.org\/{rel}","templated":true}]}}