{"id":7662,"date":"2022-12-26T06:55:30","date_gmt":"2022-12-26T05:55:30","guid":{"rendered":"https:\/\/www.milosnicylasu.olsztyn.pl\/?p=7662"},"modified":"2022-12-26T07:02:00","modified_gmt":"2022-12-26T06:02:00","slug":"szopka-na-boze-narodzenie","status":"publish","type":"post","link":"https:\/\/www.milosnicylasu.olsztyn.pl\/?p=7662","title":{"rendered":"Szopka na Bo\u017ce Narodzenie"},"content":{"rendered":"<p><strong>Obchodzimy \u015awi\u0119ta Bo\u017cego Narodzenia. Spotykamy si\u0119 w gronie najbli\u017cszych, sp\u0119dzaj\u0105c wsp\u00f3lnie wyj\u0105tkowy czas. Cz\u0119\u015bci\u0105 tradycji towarzysz\u0105cej tym dniom jest odwiedzanie szopek z inscenizacj\u0105 narodzin Jezusa.<\/strong><\/p>\n<p><strong>Historycy szacuj\u0105, \u017ce pierwsza szopka si\u0119ga tradycj\u0105 pocz\u0105tk\u00f3w chrze\u015bcija\u0144stwa i ma zwi\u0105zek z cesarzow\u0105 Helen\u0105, kt\u00f3ra w IV wieku n.e. nakaza\u0142a zbudowanie w betlejemskiej grocie marmurowego \u017c\u0142\u00f3bka symbolizuj\u0105cego narodziny Dzieci\u0105tka Jezus. Z czasem do \u017c\u0142\u00f3bka dodano figury \u015bwi\u0119tej rodziny i\u00a0pasterzy.<\/strong><br \/>\n<strong>Natomiast \u017cyw\u0105 szopk\u0119 bo\u017conarodzeniow\u0105 wystawiono po raz pierwszy w wigili\u0119 1223 roku. I zawdzi\u0119czamy to \u015bw. Franciszkowi z Asy\u017cu. Wprowadzaj\u0105c do szopki \u017cywego wo\u0142a i os\u0142a chcia\u0142 on w ten spos\u00f3b przybli\u017cy\u0107 zgromadzonym wie\u015bniakom tajemnic\u0119 narodzin Chrystusa.<\/strong><\/p>\n<p><strong>25 grudnia odwiedzili\u015bmy dwa ko\u015bcio\u0142y w Olsztynie. Ko\u015bci\u00f3\u0142 Franciszkan\u00f3w przy ulicy Wyspia\u0144skiego i ko\u015bci\u00f3\u0142 \u015aw. J\u00f3zefa przy ulicy Jagiello\u0144skiej. Obie szopki s\u0105 pi\u0119kne, ale jak\u017ce r\u00f3\u017cne. Szczeg\u00f3lnie ta pierwsza &#8230;&#8230;<\/strong><\/p>\n<p><a href=\"https:\/\/www.milosnicylasu.olsztyn.pl\/wp-content\/uploads\/2022\/12\/PC250006-www.jpg\" data-rel=\"lightbox-image-0\" data-magnific_type=\"image\" data-rl_title=\"\" data-rl_caption=\"\" title=\"\"><img loading=\"lazy\" decoding=\"async\" class=\"size-medium wp-image-7663\" src=\"https:\/\/www.milosnicylasu.olsztyn.pl\/wp-content\/uploads\/2022\/12\/PC250006-www-300x225.jpg\" alt=\"\" width=\"300\" height=\"225\" srcset=\"https:\/\/www.milosnicylasu.olsztyn.pl\/wp-content\/uploads\/2022\/12\/PC250006-www-300x225.jpg 300w, https:\/\/www.milosnicylasu.olsztyn.pl\/wp-content\/uploads\/2022\/12\/PC250006-www-768x576.jpg 768w, https:\/\/www.milosnicylasu.olsztyn.pl\/wp-content\/uploads\/2022\/12\/PC250006-www.jpg 1024w\" sizes=\"auto, (max-width: 300px) 100vw, 300px\" \/><\/a><\/p>\n<p><strong>Od dzieci\u0144stwa pami\u0119tam, \u017ce\u00a0 w\u0142a\u015bnie t\u0119 szopk\u0119 trzeba by\u0142o koniecznie\u00a0 zobaczy\u0107. By\u0142a ona najwi\u0119ksza, najbogatsza, przedstawiaj\u0105ca najwi\u0119cej sytuacji, najwi\u0119cej figurek &#8230;&#8230;&#8230;&#8230; My\u015bl\u0119, \u017ce dzisiaj jest podobnie, ale to sprawdzimy przy odwiedzeniu nast\u0119pnych ko\u015bcio\u0142\u00f3w w Olsztynie i&#8230;..okolicy.\u00a0\u00a0\u00a0\u00a0\u00a0\u00a0\u00a0\u00a0\u00a0\u00a0\u00a0\u00a0\u00a0<\/strong><\/p>\n<p><strong> Zdj\u0119cia szopek &#8211; Anatol Leszczy\u0144ski<br \/>\n<\/strong><\/p>\n<p><a href=\"https:\/\/www.milosnicylasu.olsztyn.pl\/wp-content\/uploads\/2022\/12\/PC250022-www.jpg\" data-rel=\"lightbox-image-1\" data-magnific_type=\"image\" data-rl_title=\"\" data-rl_caption=\"\" title=\"\"><img loading=\"lazy\" decoding=\"async\" class=\"size-medium wp-image-7665 aligncenter\" src=\"https:\/\/www.milosnicylasu.olsztyn.pl\/wp-content\/uploads\/2022\/12\/PC250022-www-300x225.jpg\" alt=\"\" width=\"300\" height=\"225\" srcset=\"https:\/\/www.milosnicylasu.olsztyn.pl\/wp-content\/uploads\/2022\/12\/PC250022-www-300x225.jpg 300w, https:\/\/www.milosnicylasu.olsztyn.pl\/wp-content\/uploads\/2022\/12\/PC250022-www-768x576.jpg 768w, https:\/\/www.milosnicylasu.olsztyn.pl\/wp-content\/uploads\/2022\/12\/PC250022-www.jpg 1024w\" sizes=\"auto, (max-width: 300px) 100vw, 300px\" \/><\/a><\/p>\n","protected":false},"excerpt":{"rendered":"<p>Obchodzimy \u015awi\u0119ta Bo\u017cego Narodzenia. Spotykamy si\u0119 w gronie najbli\u017cszych, sp\u0119dzaj\u0105c wsp\u00f3lnie wyj\u0105tkowy czas. Cz\u0119\u015bci\u0105 tradycji towarzysz\u0105cej tym dniom jest odwiedzanie szopek z inscenizacj\u0105 narodzin Jezusa. Historycy szacuj\u0105, \u017ce pierwsza szopka si\u0119ga tradycj\u0105 pocz\u0105tk\u00f3w chrze\u015bcija\u0144stwa i ma zwi\u0105zek z cesarzow\u0105 Helen\u0105, kt\u00f3ra w IV wieku n.e. nakaza\u0142a zbudowanie w betlejemskiej grocie marmurowego \u017c\u0142\u00f3bka symbolizuj\u0105cego narodziny Dzieci\u0105tka [&hellip;]<\/p>\n","protected":false},"author":2,"featured_media":0,"comment_status":"open","ping_status":"open","sticky":false,"template":"","format":"standard","meta":{"footnotes":""},"categories":[1],"tags":[],"class_list":["post-7662","post","type-post","status-publish","format-standard","hentry","category-bez-kategorii"],"_links":{"self":[{"href":"https:\/\/www.milosnicylasu.olsztyn.pl\/index.php?rest_route=\/wp\/v2\/posts\/7662","targetHints":{"allow":["GET"]}}],"collection":[{"href":"https:\/\/www.milosnicylasu.olsztyn.pl\/index.php?rest_route=\/wp\/v2\/posts"}],"about":[{"href":"https:\/\/www.milosnicylasu.olsztyn.pl\/index.php?rest_route=\/wp\/v2\/types\/post"}],"author":[{"embeddable":true,"href":"https:\/\/www.milosnicylasu.olsztyn.pl\/index.php?rest_route=\/wp\/v2\/users\/2"}],"replies":[{"embeddable":true,"href":"https:\/\/www.milosnicylasu.olsztyn.pl\/index.php?rest_route=%2Fwp%2Fv2%2Fcomments&post=7662"}],"version-history":[{"count":5,"href":"https:\/\/www.milosnicylasu.olsztyn.pl\/index.php?rest_route=\/wp\/v2\/posts\/7662\/revisions"}],"predecessor-version":[{"id":7670,"href":"https:\/\/www.milosnicylasu.olsztyn.pl\/index.php?rest_route=\/wp\/v2\/posts\/7662\/revisions\/7670"}],"wp:attachment":[{"href":"https:\/\/www.milosnicylasu.olsztyn.pl\/index.php?rest_route=%2Fwp%2Fv2%2Fmedia&parent=7662"}],"wp:term":[{"taxonomy":"category","embeddable":true,"href":"https:\/\/www.milosnicylasu.olsztyn.pl\/index.php?rest_route=%2Fwp%2Fv2%2Fcategories&post=7662"},{"taxonomy":"post_tag","embeddable":true,"href":"https:\/\/www.milosnicylasu.olsztyn.pl\/index.php?rest_route=%2Fwp%2Fv2%2Ftags&post=7662"}],"curies":[{"name":"wp","href":"https:\/\/api.w.org\/{rel}","templated":true}]}}