{"id":7697,"date":"2022-12-31T22:51:19","date_gmt":"2022-12-31T21:51:19","guid":{"rendered":"https:\/\/www.milosnicylasu.olsztyn.pl\/?p=7697"},"modified":"2022-12-31T22:57:09","modified_gmt":"2022-12-31T21:57:09","slug":"sylwester-2022-2023","status":"publish","type":"post","link":"https:\/\/www.milosnicylasu.olsztyn.pl\/?p=7697","title":{"rendered":"Sylwester 2022\/2023"},"content":{"rendered":"<p><a href=\"https:\/\/www.milosnicylasu.olsztyn.pl\/wp-content\/uploads\/2022\/12\/DSCN0211-www.jpg\" data-rel=\"lightbox-image-0\" data-magnific_type=\"image\" data-rl_title=\"\" data-rl_caption=\"\" title=\"\"><img loading=\"lazy\" decoding=\"async\" class=\"size-medium wp-image-7698 alignleft\" src=\"https:\/\/www.milosnicylasu.olsztyn.pl\/wp-content\/uploads\/2022\/12\/DSCN0211-www-300x225.jpg\" alt=\"\" width=\"300\" height=\"225\" srcset=\"https:\/\/www.milosnicylasu.olsztyn.pl\/wp-content\/uploads\/2022\/12\/DSCN0211-www-300x225.jpg 300w, https:\/\/www.milosnicylasu.olsztyn.pl\/wp-content\/uploads\/2022\/12\/DSCN0211-www-768x576.jpg 768w, https:\/\/www.milosnicylasu.olsztyn.pl\/wp-content\/uploads\/2022\/12\/DSCN0211-www.jpg 1024w\" sizes=\"auto, (max-width: 300px) 100vw, 300px\" \/><\/a><strong>Chyba to ju\u017c tradycja&#8230;.. cz\u0142onkowie Ko\u0142a Mi\u0142o\u015bnik\u00f3w Lasu i Militari\u00f3w LOK przy ATW w Olsztynie obchodz\u0105 Sylwestra &#8230;&#8230;w lesie. Przez kilka lat \u015bwi\u0119towali\u015bmy w siedzibie LOK w Olsztynie &#8211; by\u0142y ta\u0144ce, kreacje no i sylwestrowe zawody strzeleckie. A od wielu lat\u00a0 inna sceneria : las, rozlewiska, nasza ulubiona wiata w Le\u015bnictwie Stary Dw\u00f3r, zamiast tarczy kolorowe balony, pal\u0105ce si\u0119 ognisko. Jedno co si\u0119 nie zmienia to sympatyczna atmosfera.<\/strong> <a href=\"https:\/\/www.milosnicylasu.olsztyn.pl\/wp-content\/uploads\/2022\/12\/DSCN0206-www.jpg\" data-rel=\"lightbox-image-1\" data-magnific_type=\"image\" data-rl_title=\"\" data-rl_caption=\"\" title=\"\"><img loading=\"lazy\" decoding=\"async\" class=\"size-medium wp-image-7699 alignright\" src=\"https:\/\/www.milosnicylasu.olsztyn.pl\/wp-content\/uploads\/2022\/12\/DSCN0206-www-300x225.jpg\" alt=\"\" width=\"300\" height=\"225\" srcset=\"https:\/\/www.milosnicylasu.olsztyn.pl\/wp-content\/uploads\/2022\/12\/DSCN0206-www-300x225.jpg 300w, https:\/\/www.milosnicylasu.olsztyn.pl\/wp-content\/uploads\/2022\/12\/DSCN0206-www-768x576.jpg 768w, https:\/\/www.milosnicylasu.olsztyn.pl\/wp-content\/uploads\/2022\/12\/DSCN0206-www.jpg 1024w\" sizes=\"auto, (max-width: 300px) 100vw, 300px\" \/><\/a><\/p>\n<p>&nbsp;<\/p>\n<p><strong>Sylwester \u2013 sk\u0105d wzi\u0105\u0142 si\u0119 zwyczaj \u015bwi\u0119towania?<\/strong><\/p>\n<p><strong>Zwyczaj hucznej zabawy z nocy 31 grudnia na 1 stycznia, w celu po\u017cegnania starego i przywitania Nowego Roku znany jest od wiek\u00f3w. Tradycj\u0105 jest huczne \u015bwi\u0119towanie niemal na ca\u0142ym \u015bwiecie, kt\u00f3remu towarzysz\u0105 liczne toasty, bale, zabawy oraz pokaz fajerwerk\u00f3w. Dlaczego sylwester wypada 31 grudnia i sk\u0105d wzi\u0119\u0142a si\u0119 tradycja \u015bwi\u0119towania?<\/strong><\/p>\n<p><strong>S\u0142owo \u201eSylwester\u201d wywodzi si\u0119 z j\u0119zyka \u0142aci\u0144skiego, gdzie imi\u0119 \u201eSilvestris\u201d okre\u015bla\u0142o cz\u0142owieka dzikiego, mieszkaj\u0105cego w lesie. Tradycje \u015bwi\u0119towania odnosi si\u0119 jednak do czas\u00f3w antycznych i cz\u0119sto por\u00f3wnywana jest do greckich Dionizji \u2013 obchod\u00f3w ku czci Dionizosa, boga winnej latoro\u015bli. Symbolem nowego roku dla Grek\u00f3w by\u0142o w\u00f3wczas ma\u0142e dziecko jako znak nowego pocz\u0105tku.<\/strong><\/p>\n<p><strong>Pocz\u0105tek obchod\u00f3w datuje si\u0119 na rok 999, za czas\u00f3w panowania papie\u017ca Sylwestra II. Wed\u0142ug proroctw wr\u00f3\u017cki Sybilli, w roku 1000 mia\u0142 nast\u0105pi\u0107 koniec \u015bwiata. Jego sprawc\u0105 mia\u0142 by\u0107 smok Lewiatan. Tak si\u0119 jednak nie sta\u0142o. Uradowani ludzie zacz\u0119li si\u0119 bawi\u0107 i \u015bwi\u0119towa\u0107, co da\u0142o pocz\u0105tek dzisiejszym zabawom.<\/strong><\/p>\n<p><strong>W Polsce obrz\u0119dy sylwestrowe pojawi\u0142y si\u0119 dopiero w XIX wieku. Przyby\u0142y one z Europy Zachodniej. Pocz\u0105tkowo \u015bwi\u0119towa\u0142y jedynie bogatsze warstwy spo\u0142ecze\u0144stwa. Arystokracja wita\u0142a nowy rok toastem Tokaja. Ziemianie natomiast polowali, strzelali z bat\u00f3w na szcz\u0119\u015bcie, sk\u0142adali \u017cyczenia i ucztowali w gronie rodziny. W dzisiejszych czasach sylwester wszystkim kojarzy si\u0119 zupe\u0142nie z zabaw\u0105, szampanem, hucznymi przyj\u0119ciami i g\u0142o\u015bn\u0105 muzyk\u0105.<\/strong><\/p>\n<p><strong>Tradycyjnie jako pierwsi sylwestra b\u0119d\u0105 obchodzi\u0107 mieszka\u0144cy Republiki Kiribati, po\u0142o\u017conej w centralnej cz\u0119\u015bci Oceanu Spokojnego. Stanie si\u0119 to o godzinie 11 polskiego czasu. Nast\u0119pnie nowy rok zawita to Australii (14), Japonii (16), Chin (17), Rosji (22), Polski (00), Anglii (1), Brazylii (3), USA, Nowy Jork (6), USA, Los Angeles (9), Hawaje (11).<\/strong><\/p>\n<p>&nbsp;<\/p>\n","protected":false},"excerpt":{"rendered":"<p>Chyba to ju\u017c tradycja&#8230;.. cz\u0142onkowie Ko\u0142a Mi\u0142o\u015bnik\u00f3w Lasu i Militari\u00f3w LOK przy ATW w Olsztynie obchodz\u0105 Sylwestra &#8230;&#8230;w lesie. Przez kilka lat \u015bwi\u0119towali\u015bmy w siedzibie LOK w Olsztynie &#8211; by\u0142y ta\u0144ce, kreacje no i sylwestrowe zawody strzeleckie. A od wielu lat\u00a0 inna sceneria : las, rozlewiska, nasza ulubiona wiata w Le\u015bnictwie Stary Dw\u00f3r, zamiast tarczy [&hellip;]<\/p>\n","protected":false},"author":2,"featured_media":0,"comment_status":"open","ping_status":"open","sticky":false,"template":"","format":"standard","meta":{"footnotes":""},"categories":[1,9,17,2,8],"tags":[],"class_list":["post-7697","post","type-post","status-publish","format-standard","hentry","category-bez-kategorii","category-ciekawostki","category-edukacja-w-terenie","category-rajdy","category-zawody-strzeleckie"],"_links":{"self":[{"href":"https:\/\/www.milosnicylasu.olsztyn.pl\/index.php?rest_route=\/wp\/v2\/posts\/7697","targetHints":{"allow":["GET"]}}],"collection":[{"href":"https:\/\/www.milosnicylasu.olsztyn.pl\/index.php?rest_route=\/wp\/v2\/posts"}],"about":[{"href":"https:\/\/www.milosnicylasu.olsztyn.pl\/index.php?rest_route=\/wp\/v2\/types\/post"}],"author":[{"embeddable":true,"href":"https:\/\/www.milosnicylasu.olsztyn.pl\/index.php?rest_route=\/wp\/v2\/users\/2"}],"replies":[{"embeddable":true,"href":"https:\/\/www.milosnicylasu.olsztyn.pl\/index.php?rest_route=%2Fwp%2Fv2%2Fcomments&post=7697"}],"version-history":[{"count":2,"href":"https:\/\/www.milosnicylasu.olsztyn.pl\/index.php?rest_route=\/wp\/v2\/posts\/7697\/revisions"}],"predecessor-version":[{"id":7701,"href":"https:\/\/www.milosnicylasu.olsztyn.pl\/index.php?rest_route=\/wp\/v2\/posts\/7697\/revisions\/7701"}],"wp:attachment":[{"href":"https:\/\/www.milosnicylasu.olsztyn.pl\/index.php?rest_route=%2Fwp%2Fv2%2Fmedia&parent=7697"}],"wp:term":[{"taxonomy":"category","embeddable":true,"href":"https:\/\/www.milosnicylasu.olsztyn.pl\/index.php?rest_route=%2Fwp%2Fv2%2Fcategories&post=7697"},{"taxonomy":"post_tag","embeddable":true,"href":"https:\/\/www.milosnicylasu.olsztyn.pl\/index.php?rest_route=%2Fwp%2Fv2%2Ftags&post=7697"}],"curies":[{"name":"wp","href":"https:\/\/api.w.org\/{rel}","templated":true}]}}