{"id":7704,"date":"2023-01-09T18:51:12","date_gmt":"2023-01-09T17:51:12","guid":{"rendered":"https:\/\/www.milosnicylasu.olsztyn.pl\/?p=7704"},"modified":"2023-01-09T19:01:05","modified_gmt":"2023-01-09T18:01:05","slug":"7704","status":"publish","type":"post","link":"https:\/\/www.milosnicylasu.olsztyn.pl\/?p=7704","title":{"rendered":"Rok 2022 &#8211; si\u0119 dzia\u0142o"},"content":{"rendered":"<p><strong>5 stycznia 2023 roku odby\u0142o si\u0119 pierwsze w tym roku czwartkowe \u00a0spotkanie Ko\u0142a Mi\u0142o\u015bnik\u00f3w Lasu i Militari\u00f3w LOK \u00a0przy ATW w Olsztynie. By\u0142a to doskona\u0142a okazja do podsumowania przez prezesa Ko\u0142a Anatola Leszczy\u0144skiego naszej dzia\u0142alno\u015bci w roku poprzednim. <\/strong><\/p>\n<p><a href=\"https:\/\/www.milosnicylasu.olsztyn.pl\/wp-content\/uploads\/2022\/10\/PA060011-www.jpg\" data-rel=\"lightbox-image-0\" data-magnific_type=\"image\" data-rl_title=\"\" data-rl_caption=\"\" title=\"\"><img loading=\"lazy\" decoding=\"async\" class=\"size-medium wp-image-7365 alignleft\" src=\"https:\/\/www.milosnicylasu.olsztyn.pl\/wp-content\/uploads\/2022\/10\/PA060011-www-300x225.jpg\" alt=\"\" width=\"300\" height=\"225\" srcset=\"https:\/\/www.milosnicylasu.olsztyn.pl\/wp-content\/uploads\/2022\/10\/PA060011-www-300x225.jpg 300w, https:\/\/www.milosnicylasu.olsztyn.pl\/wp-content\/uploads\/2022\/10\/PA060011-www-768x576.jpg 768w, https:\/\/www.milosnicylasu.olsztyn.pl\/wp-content\/uploads\/2022\/10\/PA060011-www.jpg 1024w\" sizes=\"auto, (max-width: 300px) 100vw, 300px\" \/><\/a><\/p>\n<p><strong>\u00a0Z uwagi na panuj\u0105c\u0105 jeszcze na pocz\u0105tku roku pandemi\u0119, realizacj\u0119 planu pracy rozpocz\u0119li\u015bmy z op\u00f3\u017anieniem, w tym te\u017c comiesi\u0119czn\u0105 edukacj\u0119 w Regionalnej Dyrekcji Las\u00f3w Pa\u0144stwowych w Olsztynie. By\u0142y to bardzo interesuj\u0105ce spotkania z ciekawymi lud\u017ami. Go\u015bcili\u015bmy m.in.<\/strong><\/p>\n<p><strong>\u00a0Adama Siemakowicza\u00a0 &#8211; inspektora stra\u017cy le\u015bnej\u00a0 RDLP w \u00a0Olsztynie,<\/strong><\/p>\n<p><strong>\u00a0Patryka Kaczy\u0144skiego specjalist\u0119 od spraw \u0142owiectwa, <\/strong><\/p>\n<p><strong>Wojciecha Matuszaka V-ce dyrektora RDLP, <\/strong><\/p>\n<p><strong>Mariana Szymkiewicza kierownika Muzeum Przyrody w Olsztynie, <a href=\"https:\/\/www.milosnicylasu.olsztyn.pl\/wp-content\/uploads\/2022\/11\/Tunika-z-krzyzem-www.jpg\" data-rel=\"lightbox-image-1\" data-magnific_type=\"image\" data-rl_title=\"\" data-rl_caption=\"\" title=\"\"><img loading=\"lazy\" decoding=\"async\" class=\"size-medium wp-image-7455 alignright\" src=\"https:\/\/www.milosnicylasu.olsztyn.pl\/wp-content\/uploads\/2022\/11\/Tunika-z-krzyzem-www-169x300.jpg\" alt=\"\" width=\"169\" height=\"300\" srcset=\"https:\/\/www.milosnicylasu.olsztyn.pl\/wp-content\/uploads\/2022\/11\/Tunika-z-krzyzem-www-169x300.jpg 169w, https:\/\/www.milosnicylasu.olsztyn.pl\/wp-content\/uploads\/2022\/11\/Tunika-z-krzyzem-www.jpg 576w\" sizes=\"auto, (max-width: 169px) 100vw, 169px\" \/><\/a><\/strong><\/p>\n<p><strong>Mariusza Dawidowicza i Jaros\u0142awa Turka z Nadle\u015bnictwa Kudypy, dzi\u0119ki kt\u00f3rym dowiedzieli\u015bmy si\u0119 jak przebiegaj\u0105 przygotowania i nast\u0119pnie inscenizacje \u015bredniowiecznych bitew.<\/strong><\/p>\n<p><strong>Swoj\u0105 wiedz\u0119 poszerzamy r\u00f3wnie\u017c podczas wycieczek. W \u00a0rok 2022 byli\u015bmy:<\/strong><\/p>\n<p><a href=\"https:\/\/www.milosnicylasu.olsztyn.pl\/wp-content\/uploads\/2022\/10\/PA150024-www.jpg\" data-rel=\"lightbox-image-2\" data-magnific_type=\"image\" data-rl_title=\"\" data-rl_caption=\"\" title=\"\"><img loading=\"lazy\" decoding=\"async\" class=\"size-medium wp-image-7406 alignleft\" src=\"https:\/\/www.milosnicylasu.olsztyn.pl\/wp-content\/uploads\/2022\/10\/PA150024-www-300x225.jpg\" alt=\"\" width=\"300\" height=\"225\" srcset=\"https:\/\/www.milosnicylasu.olsztyn.pl\/wp-content\/uploads\/2022\/10\/PA150024-www-300x225.jpg 300w, https:\/\/www.milosnicylasu.olsztyn.pl\/wp-content\/uploads\/2022\/10\/PA150024-www-768x576.jpg 768w, https:\/\/www.milosnicylasu.olsztyn.pl\/wp-content\/uploads\/2022\/10\/PA150024-www.jpg 1024w\" sizes=\"auto, (max-width: 300px) 100vw, 300px\" \/><\/a><\/p>\n<p><strong>22 kwietnia \u00a0w \u00a0Piszu &#8211; Zdobycie Piskiej Pozycji Ryglowej, Muzeum Piskie, zabytkowe obiekty sakralne, stare miasto,<\/strong><\/p>\n<p><strong>15 pa\u017adziernika byli\u015bmy jednymi z pierwszych zwiedzaj\u0105cymi nowo otwarte\u00a0 Muzeum \u00a0Grunwaldu., <\/strong><\/p>\n<p><strong>18 listopada wyje\u017cd\u017cali\u015bmy do Szczytna, odbyli\u015bmy edukacj\u0119 w Nadle\u015bnictwie Szczytno. Nast\u0119pnie zwiedzali\u015bmy wystaw\u0119 malarstwa w Domu Kultury i wystaw\u0119 po\u015bwi\u0119con\u0105\u00a0 by\u0142emu mieszka\u0144cowi miasta\u00a0 znanemu muzykowi\u00a0 Zespo\u0142u Czerwonych Gitar Krzysztofowi Klenczonowi. <a href=\"https:\/\/www.milosnicylasu.olsztyn.pl\/wp-content\/uploads\/2022\/12\/DSCN0165-www.jpg\" data-rel=\"lightbox-image-3\" data-magnific_type=\"image\" data-rl_title=\"\" data-rl_caption=\"\" title=\"\"><img loading=\"lazy\" decoding=\"async\" class=\"size-medium wp-image-7619 alignright\" src=\"https:\/\/www.milosnicylasu.olsztyn.pl\/wp-content\/uploads\/2022\/12\/DSCN0165-www-300x225.jpg\" alt=\"\" width=\"300\" height=\"225\" srcset=\"https:\/\/www.milosnicylasu.olsztyn.pl\/wp-content\/uploads\/2022\/12\/DSCN0165-www-300x225.jpg 300w, https:\/\/www.milosnicylasu.olsztyn.pl\/wp-content\/uploads\/2022\/12\/DSCN0165-www-768x576.jpg 768w, https:\/\/www.milosnicylasu.olsztyn.pl\/wp-content\/uploads\/2022\/12\/DSCN0165-www.jpg 1024w\" sizes=\"auto, (max-width: 300px) 100vw, 300px\" \/><\/a><\/strong><\/p>\n<p><strong>Sobotnie rajdy z kijkami odby\u0142y si\u0119 24 razy po lasach Nadle\u015bnictwa Kudypy, przewa\u017cnie w Le\u015bnictwie Stary Dw\u00f3r, kt\u00f3rego \u00a0gospodarzem jest cz\u0142onek naszego Ko\u0142a Wojtek D\u0105browski, a jego tr\u00f3jka dzieci te\u017c nale\u017cy do Ko\u0142a. W czasie rajd\u00f3w , pod zaprzyja\u017anion\u0105 wiat\u0105 odby\u0142o si\u0119 18 konkurs\u00f3w . Ponadto 4 konkursy \u00a0przeprowadzono za po\u015brednictwem strony internetowej. I niespodzianka, bo odpowiedzi udzielali nie tylko nasi cz\u0142onkowie, ale ludzie z Krakowa, Bia\u0142egostoku, Hajn\u00f3wki, Poznania, Suwa\u0142k.<\/strong><\/p>\n<p><strong>Tradycyjnie cz\u0119\u015b\u0107 rajd\u00f3w przeznaczamy na sprz\u0105tanie lasu, w tym roku trzykrotnie.<\/strong><\/p>\n<p><a href=\"https:\/\/www.milosnicylasu.olsztyn.pl\/wp-content\/uploads\/2022\/11\/PB070002-www.jpg\" data-rel=\"lightbox-image-4\" data-magnific_type=\"image\" data-rl_title=\"\" data-rl_caption=\"\" title=\"\"><img loading=\"lazy\" decoding=\"async\" class=\"size-medium wp-image-7487 alignleft\" src=\"https:\/\/www.milosnicylasu.olsztyn.pl\/wp-content\/uploads\/2022\/11\/PB070002-www-300x225.jpg\" alt=\"\" width=\"300\" height=\"225\" srcset=\"https:\/\/www.milosnicylasu.olsztyn.pl\/wp-content\/uploads\/2022\/11\/PB070002-www-300x225.jpg 300w, https:\/\/www.milosnicylasu.olsztyn.pl\/wp-content\/uploads\/2022\/11\/PB070002-www-768x576.jpg 768w, https:\/\/www.milosnicylasu.olsztyn.pl\/wp-content\/uploads\/2022\/11\/PB070002-www.jpg 1024w\" sizes=\"auto, (max-width: 300px) 100vw, 300px\" \/><\/a><\/p>\n<p><strong>W poniedzia\u0142ki strzeleckie odby\u0142o si\u0119 8 spotka\u0144 na strzelnicy sportowej w ZW LOK pod okiem instruktor\u00f3w i s\u0119dzi\u00f3w\u00a0 : Anatol Leszczy\u0144ski,\u00a0 J\u00f3zek Gazda, Grzegorz Kluczek, Adam\u00a0 Siemakowicza. Przeprowadzono 4 razy zawody strzeleckie z broni sportowej. Udzia\u0142 w zawodach wzi\u0119li cz\u0142onkowie Ko\u0142a i cz\u0142onkowie rodzin &#8211; dzieci i wnuki. I w\u0142a\u015bnie dla wnuk\u00f3w, w ci\u0105gu roku, organizowali\u015bmy kilka imprez. <a href=\"https:\/\/www.milosnicylasu.olsztyn.pl\/wp-content\/uploads\/2022\/12\/DSCN0177-www.jpg\" data-rel=\"lightbox-image-5\" data-magnific_type=\"image\" data-rl_title=\"\" data-rl_caption=\"\" title=\"\"><img loading=\"lazy\" decoding=\"async\" class=\"size-medium wp-image-7621 alignleft\" src=\"https:\/\/www.milosnicylasu.olsztyn.pl\/wp-content\/uploads\/2022\/12\/DSCN0177-www-300x225.jpg\" alt=\"\" width=\"300\" height=\"225\" srcset=\"https:\/\/www.milosnicylasu.olsztyn.pl\/wp-content\/uploads\/2022\/12\/DSCN0177-www-300x225.jpg 300w, https:\/\/www.milosnicylasu.olsztyn.pl\/wp-content\/uploads\/2022\/12\/DSCN0177-www-768x576.jpg 768w, https:\/\/www.milosnicylasu.olsztyn.pl\/wp-content\/uploads\/2022\/12\/DSCN0177-www.jpg 1024w\" sizes=\"auto, (max-width: 300px) 100vw, 300px\" \/><\/a>Opr\u00f3cz strzelania, najwi\u0119ksz\u0105 atrakcj\u0105 jest coroczne ubieranie le\u015bnej choinki w pi\u0119kne\u00a0 \u0142a\u0144cuchy z jab\u0142ek, innych owoc\u00f3w, marchewek, listk\u00f3w kapusty \u00a0a tak\u017ce kawa\u0142eczki s\u0142oniny dla sikorek, a mo\u017ce nie tylko\u2026\u2026\u2026.<\/strong><\/p>\n<p><a href=\"https:\/\/www.milosnicylasu.olsztyn.pl\/wp-content\/uploads\/2022\/12\/PC010038-www-1.jpg\" data-rel=\"lightbox-image-6\" data-magnific_type=\"image\" data-rl_title=\"\" data-rl_caption=\"\" title=\"\"><img loading=\"lazy\" decoding=\"async\" class=\"size-medium wp-image-7582 alignright\" src=\"https:\/\/www.milosnicylasu.olsztyn.pl\/wp-content\/uploads\/2022\/12\/PC010038-www-1-300x225.jpg\" alt=\"\" width=\"300\" height=\"225\" srcset=\"https:\/\/www.milosnicylasu.olsztyn.pl\/wp-content\/uploads\/2022\/12\/PC010038-www-1-300x225.jpg 300w, https:\/\/www.milosnicylasu.olsztyn.pl\/wp-content\/uploads\/2022\/12\/PC010038-www-1-768x576.jpg 768w, https:\/\/www.milosnicylasu.olsztyn.pl\/wp-content\/uploads\/2022\/12\/PC010038-www-1.jpg 1024w\" sizes=\"auto, (max-width: 300px) 100vw, 300px\" \/><\/a><\/p>\n<p><strong>Tradycyjnie, przed Wielkanoc\u0105 i Bo\u017cym Narodzeniem , w RDLP w Olsztynie kole\u017canki zajmuj\u0105ce si\u0119 r\u0119kodzie\u0142em zorganizowa\u0142y wystaw\u0119 ciesz\u0105c\u0105 si\u0119 du\u017cym \u00a0zainteresowaniem \u00a0pracownik\u00f3w Dyrekcji i cz\u0142onk\u00f3w Ko\u0142a. A 31 grudnia obchodzili\u015bmy w lesie, jak przysta\u0142o na mi\u0142o\u015bnik\u00f3w lasu. <\/strong><\/p>\n<p><strong>To tylko w skr\u00f3cie co si\u0119 u nas dzia\u0142o w 2022 roku. Na \u00a0koniec prezes\u00a0 Anatol Leszczy\u0144ski wymieni\u0142 wszystkich naszych dobrodziej\u00f3w, dzi\u0119ki kt\u00f3rym nasza dzia\u0142alno\u015b\u0107 jest mo\u017cliwa oraz podzi\u0119kowa\u0142 cz\u0142onkom , kt\u00f3rzy szczeg\u00f3lnie przyczynili si\u0119 do realizacji planu. Lista jest d\u0142uga\u2026..I o to chodzi, przecie\u017c Ko\u0142o Mi\u0142o\u015bnik\u00f3w Lasu i Militari\u00f3w LOK przy ATW w Olsztynie jest nasz\u0105 wsp\u00f3ln\u0105 opraw\u0105 i im wi\u0119cej damy z siebie tym wi\u0119cej wsp\u00f3lnie otrzymamy.<\/strong><\/p>\n","protected":false},"excerpt":{"rendered":"<p>5 stycznia 2023 roku odby\u0142o si\u0119 pierwsze w tym roku czwartkowe \u00a0spotkanie Ko\u0142a Mi\u0142o\u015bnik\u00f3w Lasu i Militari\u00f3w LOK \u00a0przy ATW w Olsztynie. By\u0142a to doskona\u0142a okazja do podsumowania przez prezesa Ko\u0142a Anatola Leszczy\u0144skiego naszej dzia\u0142alno\u015bci w roku poprzednim. \u00a0Z uwagi na panuj\u0105c\u0105 jeszcze na pocz\u0105tku roku pandemi\u0119, realizacj\u0119 planu pracy rozpocz\u0119li\u015bmy z op\u00f3\u017anieniem, w tym [&hellip;]<\/p>\n","protected":false},"author":2,"featured_media":0,"comment_status":"open","ping_status":"open","sticky":false,"template":"","format":"standard","meta":{"footnotes":""},"categories":[1,9,17,2,4],"tags":[],"class_list":["post-7704","post","type-post","status-publish","format-standard","hentry","category-bez-kategorii","category-ciekawostki","category-edukacja-w-terenie","category-rajdy","category-wystawy"],"_links":{"self":[{"href":"https:\/\/www.milosnicylasu.olsztyn.pl\/index.php?rest_route=\/wp\/v2\/posts\/7704","targetHints":{"allow":["GET"]}}],"collection":[{"href":"https:\/\/www.milosnicylasu.olsztyn.pl\/index.php?rest_route=\/wp\/v2\/posts"}],"about":[{"href":"https:\/\/www.milosnicylasu.olsztyn.pl\/index.php?rest_route=\/wp\/v2\/types\/post"}],"author":[{"embeddable":true,"href":"https:\/\/www.milosnicylasu.olsztyn.pl\/index.php?rest_route=\/wp\/v2\/users\/2"}],"replies":[{"embeddable":true,"href":"https:\/\/www.milosnicylasu.olsztyn.pl\/index.php?rest_route=%2Fwp%2Fv2%2Fcomments&post=7704"}],"version-history":[{"count":5,"href":"https:\/\/www.milosnicylasu.olsztyn.pl\/index.php?rest_route=\/wp\/v2\/posts\/7704\/revisions"}],"predecessor-version":[{"id":7709,"href":"https:\/\/www.milosnicylasu.olsztyn.pl\/index.php?rest_route=\/wp\/v2\/posts\/7704\/revisions\/7709"}],"wp:attachment":[{"href":"https:\/\/www.milosnicylasu.olsztyn.pl\/index.php?rest_route=%2Fwp%2Fv2%2Fmedia&parent=7704"}],"wp:term":[{"taxonomy":"category","embeddable":true,"href":"https:\/\/www.milosnicylasu.olsztyn.pl\/index.php?rest_route=%2Fwp%2Fv2%2Fcategories&post=7704"},{"taxonomy":"post_tag","embeddable":true,"href":"https:\/\/www.milosnicylasu.olsztyn.pl\/index.php?rest_route=%2Fwp%2Fv2%2Ftags&post=7704"}],"curies":[{"name":"wp","href":"https:\/\/api.w.org\/{rel}","templated":true}]}}