{"id":7710,"date":"2023-01-10T07:29:27","date_gmt":"2023-01-10T06:29:27","guid":{"rendered":"https:\/\/www.milosnicylasu.olsztyn.pl\/?p=7710"},"modified":"2023-01-10T07:29:27","modified_gmt":"2023-01-10T06:29:27","slug":"pierwszy-sobotni-rajd-2023","status":"publish","type":"post","link":"https:\/\/www.milosnicylasu.olsztyn.pl\/?p=7710","title":{"rendered":"Pierwszy sobotni rajd 2023"},"content":{"rendered":"<p><a href=\"https:\/\/www.milosnicylasu.olsztyn.pl\/wp-content\/uploads\/2023\/01\/DSCN0251www.jpg\" data-rel=\"lightbox-image-0\" data-magnific_type=\"image\" data-rl_title=\"\" data-rl_caption=\"\" title=\"\"><img loading=\"lazy\" decoding=\"async\" class=\"size-medium wp-image-7711 alignleft\" src=\"https:\/\/www.milosnicylasu.olsztyn.pl\/wp-content\/uploads\/2023\/01\/DSCN0251www-300x225.jpg\" alt=\"\" width=\"300\" height=\"225\" srcset=\"https:\/\/www.milosnicylasu.olsztyn.pl\/wp-content\/uploads\/2023\/01\/DSCN0251www-300x225.jpg 300w, https:\/\/www.milosnicylasu.olsztyn.pl\/wp-content\/uploads\/2023\/01\/DSCN0251www-768x576.jpg 768w, https:\/\/www.milosnicylasu.olsztyn.pl\/wp-content\/uploads\/2023\/01\/DSCN0251www.jpg 1024w\" sizes=\"auto, (max-width: 300px) 100vw, 300px\" \/><\/a><strong>Lata lec\u0105&#8230;&#8230;.Kolejny rok dzia\u0142alno\u015bci Ko\u0142a Mi\u0142o\u015bnik\u00f3w Lasu i Militari\u00f3w LOK przy ATW w Olsztynie rozpocz\u0119ty.\u00a0 Troch\u0119 mokro? No bo chyba nie za zimno &#8211; przecie\u017c to stycze\u0144. Cz\u0119\u015b\u0107 z nas wyjecha\u0142a na zimowy odpoczynek a niekt\u00f3rzy musieli zaj\u0105\u0107 si\u0119 rodzin\u0105 co to zjecha\u0142a na \u015bwi\u0119ta i troch\u0119 si\u0119 zasiedzia\u0142a&#8230;..\u00a0\u00a0 Nie by\u0142o nas du\u017co na pierwszym rajdzie zimowym w 2023 roku. <a href=\"https:\/\/www.milosnicylasu.olsztyn.pl\/wp-content\/uploads\/2023\/01\/DSCN0119-www.jpg\" data-rel=\"lightbox-image-1\" data-magnific_type=\"image\" data-rl_title=\"\" data-rl_caption=\"\" title=\"\"><img loading=\"lazy\" decoding=\"async\" class=\"size-medium wp-image-7713 aligncenter\" src=\"https:\/\/www.milosnicylasu.olsztyn.pl\/wp-content\/uploads\/2023\/01\/DSCN0119-www-300x225.jpg\" alt=\"\" width=\"300\" height=\"225\" srcset=\"https:\/\/www.milosnicylasu.olsztyn.pl\/wp-content\/uploads\/2023\/01\/DSCN0119-www-300x225.jpg 300w, https:\/\/www.milosnicylasu.olsztyn.pl\/wp-content\/uploads\/2023\/01\/DSCN0119-www-768x576.jpg 768w, https:\/\/www.milosnicylasu.olsztyn.pl\/wp-content\/uploads\/2023\/01\/DSCN0119-www.jpg 1024w\" sizes=\"auto, (max-width: 300px) 100vw, 300px\" \/><\/a>Mam nadziej\u0119, \u017ce si\u0119 w ko\u0144cu pozbieramy i w nast\u0119pne soboty ruszymy na k\u0105piele le\u015bne w wi\u0119kszym gronie. A warto ! Las jest pi\u0119kny o ka\u017cdej porze roku, a czyste powietrze i sp\u0119dzenie czasu\u00a0 w przyjaznym gronie bezcenne. A wi\u0119c do zobaczenia !<\/strong><a href=\"https:\/\/www.milosnicylasu.olsztyn.pl\/wp-content\/uploads\/2023\/01\/DSCN0249-www.jpg\" data-rel=\"lightbox-image-2\" data-magnific_type=\"image\" data-rl_title=\"\" data-rl_caption=\"\" title=\"\"><img loading=\"lazy\" decoding=\"async\" class=\"size-medium wp-image-7712 alignright\" src=\"https:\/\/www.milosnicylasu.olsztyn.pl\/wp-content\/uploads\/2023\/01\/DSCN0249-www-300x225.jpg\" alt=\"\" width=\"300\" height=\"225\" srcset=\"https:\/\/www.milosnicylasu.olsztyn.pl\/wp-content\/uploads\/2023\/01\/DSCN0249-www-300x225.jpg 300w, https:\/\/www.milosnicylasu.olsztyn.pl\/wp-content\/uploads\/2023\/01\/DSCN0249-www-768x576.jpg 768w, https:\/\/www.milosnicylasu.olsztyn.pl\/wp-content\/uploads\/2023\/01\/DSCN0249-www.jpg 1024w\" sizes=\"auto, (max-width: 300px) 100vw, 300px\" \/><\/a><\/p>\n","protected":false},"excerpt":{"rendered":"<p>Lata lec\u0105&#8230;&#8230;.Kolejny rok dzia\u0142alno\u015bci Ko\u0142a Mi\u0142o\u015bnik\u00f3w Lasu i Militari\u00f3w LOK przy ATW w Olsztynie rozpocz\u0119ty.\u00a0 Troch\u0119 mokro? No bo chyba nie za zimno &#8211; przecie\u017c to stycze\u0144. Cz\u0119\u015b\u0107 z nas wyjecha\u0142a na zimowy odpoczynek a niekt\u00f3rzy musieli zaj\u0105\u0107 si\u0119 rodzin\u0105 co to zjecha\u0142a na \u015bwi\u0119ta i troch\u0119 si\u0119 zasiedzia\u0142a&#8230;..\u00a0\u00a0 Nie by\u0142o nas du\u017co na pierwszym [&hellip;]<\/p>\n","protected":false},"author":2,"featured_media":0,"comment_status":"open","ping_status":"open","sticky":false,"template":"","format":"standard","meta":{"footnotes":""},"categories":[1,17,2],"tags":[],"class_list":["post-7710","post","type-post","status-publish","format-standard","hentry","category-bez-kategorii","category-edukacja-w-terenie","category-rajdy"],"_links":{"self":[{"href":"https:\/\/www.milosnicylasu.olsztyn.pl\/index.php?rest_route=\/wp\/v2\/posts\/7710","targetHints":{"allow":["GET"]}}],"collection":[{"href":"https:\/\/www.milosnicylasu.olsztyn.pl\/index.php?rest_route=\/wp\/v2\/posts"}],"about":[{"href":"https:\/\/www.milosnicylasu.olsztyn.pl\/index.php?rest_route=\/wp\/v2\/types\/post"}],"author":[{"embeddable":true,"href":"https:\/\/www.milosnicylasu.olsztyn.pl\/index.php?rest_route=\/wp\/v2\/users\/2"}],"replies":[{"embeddable":true,"href":"https:\/\/www.milosnicylasu.olsztyn.pl\/index.php?rest_route=%2Fwp%2Fv2%2Fcomments&post=7710"}],"version-history":[{"count":1,"href":"https:\/\/www.milosnicylasu.olsztyn.pl\/index.php?rest_route=\/wp\/v2\/posts\/7710\/revisions"}],"predecessor-version":[{"id":7714,"href":"https:\/\/www.milosnicylasu.olsztyn.pl\/index.php?rest_route=\/wp\/v2\/posts\/7710\/revisions\/7714"}],"wp:attachment":[{"href":"https:\/\/www.milosnicylasu.olsztyn.pl\/index.php?rest_route=%2Fwp%2Fv2%2Fmedia&parent=7710"}],"wp:term":[{"taxonomy":"category","embeddable":true,"href":"https:\/\/www.milosnicylasu.olsztyn.pl\/index.php?rest_route=%2Fwp%2Fv2%2Fcategories&post=7710"},{"taxonomy":"post_tag","embeddable":true,"href":"https:\/\/www.milosnicylasu.olsztyn.pl\/index.php?rest_route=%2Fwp%2Fv2%2Ftags&post=7710"}],"curies":[{"name":"wp","href":"https:\/\/api.w.org\/{rel}","templated":true}]}}