{"id":7715,"date":"2023-01-10T07:50:58","date_gmt":"2023-01-10T06:50:58","guid":{"rendered":"https:\/\/www.milosnicylasu.olsztyn.pl\/?p=7715"},"modified":"2023-01-10T08:01:50","modified_gmt":"2023-01-10T07:01:50","slug":"7715","status":"publish","type":"post","link":"https:\/\/www.milosnicylasu.olsztyn.pl\/?p=7715","title":{"rendered":"Medale , dyplomy&#8230;&#8230;&#8230;"},"content":{"rendered":"<p><a href=\"https:\/\/www.milosnicylasu.olsztyn.pl\/wp-content\/uploads\/2023\/01\/IMG_20230109_090448-www.jpg\" data-rel=\"lightbox-image-0\" data-magnific_type=\"image\" data-rl_title=\"\" data-rl_caption=\"\" title=\"\"><img loading=\"lazy\" decoding=\"async\" class=\"size-medium wp-image-7719 alignleft\" src=\"https:\/\/www.milosnicylasu.olsztyn.pl\/wp-content\/uploads\/2023\/01\/IMG_20230109_090448-www-300x226.jpg\" alt=\"\" width=\"300\" height=\"226\" srcset=\"https:\/\/www.milosnicylasu.olsztyn.pl\/wp-content\/uploads\/2023\/01\/IMG_20230109_090448-www-300x226.jpg 300w, https:\/\/www.milosnicylasu.olsztyn.pl\/wp-content\/uploads\/2023\/01\/IMG_20230109_090448-www-768x578.jpg 768w, https:\/\/www.milosnicylasu.olsztyn.pl\/wp-content\/uploads\/2023\/01\/IMG_20230109_090448-www.jpg 1024w\" sizes=\"auto, (max-width: 300px) 100vw, 300px\" \/><\/a><strong>9 stycznia 2023r. w Regionalnej Dyrekcji Las\u00f3w Pa\u0144stwowych w Olsztynie. Odby\u0142y si\u0119 uroczysto\u015bci wr\u0119czenia Medali Komisji Edukacji Narodowej. Najwa\u017cniejszego medalu resortowego, kt\u00f3re otrzymuj\u0105 nie tylko nauczyciele, ale tak\u017ce le\u015bnicy i osoby zaanga\u017cowane w procesy dydaktyczne.<\/strong><\/p>\n<p>&nbsp;<\/p>\n<p><strong><a href=\"https:\/\/www.milosnicylasu.olsztyn.pl\/wp-content\/uploads\/2023\/01\/IMG_20230109_094854-www.jpg\" data-rel=\"lightbox-image-1\" data-magnific_type=\"image\" data-rl_title=\"\" data-rl_caption=\"\" title=\"\"><img loading=\"lazy\" decoding=\"async\" class=\"size-medium wp-image-7717 alignright\" src=\"https:\/\/www.milosnicylasu.olsztyn.pl\/wp-content\/uploads\/2023\/01\/IMG_20230109_094854-www-300x226.jpg\" alt=\"\" width=\"300\" height=\"226\" srcset=\"https:\/\/www.milosnicylasu.olsztyn.pl\/wp-content\/uploads\/2023\/01\/IMG_20230109_094854-www-300x226.jpg 300w, https:\/\/www.milosnicylasu.olsztyn.pl\/wp-content\/uploads\/2023\/01\/IMG_20230109_094854-www-768x578.jpg 768w, https:\/\/www.milosnicylasu.olsztyn.pl\/wp-content\/uploads\/2023\/01\/IMG_20230109_094854-www.jpg 1024w\" sizes=\"auto, (max-width: 300px) 100vw, 300px\" \/><\/a>W imieniu Ministra Edukacji i Nauki wr\u0119czenia uroczystego dokona\u0142 Warmi\u0144sko \u2013 Mazurski Wicekurator O\u015bwiaty Pan Wojciech Cybulski. W\u015br\u00f3d odznaczonych by\u0142 \u00a0Anatol Leszczy\u0144ski\u00a0 Prezes Ko\u0142a Mi\u0142o\u015bnik\u00f3w Lasu i Militari\u00f3w LOK przy ATW w Olsztynie.<\/strong><\/p>\n<p><strong><a href=\"https:\/\/www.milosnicylasu.olsztyn.pl\/wp-content\/uploads\/2023\/01\/P1090006-www.jpg\" data-rel=\"lightbox-image-2\" data-magnific_type=\"image\" data-rl_title=\"\" data-rl_caption=\"\" title=\"\"><img loading=\"lazy\" decoding=\"async\" class=\"size-medium wp-image-7716\" src=\"https:\/\/www.milosnicylasu.olsztyn.pl\/wp-content\/uploads\/2023\/01\/P1090006-www-300x225.jpg\" alt=\"\" width=\"300\" height=\"225\" srcset=\"https:\/\/www.milosnicylasu.olsztyn.pl\/wp-content\/uploads\/2023\/01\/P1090006-www-300x225.jpg 300w, https:\/\/www.milosnicylasu.olsztyn.pl\/wp-content\/uploads\/2023\/01\/P1090006-www-768x576.jpg 768w, https:\/\/www.milosnicylasu.olsztyn.pl\/wp-content\/uploads\/2023\/01\/P1090006-www.jpg 1024w\" sizes=\"auto, (max-width: 300px) 100vw, 300px\" \/><\/a><\/strong><\/p>\n<p><strong><a href=\"https:\/\/www.milosnicylasu.olsztyn.pl\/wp-content\/uploads\/2023\/01\/P1090002-www.jpg\" data-rel=\"lightbox-image-3\" data-magnific_type=\"image\" data-rl_title=\"\" data-rl_caption=\"\" title=\"\"><img loading=\"lazy\" decoding=\"async\" class=\"size-medium wp-image-7718 alignright\" src=\"https:\/\/www.milosnicylasu.olsztyn.pl\/wp-content\/uploads\/2023\/01\/P1090002-www-225x300.jpg\" alt=\"\" width=\"225\" height=\"300\" srcset=\"https:\/\/www.milosnicylasu.olsztyn.pl\/wp-content\/uploads\/2023\/01\/P1090002-www-225x300.jpg 225w, https:\/\/www.milosnicylasu.olsztyn.pl\/wp-content\/uploads\/2023\/01\/P1090002-www.jpg 768w\" sizes=\"auto, (max-width: 225px) 100vw, 225px\" \/><\/a><\/strong><\/p>\n<p><strong>Przy okazji tego spotkania by\u0142a okazja do uhonorowania 75 lecia istnienia Ligi Ochrony Przyrody na Warmii i Mazurach. Prezes Warmi\u0144sko \u2013 Mazurskiego Okr\u0119gu LOP Pan Tadeusz Pampuch wr\u0119czy\u0142 Anatolowi Leszczy\u0144skiemu dyplom honorowy za szczeg\u00f3lne zas\u0142ugi dla ochrony przyrody Warmii i Mazur. Dyplomy wr\u0119czono nauczycielom i le\u015bnikom podleg\u0142ych pod RDLP w Olsztynie. Gratulujemy\u00a0 prezesowi i dzi\u0119kujemy osobom, kt\u00f3re doceni\u0142y\u00a0 dzia\u0142alno\u015b\u0107 naszego Ko\u0142a, w tym szczeg\u00f3lnie Panu Tadeuszowi Pampuchowi.<\/strong><\/p>\n","protected":false},"excerpt":{"rendered":"<p>9 stycznia 2023r. w Regionalnej Dyrekcji Las\u00f3w Pa\u0144stwowych w Olsztynie. Odby\u0142y si\u0119 uroczysto\u015bci wr\u0119czenia Medali Komisji Edukacji Narodowej. Najwa\u017cniejszego medalu resortowego, kt\u00f3re otrzymuj\u0105 nie tylko nauczyciele, ale tak\u017ce le\u015bnicy i osoby zaanga\u017cowane w procesy dydaktyczne. &nbsp; W imieniu Ministra Edukacji i Nauki wr\u0119czenia uroczystego dokona\u0142 Warmi\u0144sko \u2013 Mazurski Wicekurator O\u015bwiaty Pan Wojciech Cybulski. W\u015br\u00f3d odznaczonych [&hellip;]<\/p>\n","protected":false},"author":2,"featured_media":0,"comment_status":"open","ping_status":"open","sticky":false,"template":"","format":"standard","meta":{"footnotes":""},"categories":[1,9,17],"tags":[],"class_list":["post-7715","post","type-post","status-publish","format-standard","hentry","category-bez-kategorii","category-ciekawostki","category-edukacja-w-terenie"],"_links":{"self":[{"href":"https:\/\/www.milosnicylasu.olsztyn.pl\/index.php?rest_route=\/wp\/v2\/posts\/7715","targetHints":{"allow":["GET"]}}],"collection":[{"href":"https:\/\/www.milosnicylasu.olsztyn.pl\/index.php?rest_route=\/wp\/v2\/posts"}],"about":[{"href":"https:\/\/www.milosnicylasu.olsztyn.pl\/index.php?rest_route=\/wp\/v2\/types\/post"}],"author":[{"embeddable":true,"href":"https:\/\/www.milosnicylasu.olsztyn.pl\/index.php?rest_route=\/wp\/v2\/users\/2"}],"replies":[{"embeddable":true,"href":"https:\/\/www.milosnicylasu.olsztyn.pl\/index.php?rest_route=%2Fwp%2Fv2%2Fcomments&post=7715"}],"version-history":[{"count":5,"href":"https:\/\/www.milosnicylasu.olsztyn.pl\/index.php?rest_route=\/wp\/v2\/posts\/7715\/revisions"}],"predecessor-version":[{"id":7724,"href":"https:\/\/www.milosnicylasu.olsztyn.pl\/index.php?rest_route=\/wp\/v2\/posts\/7715\/revisions\/7724"}],"wp:attachment":[{"href":"https:\/\/www.milosnicylasu.olsztyn.pl\/index.php?rest_route=%2Fwp%2Fv2%2Fmedia&parent=7715"}],"wp:term":[{"taxonomy":"category","embeddable":true,"href":"https:\/\/www.milosnicylasu.olsztyn.pl\/index.php?rest_route=%2Fwp%2Fv2%2Fcategories&post=7715"},{"taxonomy":"post_tag","embeddable":true,"href":"https:\/\/www.milosnicylasu.olsztyn.pl\/index.php?rest_route=%2Fwp%2Fv2%2Ftags&post=7715"}],"curies":[{"name":"wp","href":"https:\/\/api.w.org\/{rel}","templated":true}]}}