{"id":7727,"date":"2023-01-12T11:18:29","date_gmt":"2023-01-12T10:18:29","guid":{"rendered":"https:\/\/www.milosnicylasu.olsztyn.pl\/?p=7727"},"modified":"2023-01-12T11:35:42","modified_gmt":"2023-01-12T10:35:42","slug":"kiedy-rozbieramy-choinke","status":"publish","type":"post","link":"https:\/\/www.milosnicylasu.olsztyn.pl\/?p=7727","title":{"rendered":"Kiedy rozbieramy choink\u0119"},"content":{"rendered":"<p><strong>Czeka\u0142am na Wasze zdj\u0119cia choinek&#8230;&#8230;.W zesz\u0142ym sezonie \u015bwi\u0105tecznym by\u0142o ich znacznie wi\u0119cej. Nie ubierali\u015bcie choinek? Nie wierz\u0119! Co si\u0119 sta\u0142o? Trudno, mo\u017ce w przysz\u0142o\u015bci b\u0119dzie ich ca\u0142e mn\u00f3stwo&#8230;&#8230;.<\/strong><\/p>\n<p><strong>Na zako\u0144czenie zdj\u0119cie choinki, kt\u00f3re przes\u0142a\u0142a Jasia Dzierzbi\u0144ska. A kiedy rozbieramy choink\u0119?<a href=\"https:\/\/www.milosnicylasu.olsztyn.pl\/wp-content\/uploads\/2023\/01\/20221221_140956-www.jpg\" data-rel=\"lightbox-image-0\" data-magnific_type=\"image\" data-rl_title=\"\" data-rl_caption=\"\" title=\"\"><img loading=\"lazy\" decoding=\"async\" class=\"size-medium wp-image-7728 alignleft\" src=\"https:\/\/www.milosnicylasu.olsztyn.pl\/wp-content\/uploads\/2023\/01\/20221221_140956-www-225x300.jpg\" alt=\"\" width=\"225\" height=\"300\" srcset=\"https:\/\/www.milosnicylasu.olsztyn.pl\/wp-content\/uploads\/2023\/01\/20221221_140956-www-225x300.jpg 225w, https:\/\/www.milosnicylasu.olsztyn.pl\/wp-content\/uploads\/2023\/01\/20221221_140956-www-768x1024.jpg 768w, https:\/\/www.milosnicylasu.olsztyn.pl\/wp-content\/uploads\/2023\/01\/20221221_140956-www.jpg 1024w\" sizes=\"auto, (max-width: 225px) 100vw, 225px\" \/><\/a><\/strong><\/p>\n<p><strong>Tradycje bo\u017conarodzeniowe s\u0105 wpisane w polsk\u0105 kultur\u0119 od wiek\u00f3w. Cz\u0119\u015b\u0107 z nich r\u00f3\u017cni si\u0119 w zale\u017cno\u015bci od regionu, jednak w ca\u0142ym kraju przestrzega si\u0119 zazwyczaj tych samych wskaza\u0144 dotycz\u0105cych choinki \u2013 zgodnie z tradycj\u0105 ubieramy j\u0105 maksymalnie tydzie\u0144 przed Wigili\u0105. Warto wiedzie\u0107 tak\u017ce, kiedy rozbiera si\u0119 choink\u0119. Do wyboru mamy trzy daty, z kt\u00f3rych ka\u017cda ma swoje uzasadnienie \u2013 zwyczaje \u015bwi\u0105tecznie nie bior\u0105 si\u0119 znik\u0105d, lecz zawsze stoi za nimi ciekawa historia.<\/strong><\/p>\n<h2><strong>6 stycznia \u2013 Trzech Kr\u00f3li<\/strong><\/h2>\n<p><strong>Najwcze\u015bniejszym terminem, w kt\u00f3ry przystoi rozebra\u0107 choink\u0119 i schowa\u0107 inne \u015bwi\u0105teczne ozdoby mieszkania, jest Uroczysto\u015b\u0107 Objawienia Pa\u0144skiego, potocznie zwana \u015bwi\u0119tem Trzech Kr\u00f3li. Kiedy rozbiera si\u0119 choink\u0119, oznacza to, \u017ce narodzenie Chrystusa ju\u017c si\u0119 dokona\u0142o i czas skupi\u0107 uwag\u0119 na dalszych cz\u0119\u015bciach historii zbawienia. Dlatego mo\u017cna to zrobi\u0107 ju\u017c w \u015bwi\u0119to upami\u0119tniaj\u0105ce wizyt\u0119 trzech M\u0119drc\u00f3w ze Wschodu, kt\u00f3rzy przybyli, by by\u0107 \u015bwiadkami objawienia Boga w \u015bwiecie. W praktyce niewiele os\u00f3b tak szybko zdejmuje dekoracje \u015bwi\u0105teczne \u2013 nic nie szkodzi, gdy\u017c b\u0119d\u0105 jeszcze dwie sposobno\u015bci, by to uczyni\u0107.<\/strong><\/p>\n<h2><strong>Niedziela Chrztu Pa\u0144skiego<\/strong><\/h2>\n<p><strong>Drug\u0105 dat\u0105 do wyboru jest pierwsza niedziela po 6 stycznia, czyli Niedziela Chrztu Pa\u0144skiego. Tym razem uwaga przeniesiona jest z ma\u0142ego Jezusa na doros\u0142ego Mesjasza, kt\u00f3ry przyjmuje chrzest z r\u0105k Jana Chrzciciela, ustanawiaj\u0105c tradycj\u0119 tego sakramentu. W homiliach pojawia si\u0119 posta\u0107 Ducha \u015awi\u0119tego, a podczas mszy dokonuje si\u0119 po\u015bwi\u0119cenie wody chrzcielnej na kolejny rok. To w\u0142a\u015bnie wtedy liturgiczny okres Bo\u017cego Narodzenia jest zako\u0144czony \u2013 w zwi\u0105zku z tym jest to bardziej popularny czas, kiedy rozbiera si\u0119 choink\u0119.<\/strong><\/p>\n<h2><strong>2 lutego \u2013 Matki Boskiej Gromnicznej<\/strong><\/h2>\n<p><strong>\u015awi\u0119to Ofiarowania Pa\u0144skiego, inaczej zwane \u015bwi\u0119tem Matki Boskiej Gromnicznej, jest ostatnim wyznaczonym terminem na rozebranie choinki. Wtedy czyni si\u0119 to na placu \u015awi\u0119tego Marka w Watykanie, w Polsce za\u015b jest to zwyczajowa data, kt\u00f3r\u0105 uznaje si\u0119 za prawdziwe zako\u0144czenie okresu bo\u017conarodzeniowego. Samo \u015bwi\u0119to odnosi si\u0119 do wydarzenia ofiarowania ma\u0142ego Jezusa w \u015bwi\u0105tyni jako pierworodnego syna, zgodnie z prawem moj\u017ceszowym. \u015awi\u0119cone wtedy \u015bwiece woskowe nazywamy gromnicami, kt\u00f3re zgodnie z tradycj\u0105 mia\u0142y odwraca\u0107 gromy.<\/strong><\/p>\n<p>__________________________________<\/p>\n<p><strong>Tyle na temat. W praktyce s\u0105 jeszcze inne powody rozbierania choinki. Czasem kupujemy choink\u0119 niby &#8222;prosto z lasu&#8221; jak zapewniaj\u0105 sprzedawcy, ale nie wiadomo kiedy by\u0142a \u015bci\u0119ta i w domu szybko si\u0119 sypie. A pracowa\u0142am kiedy\u015b z kole\u017cank\u0105, kt\u00f3ra opowiada\u0142a, \u017ce u nich w domu rodzinnym, a mieszka\u0142a w Gutkowie, nie ubiera si\u0119 i nie rozbiera choinki. Po prostu tata idzie na strych przynosi ustrojon\u0105 choink\u0119\/sztuczn\u0105\/, postoi przez okres \u015bwi\u0105teczny a potem wk\u0142ada do worka i wynosi na strych. Mo\u017cna i tak, ale &#8230;&#8230;&#8230;&#8230;<\/strong><\/p>\n","protected":false},"excerpt":{"rendered":"<p>Czeka\u0142am na Wasze zdj\u0119cia choinek&#8230;&#8230;.W zesz\u0142ym sezonie \u015bwi\u0105tecznym by\u0142o ich znacznie wi\u0119cej. Nie ubierali\u015bcie choinek? Nie wierz\u0119! Co si\u0119 sta\u0142o? Trudno, mo\u017ce w przysz\u0142o\u015bci b\u0119dzie ich ca\u0142e mn\u00f3stwo&#8230;&#8230;. Na zako\u0144czenie zdj\u0119cie choinki, kt\u00f3re przes\u0142a\u0142a Jasia Dzierzbi\u0144ska. A kiedy rozbieramy choink\u0119? Tradycje bo\u017conarodzeniowe s\u0105 wpisane w polsk\u0105 kultur\u0119 od wiek\u00f3w. Cz\u0119\u015b\u0107 z nich r\u00f3\u017cni si\u0119 w [&hellip;]<\/p>\n","protected":false},"author":2,"featured_media":0,"comment_status":"open","ping_status":"open","sticky":false,"template":"","format":"standard","meta":{"footnotes":""},"categories":[1,9],"tags":[],"class_list":["post-7727","post","type-post","status-publish","format-standard","hentry","category-bez-kategorii","category-ciekawostki"],"_links":{"self":[{"href":"https:\/\/www.milosnicylasu.olsztyn.pl\/index.php?rest_route=\/wp\/v2\/posts\/7727","targetHints":{"allow":["GET"]}}],"collection":[{"href":"https:\/\/www.milosnicylasu.olsztyn.pl\/index.php?rest_route=\/wp\/v2\/posts"}],"about":[{"href":"https:\/\/www.milosnicylasu.olsztyn.pl\/index.php?rest_route=\/wp\/v2\/types\/post"}],"author":[{"embeddable":true,"href":"https:\/\/www.milosnicylasu.olsztyn.pl\/index.php?rest_route=\/wp\/v2\/users\/2"}],"replies":[{"embeddable":true,"href":"https:\/\/www.milosnicylasu.olsztyn.pl\/index.php?rest_route=%2Fwp%2Fv2%2Fcomments&post=7727"}],"version-history":[{"count":3,"href":"https:\/\/www.milosnicylasu.olsztyn.pl\/index.php?rest_route=\/wp\/v2\/posts\/7727\/revisions"}],"predecessor-version":[{"id":7731,"href":"https:\/\/www.milosnicylasu.olsztyn.pl\/index.php?rest_route=\/wp\/v2\/posts\/7727\/revisions\/7731"}],"wp:attachment":[{"href":"https:\/\/www.milosnicylasu.olsztyn.pl\/index.php?rest_route=%2Fwp%2Fv2%2Fmedia&parent=7727"}],"wp:term":[{"taxonomy":"category","embeddable":true,"href":"https:\/\/www.milosnicylasu.olsztyn.pl\/index.php?rest_route=%2Fwp%2Fv2%2Fcategories&post=7727"},{"taxonomy":"post_tag","embeddable":true,"href":"https:\/\/www.milosnicylasu.olsztyn.pl\/index.php?rest_route=%2Fwp%2Fv2%2Ftags&post=7727"}],"curies":[{"name":"wp","href":"https:\/\/api.w.org\/{rel}","templated":true}]}}