{"id":7734,"date":"2023-01-21T08:57:53","date_gmt":"2023-01-21T07:57:53","guid":{"rendered":"https:\/\/www.milosnicylasu.olsztyn.pl\/?p=7734"},"modified":"2023-01-21T11:35:42","modified_gmt":"2023-01-21T10:35:42","slug":"czy-zima-w-lesie-moze-byc-pieknie","status":"publish","type":"post","link":"https:\/\/www.milosnicylasu.olsztyn.pl\/?p=7734","title":{"rendered":"Czy zim\u0105 w lesie mo\u017ce by\u0107 pi\u0119knie?"},"content":{"rendered":"<div id=\"content\" class=\"site-content\">\n<div id=\"primary\" class=\"content-area\">\n<p><strong><a href=\"https:\/\/www.milosnicylasu.olsztyn.pl\/wp-content\/uploads\/2023\/01\/DSCN0266-www.jpg\" data-rel=\"lightbox-image-0\" data-magnific_type=\"image\" data-rl_title=\"\" data-rl_caption=\"\" title=\"\"><img loading=\"lazy\" decoding=\"async\" class=\"size-medium wp-image-7736 alignleft\" src=\"https:\/\/www.milosnicylasu.olsztyn.pl\/wp-content\/uploads\/2023\/01\/DSCN0266-www-300x225.jpg\" alt=\"\" width=\"300\" height=\"225\" srcset=\"https:\/\/www.milosnicylasu.olsztyn.pl\/wp-content\/uploads\/2023\/01\/DSCN0266-www-300x225.jpg 300w, https:\/\/www.milosnicylasu.olsztyn.pl\/wp-content\/uploads\/2023\/01\/DSCN0266-www-768x576.jpg 768w, https:\/\/www.milosnicylasu.olsztyn.pl\/wp-content\/uploads\/2023\/01\/DSCN0266-www.jpg 1024w\" sizes=\"auto, (max-width: 300px) 100vw, 300px\" \/><\/a><\/strong>Warto odwiedzi\u0107 las zimow\u0105 por\u0105 wybieraj\u0105c si\u0119 na piesz\u0105 wycieczk\u0119.\u00a0 Oka\u017ce si\u0119 wtedy, \u017ce nie ca\u0142a przyroda zapad\u0142a w g\u0142\u0119boki sen. Nawet, gdy nie b\u0142y\u015bnie nisko zawieszone o tej porze roku s\u0142o\u0144ce, przekonamy si\u0119, \u017ce w zimowym, styczniowym\u00a0\u00a0 lesie jest naprawd\u0119 pi\u0119knie.<a href=\"https:\/\/www.milosnicylasu.olsztyn.pl\/wp-content\/uploads\/2023\/01\/DSCN0269-www.jpg\" data-rel=\"lightbox-image-1\" data-magnific_type=\"image\" data-rl_title=\"\" data-rl_caption=\"\" title=\"\"><img loading=\"lazy\" decoding=\"async\" class=\"size-medium wp-image-7739 alignright\" src=\"https:\/\/www.milosnicylasu.olsztyn.pl\/wp-content\/uploads\/2023\/01\/DSCN0269-www-300x225.jpg\" alt=\"\" width=\"300\" height=\"225\" srcset=\"https:\/\/www.milosnicylasu.olsztyn.pl\/wp-content\/uploads\/2023\/01\/DSCN0269-www-300x225.jpg 300w, https:\/\/www.milosnicylasu.olsztyn.pl\/wp-content\/uploads\/2023\/01\/DSCN0269-www-768x576.jpg 768w, https:\/\/www.milosnicylasu.olsztyn.pl\/wp-content\/uploads\/2023\/01\/DSCN0269-www.jpg 1024w\" sizes=\"auto, (max-width: 300px) 100vw, 300px\" \/><\/a><\/p>\n<h3 id=\"article-description\">Tylko pozornie w lesie nic nie dzieje si\u0119 zim\u0105.<\/h3>\n<div id=\"parent-fieldname-text\" class=\"\">\n<div>\n<p>Wi\u0119kszo\u015b\u0107 zwierz\u0105t, szczeg\u00f3lnie owad\u00f3w, zapad\u0142a w sen zimowy. Aktywno\u015b\u0107 w\u015br\u00f3d ga\u0142\u0119zi drzew wykazuj\u0105 jedynie niekt\u00f3re gatunki ptak\u00f3w pozostaj\u0105cych u nas na zim\u0119 &#8211; mysikr\u00f3liki, sikorki bogatki i modre, ubogie oraz sosn\u00f3wki, a tak\u017ce blisko z sikorami spokrewnione raniuszki.<\/p>\n<p>W zimowym lesie spotykamy r\u00f3wnie\u017c ptaki, kt\u00f3rych nie by\u0142o tu latem i jesieni\u0105. Przylatuj\u0105 do nas z p\u00f3\u0142nocy ma\u0142o p\u0142ochliwe jemio\u0142uszki oraz myszo\u0142owy w\u0142ochate.<\/p>\n<p>W lesie s\u0142ycha\u0107 dono\u015bny odg\u0142os \u017ceruj\u0105cych dzi\u0119cio\u0142\u00f3w, d\u017awi\u0119k ten rozchodzi si\u0119 po ca\u0142ej kniei na skutek rezonowania pni drzew, w kt\u00f3rych ptaki te poszukuj\u0105 i z kt\u00f3rych wyd\u0142ubuj\u0105 larwy owad\u00f3w. Najcz\u0119\u015bciej stuka dzi\u0119cio\u0142 du\u017cy. Mo\u017cemy spotka\u0107 r\u00f3wnie\u017c jego kuzyn\u00f3w &#8211; dzi\u0119cio\u0142a czarnego, zielonego oraz inne gatunki zamieszkuj\u0105ce lasy.<\/p>\n<p><a href=\"https:\/\/www.milosnicylasu.olsztyn.pl\/wp-content\/uploads\/2023\/01\/P1100009-www.jpg\" data-rel=\"lightbox-image-2\" data-magnific_type=\"image\" data-rl_title=\"\" data-rl_caption=\"\" title=\"\"><img loading=\"lazy\" decoding=\"async\" class=\"size-medium wp-image-7742 alignleft\" src=\"https:\/\/www.milosnicylasu.olsztyn.pl\/wp-content\/uploads\/2023\/01\/P1100009-www-300x225.jpg\" alt=\"\" width=\"300\" height=\"225\" srcset=\"https:\/\/www.milosnicylasu.olsztyn.pl\/wp-content\/uploads\/2023\/01\/P1100009-www-300x225.jpg 300w, https:\/\/www.milosnicylasu.olsztyn.pl\/wp-content\/uploads\/2023\/01\/P1100009-www-768x576.jpg 768w, https:\/\/www.milosnicylasu.olsztyn.pl\/wp-content\/uploads\/2023\/01\/P1100009-www.jpg 1024w\" sizes=\"auto, (max-width: 300px) 100vw, 300px\" \/><\/a><\/p>\n<p>Zwierz\u0119ta, kt\u00f3re nie zasypiaj\u0105, szukaj\u0105 po\u017cywienia w lesie i poza nim. Uwaga na dziki, jelenie i \u017cubry \u2013 mo\u017cemy spotka\u0107 je na swojej drodze. Je\u015bli zwierz\u0105t nie zaobserwujemy bezpo\u015brednio, to na pewno spotkamy \u015blady ich aktywno\u015bci.<\/p>\n<p>Odarte z kory m\u0142ode sosny, \u015blady siekaczy na g\u0142adkiej korze \u015bwierka i okorowane drewno sosnowe \u015bwiadcz\u0105 o \u017cerowaniu jeleni. Takie uszkodzenia drzew, nazywane przez le\u015bnik\u00f3w spa\u0142owaniem, s\u0105 wynikiem wzmo\u017conego zapotrzebowania jeleni na znajduj\u0105ce si\u0119 w korze garbniki, wapno i fosfor, a tak\u017ce sole mineralne potrzebne do budowy poro\u017ca i ko\u015b\u0107ca oraz zachowania r\u00f3wnowagi biochemicznej organizmu.<\/p>\n<\/div>\n<\/div>\n<p><a href=\"https:\/\/www.milosnicylasu.olsztyn.pl\/wp-content\/uploads\/2021\/01\/DSCN6829-www.jpg\" data-rel=\"lightbox-image-3\" data-magnific_type=\"image\" data-rl_title=\"\" data-rl_caption=\"\" title=\"\"><img loading=\"lazy\" decoding=\"async\" class=\"size-medium wp-image-5913 alignright\" src=\"https:\/\/www.milosnicylasu.olsztyn.pl\/wp-content\/uploads\/2021\/01\/DSCN6829-www-300x225.jpg\" alt=\"\" width=\"300\" height=\"225\" srcset=\"https:\/\/www.milosnicylasu.olsztyn.pl\/wp-content\/uploads\/2021\/01\/DSCN6829-www-300x225.jpg 300w, https:\/\/www.milosnicylasu.olsztyn.pl\/wp-content\/uploads\/2021\/01\/DSCN6829-www-768x576.jpg 768w, https:\/\/www.milosnicylasu.olsztyn.pl\/wp-content\/uploads\/2021\/01\/DSCN6829-www.jpg 1024w\" sizes=\"auto, (max-width: 300px) 100vw, 300px\" \/><\/a>Tropy zwierz\u0105t daj\u0105 nam poj\u0119cie o zimowym \u017cyciu lasu. Mamy okazj\u0119, o wiele lepsz\u0105 ni\u017c latem, bawi\u0107 si\u0119 w tropicieli i uczy\u0107 si\u0119 odczytywania krok po kroku zachowa\u0144 mieszka\u0144c\u00f3w lasu, od wyruszenia na \u017cer, a\u017c po ukrycie si\u0119 w ostoi. Z \u0142atwo\u015bci\u0105 odnajdziemy tropy jelenia, sarny i dzika, a bywa, \u017ce \u0142osia&#8230;&#8230;,<\/p>\n<\/div>\n<\/div>\n","protected":false},"excerpt":{"rendered":"<p>Warto odwiedzi\u0107 las zimow\u0105 por\u0105 wybieraj\u0105c si\u0119 na piesz\u0105 wycieczk\u0119.\u00a0 Oka\u017ce si\u0119 wtedy, \u017ce nie ca\u0142a przyroda zapad\u0142a w g\u0142\u0119boki sen. Nawet, gdy nie b\u0142y\u015bnie nisko zawieszone o tej porze roku s\u0142o\u0144ce, przekonamy si\u0119, \u017ce w zimowym, styczniowym\u00a0\u00a0 lesie jest naprawd\u0119 pi\u0119knie. Tylko pozornie w lesie nic nie dzieje si\u0119 zim\u0105. Wi\u0119kszo\u015b\u0107 zwierz\u0105t, szczeg\u00f3lnie owad\u00f3w, [&hellip;]<\/p>\n","protected":false},"author":2,"featured_media":0,"comment_status":"open","ping_status":"open","sticky":false,"template":"","format":"standard","meta":{"footnotes":""},"categories":[1,9,17],"tags":[],"class_list":["post-7734","post","type-post","status-publish","format-standard","hentry","category-bez-kategorii","category-ciekawostki","category-edukacja-w-terenie"],"_links":{"self":[{"href":"https:\/\/www.milosnicylasu.olsztyn.pl\/index.php?rest_route=\/wp\/v2\/posts\/7734","targetHints":{"allow":["GET"]}}],"collection":[{"href":"https:\/\/www.milosnicylasu.olsztyn.pl\/index.php?rest_route=\/wp\/v2\/posts"}],"about":[{"href":"https:\/\/www.milosnicylasu.olsztyn.pl\/index.php?rest_route=\/wp\/v2\/types\/post"}],"author":[{"embeddable":true,"href":"https:\/\/www.milosnicylasu.olsztyn.pl\/index.php?rest_route=\/wp\/v2\/users\/2"}],"replies":[{"embeddable":true,"href":"https:\/\/www.milosnicylasu.olsztyn.pl\/index.php?rest_route=%2Fwp%2Fv2%2Fcomments&post=7734"}],"version-history":[{"count":7,"href":"https:\/\/www.milosnicylasu.olsztyn.pl\/index.php?rest_route=\/wp\/v2\/posts\/7734\/revisions"}],"predecessor-version":[{"id":7745,"href":"https:\/\/www.milosnicylasu.olsztyn.pl\/index.php?rest_route=\/wp\/v2\/posts\/7734\/revisions\/7745"}],"wp:attachment":[{"href":"https:\/\/www.milosnicylasu.olsztyn.pl\/index.php?rest_route=%2Fwp%2Fv2%2Fmedia&parent=7734"}],"wp:term":[{"taxonomy":"category","embeddable":true,"href":"https:\/\/www.milosnicylasu.olsztyn.pl\/index.php?rest_route=%2Fwp%2Fv2%2Fcategories&post=7734"},{"taxonomy":"post_tag","embeddable":true,"href":"https:\/\/www.milosnicylasu.olsztyn.pl\/index.php?rest_route=%2Fwp%2Fv2%2Ftags&post=7734"}],"curies":[{"name":"wp","href":"https:\/\/api.w.org\/{rel}","templated":true}]}}