{"id":7746,"date":"2023-01-23T06:56:00","date_gmt":"2023-01-23T05:56:00","guid":{"rendered":"https:\/\/www.milosnicylasu.olsztyn.pl\/?p=7746"},"modified":"2023-01-23T06:56:00","modified_gmt":"2023-01-23T05:56:00","slug":"zima","status":"publish","type":"post","link":"https:\/\/www.milosnicylasu.olsztyn.pl\/?p=7746","title":{"rendered":"Zima"},"content":{"rendered":"<p><a href=\"https:\/\/www.milosnicylasu.olsztyn.pl\/wp-content\/uploads\/2023\/01\/DSCN0288-WWW.jpg\" data-rel=\"lightbox-image-0\" data-magnific_type=\"image\" data-rl_title=\"\" data-rl_caption=\"\" title=\"\"><img loading=\"lazy\" decoding=\"async\" class=\"size-medium wp-image-7747 alignleft\" src=\"https:\/\/www.milosnicylasu.olsztyn.pl\/wp-content\/uploads\/2023\/01\/DSCN0288-WWW-300x225.jpg\" alt=\"\" width=\"300\" height=\"225\" srcset=\"https:\/\/www.milosnicylasu.olsztyn.pl\/wp-content\/uploads\/2023\/01\/DSCN0288-WWW-300x225.jpg 300w, https:\/\/www.milosnicylasu.olsztyn.pl\/wp-content\/uploads\/2023\/01\/DSCN0288-WWW-768x576.jpg 768w, https:\/\/www.milosnicylasu.olsztyn.pl\/wp-content\/uploads\/2023\/01\/DSCN0288-WWW.jpg 1024w\" sizes=\"auto, (max-width: 300px) 100vw, 300px\" \/><\/a>\u201e<em><strong>Nagle, pewnego dnia, zmieni\u0142o si\u0119 wszystko. Zeschni\u0119te trawy i zio\u0142a zrobi\u0142y si\u0119 zupe\u0142nie bia\u0142e. Ka\u017cda baldaszkowa ro\u015blina by\u0142a tak pi\u0119kna, \u017ce spojrzenia od niej nie mo\u017cna by\u0142o oderwa\u0107, z samych gwiazd z\u0142o\u017cona. Na polnych \u017ar\u00f3de\u0142kach, cieniutkim lodem przykrytych, le\u017ca\u0142y kocie \u0142apki. Z brz\u00f3z zwisa\u0142y leciusie\u0144kie d\u0142ugie girlandy, a wierzby stan\u0119\u0142y w szronie jak olbrzymie kryszta\u0142owe bukiety. \u0141odygi r\u00f3\u017c okry\u0142y si\u0119 niezliczonymi jakby szklanymi kolcami. Zdawa\u0142o si\u0119, \u017ce wszystkie drzewa i trawy zakwit\u0142y najczystszym bia\u0142ym kwieciem, osypanym brylantami\u201d. Antonina Zachara-Wn\u0119kowa, \u201eBa\u0142wan\u201d, \u201eBa\u015bnie spod Gorc\u00f3w\u201d<a href=\"https:\/\/www.milosnicylasu.olsztyn.pl\/wp-content\/uploads\/2023\/01\/DSCN0279-www.jpg\" data-rel=\"lightbox-image-1\" data-magnific_type=\"image\" data-rl_title=\"\" data-rl_caption=\"\" title=\"\"><img loading=\"lazy\" decoding=\"async\" class=\"size-medium wp-image-7748 alignright\" src=\"https:\/\/www.milosnicylasu.olsztyn.pl\/wp-content\/uploads\/2023\/01\/DSCN0279-www-300x225.jpg\" alt=\"\" width=\"300\" height=\"225\" srcset=\"https:\/\/www.milosnicylasu.olsztyn.pl\/wp-content\/uploads\/2023\/01\/DSCN0279-www-300x225.jpg 300w, https:\/\/www.milosnicylasu.olsztyn.pl\/wp-content\/uploads\/2023\/01\/DSCN0279-www-768x576.jpg 768w, https:\/\/www.milosnicylasu.olsztyn.pl\/wp-content\/uploads\/2023\/01\/DSCN0279-www.jpg 1024w\" sizes=\"auto, (max-width: 300px) 100vw, 300px\" \/><\/a><\/strong><\/em><\/p>\n<p><strong>Jeszcze tydzie\u0144 temu te\u017c by\u0142a zima, ale jak\u017ce inna. Tak pi\u0119knie, \u017ce dech zapiera. Pi\u0119knie opisa\u0142a to Pani Antonina. Najwytrwalsi piechurzy z Ko\u0142a Mi\u0142o\u015bnik\u00f3w Lasu i Militari\u00f3w LOK przy ATW w Olsztynie w sobot\u0119 21 stycznia 2023 roku ogl\u0105dali te cuda. Przy okazji, co niekt\u00f3rzy, wykazali si\u0119\u00a0 wiedz\u0105 podczas nowego konkursu przygotowanego przez prezesa Anatola Leszczy\u0144skiego i zdobyli nagrody. Gratulujemy!<\/strong><a href=\"https:\/\/www.milosnicylasu.olsztyn.pl\/wp-content\/uploads\/2023\/01\/DSCN0280-www.jpg\" data-rel=\"lightbox-image-2\" data-magnific_type=\"image\" data-rl_title=\"\" data-rl_caption=\"\" title=\"\"><img loading=\"lazy\" decoding=\"async\" class=\"size-medium wp-image-7750 alignright\" src=\"https:\/\/www.milosnicylasu.olsztyn.pl\/wp-content\/uploads\/2023\/01\/DSCN0280-www-300x225.jpg\" alt=\"\" width=\"300\" height=\"225\" srcset=\"https:\/\/www.milosnicylasu.olsztyn.pl\/wp-content\/uploads\/2023\/01\/DSCN0280-www-300x225.jpg 300w, https:\/\/www.milosnicylasu.olsztyn.pl\/wp-content\/uploads\/2023\/01\/DSCN0280-www-768x576.jpg 768w, https:\/\/www.milosnicylasu.olsztyn.pl\/wp-content\/uploads\/2023\/01\/DSCN0280-www.jpg 1024w\" sizes=\"auto, (max-width: 300px) 100vw, 300px\" \/><\/a><a href=\"https:\/\/www.milosnicylasu.olsztyn.pl\/wp-content\/uploads\/2023\/01\/DSCN0284-www.jpg\" data-rel=\"lightbox-image-3\" data-magnific_type=\"image\" data-rl_title=\"\" data-rl_caption=\"\" title=\"\"><img loading=\"lazy\" decoding=\"async\" class=\"size-medium wp-image-7749 alignleft\" src=\"https:\/\/www.milosnicylasu.olsztyn.pl\/wp-content\/uploads\/2023\/01\/DSCN0284-www-300x225.jpg\" alt=\"\" width=\"300\" height=\"225\" srcset=\"https:\/\/www.milosnicylasu.olsztyn.pl\/wp-content\/uploads\/2023\/01\/DSCN0284-www-300x225.jpg 300w, https:\/\/www.milosnicylasu.olsztyn.pl\/wp-content\/uploads\/2023\/01\/DSCN0284-www-768x576.jpg 768w, https:\/\/www.milosnicylasu.olsztyn.pl\/wp-content\/uploads\/2023\/01\/DSCN0284-www.jpg 1024w\" sizes=\"auto, (max-width: 300px) 100vw, 300px\" \/><\/a><\/p>\n","protected":false},"excerpt":{"rendered":"<p>\u201eNagle, pewnego dnia, zmieni\u0142o si\u0119 wszystko. Zeschni\u0119te trawy i zio\u0142a zrobi\u0142y si\u0119 zupe\u0142nie bia\u0142e. Ka\u017cda baldaszkowa ro\u015blina by\u0142a tak pi\u0119kna, \u017ce spojrzenia od niej nie mo\u017cna by\u0142o oderwa\u0107, z samych gwiazd z\u0142o\u017cona. Na polnych \u017ar\u00f3de\u0142kach, cieniutkim lodem przykrytych, le\u017ca\u0142y kocie \u0142apki. Z brz\u00f3z zwisa\u0142y leciusie\u0144kie d\u0142ugie girlandy, a wierzby stan\u0119\u0142y w szronie jak olbrzymie kryszta\u0142owe [&hellip;]<\/p>\n","protected":false},"author":2,"featured_media":0,"comment_status":"open","ping_status":"open","sticky":false,"template":"","format":"standard","meta":{"footnotes":""},"categories":[1,9,17],"tags":[],"class_list":["post-7746","post","type-post","status-publish","format-standard","hentry","category-bez-kategorii","category-ciekawostki","category-edukacja-w-terenie"],"_links":{"self":[{"href":"https:\/\/www.milosnicylasu.olsztyn.pl\/index.php?rest_route=\/wp\/v2\/posts\/7746","targetHints":{"allow":["GET"]}}],"collection":[{"href":"https:\/\/www.milosnicylasu.olsztyn.pl\/index.php?rest_route=\/wp\/v2\/posts"}],"about":[{"href":"https:\/\/www.milosnicylasu.olsztyn.pl\/index.php?rest_route=\/wp\/v2\/types\/post"}],"author":[{"embeddable":true,"href":"https:\/\/www.milosnicylasu.olsztyn.pl\/index.php?rest_route=\/wp\/v2\/users\/2"}],"replies":[{"embeddable":true,"href":"https:\/\/www.milosnicylasu.olsztyn.pl\/index.php?rest_route=%2Fwp%2Fv2%2Fcomments&post=7746"}],"version-history":[{"count":1,"href":"https:\/\/www.milosnicylasu.olsztyn.pl\/index.php?rest_route=\/wp\/v2\/posts\/7746\/revisions"}],"predecessor-version":[{"id":7751,"href":"https:\/\/www.milosnicylasu.olsztyn.pl\/index.php?rest_route=\/wp\/v2\/posts\/7746\/revisions\/7751"}],"wp:attachment":[{"href":"https:\/\/www.milosnicylasu.olsztyn.pl\/index.php?rest_route=%2Fwp%2Fv2%2Fmedia&parent=7746"}],"wp:term":[{"taxonomy":"category","embeddable":true,"href":"https:\/\/www.milosnicylasu.olsztyn.pl\/index.php?rest_route=%2Fwp%2Fv2%2Fcategories&post=7746"},{"taxonomy":"post_tag","embeddable":true,"href":"https:\/\/www.milosnicylasu.olsztyn.pl\/index.php?rest_route=%2Fwp%2Fv2%2Ftags&post=7746"}],"curies":[{"name":"wp","href":"https:\/\/api.w.org\/{rel}","templated":true}]}}