{"id":7768,"date":"2023-02-04T05:27:25","date_gmt":"2023-02-04T04:27:25","guid":{"rendered":"https:\/\/www.milosnicylasu.olsztyn.pl\/?p=7768"},"modified":"2023-02-04T09:07:07","modified_gmt":"2023-02-04T08:07:07","slug":"medale-statuetki-nagrody","status":"publish","type":"post","link":"https:\/\/www.milosnicylasu.olsztyn.pl\/?p=7768","title":{"rendered":"Medale, statuetki, nagrody&#8230;&#8230;."},"content":{"rendered":"<p><a href=\"https:\/\/www.milosnicylasu.olsztyn.pl\/wp-content\/uploads\/2023\/02\/DSCN0304-www.jpg\" data-rel=\"lightbox-image-0\" data-magnific_type=\"image\" data-rl_title=\"\" data-rl_caption=\"\" title=\"\"><img loading=\"lazy\" decoding=\"async\" class=\"size-medium wp-image-7769 alignleft\" src=\"https:\/\/www.milosnicylasu.olsztyn.pl\/wp-content\/uploads\/2023\/02\/DSCN0304-www-300x225.jpg\" alt=\"\" width=\"300\" height=\"225\" srcset=\"https:\/\/www.milosnicylasu.olsztyn.pl\/wp-content\/uploads\/2023\/02\/DSCN0304-www-300x225.jpg 300w, https:\/\/www.milosnicylasu.olsztyn.pl\/wp-content\/uploads\/2023\/02\/DSCN0304-www-768x576.jpg 768w, https:\/\/www.milosnicylasu.olsztyn.pl\/wp-content\/uploads\/2023\/02\/DSCN0304-www.jpg 1024w\" sizes=\"auto, (max-width: 300px) 100vw, 300px\" \/><\/a><strong>Mimo zimowej aury&#8230;. wiele si\u0119 dzia\u0142o w Kole Mi\u0142o\u015bnik\u00f3w Lasu i Militari\u00f3w LOK przy ATW w Olsztynie w styczniu 2023 roku: czwartek ekologiczny w RDLP w Olsztynie, rajdy,\u00a0 w tym\u00a0 marsz na azymut, konkurs, zawody strzeleckie. <a href=\"https:\/\/www.milosnicylasu.olsztyn.pl\/wp-content\/uploads\/2023\/02\/DSCN0300-www.jpg\" data-rel=\"lightbox-image-1\" data-magnific_type=\"image\" data-rl_title=\"\" data-rl_caption=\"\" title=\"\"><img loading=\"lazy\" decoding=\"async\" class=\"size-medium wp-image-7770 alignright\" src=\"https:\/\/www.milosnicylasu.olsztyn.pl\/wp-content\/uploads\/2023\/02\/DSCN0300-www-300x225.jpg\" alt=\"\" width=\"300\" height=\"225\" srcset=\"https:\/\/www.milosnicylasu.olsztyn.pl\/wp-content\/uploads\/2023\/02\/DSCN0300-www-300x225.jpg 300w, https:\/\/www.milosnicylasu.olsztyn.pl\/wp-content\/uploads\/2023\/02\/DSCN0300-www-768x576.jpg 768w, https:\/\/www.milosnicylasu.olsztyn.pl\/wp-content\/uploads\/2023\/02\/DSCN0300-www.jpg 1024w\" sizes=\"auto, (max-width: 300px) 100vw, 300px\" \/><\/a><\/strong><\/p>\n<p><strong> A jak konkursy, zawody i rajdy tematyczne to s\u0105 dobrzy i najlepsi, kt\u00f3rzy zostali uhonorowani\u00a0 &#8211; m\u0142odzi cz\u0142onkowie Ko\u0142a na sobotnim spotkaniu w lesie \/otrzymali z\u0142ote medale\/\u00a0 a Ci troch\u0119 starsi podczas czwartkowego zebrania 02.02.2023r.<\/strong><\/p>\n<p><strong>14 stycznia odby\u0142 si\u0119 \u201e Marsz na azymut\u201d Osoby kt\u00f3re\u00a0 dotar\u0142y w okre\u015blonym czasie do mety i uko\u0144czy\u0142y ten marsz, otrzyma\u0142y drobne upominki:<\/strong><\/p>\n<p><strong>Stefania Jarczyk, Mariola Soral \u2013 \u015amietana, Marianna Bonis\u0142awska, Barbara Janowska, Renata Janicka, Antoni Jarczyk, Anatol Leszczy\u0144ski.<\/strong><\/p>\n<p><strong><a href=\"https:\/\/www.milosnicylasu.olsztyn.pl\/wp-content\/uploads\/2023\/02\/DSCN0308-www.jpg\" data-rel=\"lightbox-image-2\" data-magnific_type=\"image\" data-rl_title=\"\" data-rl_caption=\"\" title=\"\"><img loading=\"lazy\" decoding=\"async\" class=\"size-medium wp-image-7771 alignleft\" src=\"https:\/\/www.milosnicylasu.olsztyn.pl\/wp-content\/uploads\/2023\/02\/DSCN0308-www-300x225.jpg\" alt=\"\" width=\"300\" height=\"225\" srcset=\"https:\/\/www.milosnicylasu.olsztyn.pl\/wp-content\/uploads\/2023\/02\/DSCN0308-www-300x225.jpg 300w, https:\/\/www.milosnicylasu.olsztyn.pl\/wp-content\/uploads\/2023\/02\/DSCN0308-www-768x576.jpg 768w, https:\/\/www.milosnicylasu.olsztyn.pl\/wp-content\/uploads\/2023\/02\/DSCN0308-www.jpg 1024w\" sizes=\"auto, (max-width: 300px) 100vw, 300px\" \/><\/a>\u00a021 stycznia\u00a0 w le\u015bnej scenerii odby\u0142 si\u0119 konkurs z wiedzy\u00a0 o \u201e Babci i Dziadku\u201d\u00a0<\/strong><\/p>\n<p><strong>Najwi\u0119ksz\u0105 wiedz\u0105 wykazali si\u0119: J\u00f3zek Gazda, Henio B\u0142aszczak, Renata Janicka, Basia Janowska, Maria Igli\u0144ska. Otrzymali drobne upominki. <\/strong><\/p>\n<p><strong>\u00a0\u00a0\u00a0\u00a0\u00a0\u00a0\u00a0\u00a0 W dniu 23 stycznia\u00a0 na strzelnicy sportowej w ZW LOK odby\u0142y si\u0119 :<\/strong><\/p>\n<p><strong>\u00a0\u00a0\u00a0\u00a0\u00a0\u00a0\u00a0\u00a0\u00a0\u00a0\u00a0 <a href=\"https:\/\/www.milosnicylasu.olsztyn.pl\/wp-content\/uploads\/2023\/02\/DSCN0314-www.jpg\" data-rel=\"lightbox-image-3\" data-magnific_type=\"image\" data-rl_title=\"\" data-rl_caption=\"\" title=\"\"><img loading=\"lazy\" decoding=\"async\" class=\"size-medium wp-image-7773 alignright\" src=\"https:\/\/www.milosnicylasu.olsztyn.pl\/wp-content\/uploads\/2023\/02\/DSCN0314-www-300x225.jpg\" alt=\"\" width=\"300\" height=\"225\" srcset=\"https:\/\/www.milosnicylasu.olsztyn.pl\/wp-content\/uploads\/2023\/02\/DSCN0314-www-300x225.jpg 300w, https:\/\/www.milosnicylasu.olsztyn.pl\/wp-content\/uploads\/2023\/02\/DSCN0314-www-768x576.jpg 768w, https:\/\/www.milosnicylasu.olsztyn.pl\/wp-content\/uploads\/2023\/02\/DSCN0314-www.jpg 1024w\" sizes=\"auto, (max-width: 300px) 100vw, 300px\" \/><\/a> Zawody strzeleckie z okazji \u201e Dnia Babci i Dziadka\u201d.\u00a0 Najlepszymi strzelcami okazali si\u0119:<\/strong><\/p>\n<p><strong>Konkurencja Pa\u0144 \u2013 Anna D\u0105browska z\u0142oty medal, Wies\u0142awa Filipek srebrny medal, Maria Igli\u0144ska br\u0105zowy Medal<\/strong><\/p>\n<p><strong>Panowie \u2013 Rysio Chudziakiewicz z\u0142oty medal, Jan Filipek i Wojciech D\u0105browski srebrny medal, Kazio Mi\u0142owski br\u0105zowy medal.<a href=\"https:\/\/www.milosnicylasu.olsztyn.pl\/wp-content\/uploads\/2023\/02\/DSCN0313-WWW.jpg\" data-rel=\"lightbox-image-4\" data-magnific_type=\"image\" data-rl_title=\"\" data-rl_caption=\"\" title=\"\"><img loading=\"lazy\" decoding=\"async\" class=\"size-medium wp-image-7772 aligncenter\" src=\"https:\/\/www.milosnicylasu.olsztyn.pl\/wp-content\/uploads\/2023\/02\/DSCN0313-WWW-300x225.jpg\" alt=\"\" width=\"300\" height=\"225\" srcset=\"https:\/\/www.milosnicylasu.olsztyn.pl\/wp-content\/uploads\/2023\/02\/DSCN0313-WWW-300x225.jpg 300w, https:\/\/www.milosnicylasu.olsztyn.pl\/wp-content\/uploads\/2023\/02\/DSCN0313-WWW-768x576.jpg 768w, https:\/\/www.milosnicylasu.olsztyn.pl\/wp-content\/uploads\/2023\/02\/DSCN0313-WWW.jpg 1024w\" sizes=\"auto, (max-width: 300px) 100vw, 300px\" \/><\/a><\/strong><\/p>\n<p><strong>Mi\u0142ym zaskoczeniem dla os\u00f3b organizuj\u0105cych w ci\u0105gu wielu lat wystawy r\u0119kodzie\u0142a artystycznego w RDLP w Olsztynie, by\u0142o otrzymanie pi\u0119knych statuetek.<\/strong><\/p>\n<p><strong>Statuetki otrzyma\u0142y nast\u0119puj\u0105ce osoby:Janina Kluczek, Krystyna Leszczy\u0144ska, Wies\u0142awa Filipek, Bo\u017cena B\u0142aszczuk, Ryszard Chudziakiewicz.<\/strong><\/p>\n<p><strong>Gratulujemy!<\/strong><\/p>\n","protected":false},"excerpt":{"rendered":"<p>Mimo zimowej aury&#8230;. wiele si\u0119 dzia\u0142o w Kole Mi\u0142o\u015bnik\u00f3w Lasu i Militari\u00f3w LOK przy ATW w Olsztynie w styczniu 2023 roku: czwartek ekologiczny w RDLP w Olsztynie, rajdy,\u00a0 w tym\u00a0 marsz na azymut, konkurs, zawody strzeleckie. A jak konkursy, zawody i rajdy tematyczne to s\u0105 dobrzy i najlepsi, kt\u00f3rzy zostali uhonorowani\u00a0 &#8211; m\u0142odzi cz\u0142onkowie Ko\u0142a [&hellip;]<\/p>\n","protected":false},"author":2,"featured_media":0,"comment_status":"open","ping_status":"open","sticky":false,"template":"","format":"standard","meta":{"footnotes":""},"categories":[1,9,17,13,2,11,8,3],"tags":[],"class_list":["post-7768","post","type-post","status-publish","format-standard","hentry","category-bez-kategorii","category-ciekawostki","category-edukacja-w-terenie","category-konkursy","category-rajdy","category-spotkania-artystyczne","category-zawody-strzeleckie","category-zebrania"],"_links":{"self":[{"href":"https:\/\/www.milosnicylasu.olsztyn.pl\/index.php?rest_route=\/wp\/v2\/posts\/7768","targetHints":{"allow":["GET"]}}],"collection":[{"href":"https:\/\/www.milosnicylasu.olsztyn.pl\/index.php?rest_route=\/wp\/v2\/posts"}],"about":[{"href":"https:\/\/www.milosnicylasu.olsztyn.pl\/index.php?rest_route=\/wp\/v2\/types\/post"}],"author":[{"embeddable":true,"href":"https:\/\/www.milosnicylasu.olsztyn.pl\/index.php?rest_route=\/wp\/v2\/users\/2"}],"replies":[{"embeddable":true,"href":"https:\/\/www.milosnicylasu.olsztyn.pl\/index.php?rest_route=%2Fwp%2Fv2%2Fcomments&post=7768"}],"version-history":[{"count":4,"href":"https:\/\/www.milosnicylasu.olsztyn.pl\/index.php?rest_route=\/wp\/v2\/posts\/7768\/revisions"}],"predecessor-version":[{"id":7780,"href":"https:\/\/www.milosnicylasu.olsztyn.pl\/index.php?rest_route=\/wp\/v2\/posts\/7768\/revisions\/7780"}],"wp:attachment":[{"href":"https:\/\/www.milosnicylasu.olsztyn.pl\/index.php?rest_route=%2Fwp%2Fv2%2Fmedia&parent=7768"}],"wp:term":[{"taxonomy":"category","embeddable":true,"href":"https:\/\/www.milosnicylasu.olsztyn.pl\/index.php?rest_route=%2Fwp%2Fv2%2Fcategories&post=7768"},{"taxonomy":"post_tag","embeddable":true,"href":"https:\/\/www.milosnicylasu.olsztyn.pl\/index.php?rest_route=%2Fwp%2Fv2%2Ftags&post=7768"}],"curies":[{"name":"wp","href":"https:\/\/api.w.org\/{rel}","templated":true}]}}