{"id":7776,"date":"2023-02-04T06:06:18","date_gmt":"2023-02-04T05:06:18","guid":{"rendered":"https:\/\/www.milosnicylasu.olsztyn.pl\/?p=7776"},"modified":"2023-02-06T14:16:35","modified_gmt":"2023-02-06T13:16:35","slug":"zapraszamy-na-niezwykla-wystawe-11-stycznia-2023-roku","status":"publish","type":"post","link":"https:\/\/www.milosnicylasu.olsztyn.pl\/?p=7776","title":{"rendered":"Zapraszamy na niezwyk\u0142\u0105 wystaw\u0119 11 lutego 2023 roku"},"content":{"rendered":"<p><strong> 11 lutego zapraszamy na oryginaln\u0105 wystaw\u0119 do Stawigudy.<\/strong><\/p>\n<p><strong>Spotkanie na przystanku MPK linii 129 ul. Rosswelta kierunek Kortowo godz. 7,25.<\/strong><\/p>\n<p><strong>Czas przejazdu oko\u0142o 35 minut. W Gminnym O\u015brodku\u00a0 Kultury w Stawigudzie\u00a0 b\u0119dziemy zwiedzali wystaw\u0119 zabytkowych miniatur Warmii i Mazur, wykonanych przez Pana Henryka Drajera\u00a0 &#8211; historyka architektury zabytkowej : ratusze, ko\u015bcio\u0142y, kapliczki. Planowany powr\u00f3t autobusem MPK lub okejk\u0105. Henryk Drajer urodzi\u0142 si\u0119 i mieszka w Olsztynie. Przej\u015bcie na emerytur\u0119 pozwoli\u0142o mu czas wolny wykorzysta\u0107 na po\u015bwi\u0119cenie si\u0119 swojej wyj\u0105tkowej pasji. Od kilkunastu lat z ogromn\u0105 dok\u0142adno\u015bci\u0105 szuka dokumentacji budynk\u00f3w, kt\u00f3re go interesuj\u0105. Poddaje analizie, dokonuje pomiar\u00f3w, rozrysowuje i zmniejsza. Jest to praca \u017cmudna i czasoch\u0142onna, kt\u00f3ra jednak daje wiele rado\u015bci i pozwala oderwa\u0107 my\u015bli od dnia codziennego. Mamy nadziej\u0119, \u017ce uczestnikom wyjazdu dzie\u0142a Pana Henryka te\u017c pozwol\u0105 i na chwile rado\u015bci, relaksu.<\/strong><\/p>\n<p><strong>Organizatorem wyjazdu jest Anatol Leszczy\u0144ski<\/strong><\/p>\n<p>&nbsp;<\/p>\n<p>&nbsp;<\/p>\n","protected":false},"excerpt":{"rendered":"<p>11 lutego zapraszamy na oryginaln\u0105 wystaw\u0119 do Stawigudy. Spotkanie na przystanku MPK linii 129 ul. Rosswelta kierunek Kortowo godz. 7,25. Czas przejazdu oko\u0142o 35 minut. W Gminnym O\u015brodku\u00a0 Kultury w Stawigudzie\u00a0 b\u0119dziemy zwiedzali wystaw\u0119 zabytkowych miniatur Warmii i Mazur, wykonanych przez Pana Henryka Drajera\u00a0 &#8211; historyka architektury zabytkowej : ratusze, ko\u015bcio\u0142y, kapliczki. Planowany powr\u00f3t autobusem [&hellip;]<\/p>\n","protected":false},"author":2,"featured_media":0,"comment_status":"open","ping_status":"open","sticky":false,"template":"","format":"standard","meta":{"footnotes":""},"categories":[1,9,17],"tags":[],"class_list":["post-7776","post","type-post","status-publish","format-standard","hentry","category-bez-kategorii","category-ciekawostki","category-edukacja-w-terenie"],"_links":{"self":[{"href":"https:\/\/www.milosnicylasu.olsztyn.pl\/index.php?rest_route=\/wp\/v2\/posts\/7776","targetHints":{"allow":["GET"]}}],"collection":[{"href":"https:\/\/www.milosnicylasu.olsztyn.pl\/index.php?rest_route=\/wp\/v2\/posts"}],"about":[{"href":"https:\/\/www.milosnicylasu.olsztyn.pl\/index.php?rest_route=\/wp\/v2\/types\/post"}],"author":[{"embeddable":true,"href":"https:\/\/www.milosnicylasu.olsztyn.pl\/index.php?rest_route=\/wp\/v2\/users\/2"}],"replies":[{"embeddable":true,"href":"https:\/\/www.milosnicylasu.olsztyn.pl\/index.php?rest_route=%2Fwp%2Fv2%2Fcomments&post=7776"}],"version-history":[{"count":3,"href":"https:\/\/www.milosnicylasu.olsztyn.pl\/index.php?rest_route=\/wp\/v2\/posts\/7776\/revisions"}],"predecessor-version":[{"id":7781,"href":"https:\/\/www.milosnicylasu.olsztyn.pl\/index.php?rest_route=\/wp\/v2\/posts\/7776\/revisions\/7781"}],"wp:attachment":[{"href":"https:\/\/www.milosnicylasu.olsztyn.pl\/index.php?rest_route=%2Fwp%2Fv2%2Fmedia&parent=7776"}],"wp:term":[{"taxonomy":"category","embeddable":true,"href":"https:\/\/www.milosnicylasu.olsztyn.pl\/index.php?rest_route=%2Fwp%2Fv2%2Fcategories&post=7776"},{"taxonomy":"post_tag","embeddable":true,"href":"https:\/\/www.milosnicylasu.olsztyn.pl\/index.php?rest_route=%2Fwp%2Fv2%2Ftags&post=7776"}],"curies":[{"name":"wp","href":"https:\/\/api.w.org\/{rel}","templated":true}]}}