{"id":7783,"date":"2023-02-07T06:42:39","date_gmt":"2023-02-07T05:42:39","guid":{"rendered":"https:\/\/www.milosnicylasu.olsztyn.pl\/?p=7783"},"modified":"2023-02-07T08:02:19","modified_gmt":"2023-02-07T07:02:19","slug":"7783","status":"publish","type":"post","link":"https:\/\/www.milosnicylasu.olsztyn.pl\/?p=7783","title":{"rendered":"Czekaj\u0105c na wiosn\u0119"},"content":{"rendered":"<p><a href=\"https:\/\/www.milosnicylasu.olsztyn.pl\/wp-content\/uploads\/2023\/02\/P2050006-www.jpg\" data-rel=\"lightbox-image-0\" data-magnific_type=\"image\" data-rl_title=\"\" data-rl_caption=\"\" title=\"\"><img loading=\"lazy\" decoding=\"async\" class=\"size-medium wp-image-7784 alignleft\" src=\"https:\/\/www.milosnicylasu.olsztyn.pl\/wp-content\/uploads\/2023\/02\/P2050006-www-300x225.jpg\" alt=\"\" width=\"300\" height=\"225\" srcset=\"https:\/\/www.milosnicylasu.olsztyn.pl\/wp-content\/uploads\/2023\/02\/P2050006-www-300x225.jpg 300w, https:\/\/www.milosnicylasu.olsztyn.pl\/wp-content\/uploads\/2023\/02\/P2050006-www-768x576.jpg 768w, https:\/\/www.milosnicylasu.olsztyn.pl\/wp-content\/uploads\/2023\/02\/P2050006-www.jpg 1024w\" sizes=\"auto, (max-width: 300px) 100vw, 300px\" \/><\/a><\/p>\n<p><strong>Czy \u0142ab\u0119dzie odlatuj\u0105 na zim\u0119?<\/strong><\/p>\n<p><strong><em>&#8222;\u0141ab\u0119dzie zim\u0105 mog\u0105 odlatywa\u0107 do cieplejszych kraj\u00f3w. \u0141ab\u0119dzie nazywa si\u0119 ptakami cz\u0119\u015bciowo w\u0119drownymi. Oznacza to, \u017ce \u0142ab\u0119dzie zim\u0105 mog\u0105 odlatywa\u0107 do cieplejszych kraj\u00f3w, lecz nie zawsze to robi\u0105. \u0141ab\u0119dzie zimuj\u0105 w Europie i na Bliskim Wchodzie (Arabia Saudyjska- rzadko, Egipt-rzadko, Irak, Iran, Izrael -rzadko, Palestyna, Jemen, Jordani\u0119, Bahrajn, Katar, Kuwejt, Liban, Omen, Syri\u0119, Turcj\u0119, Zjednoczone Emiraty Arabskie). W naszym kraju \u0142ab\u0119dzie zimuj\u0105 na wybrze\u017cu Morza Ba\u0142tyckiego i na niezamarzni\u0119tych zbiornikach w g\u0142\u0119bi l\u0105du. Wylot \u0142ab\u0119dzi nast\u0119puje od wrze\u015bnia do grudnia, a powroty od lute<\/em>go do maja&#8221;. <\/strong><\/p>\n<p><strong>Szuka\u0142am odpowiedzi na pytanie po tym jak Tolek 5 lutego 2023 roku zrobi\u0142 zdj\u0119cie 12 \u0142ab\u0119dzi przelatuj\u0105cych nad Wad\u0105giem w Olsztynie. I tak do ko\u0144ca\u00a0 nie znalaz\u0142am odpowiedzi. a inne ciekawostki:<\/strong><\/p>\n<p><strong>\u0141ab\u0119dzie dojrza\u0142o\u015b\u0107 p\u0142ciow\u0105 osi\u0105gaj\u0105 w wieku 3 lat. W pary gniazduj\u0105ce \u0142ab\u0119dzie \u0142\u0105cz\u0105 si\u0119 na jesie\u0144. Toki, bo tak nazywaj\u0105 si\u0119 gody \u0142ab\u0119dzie, polegaj\u0105 na swoistym ta\u0144cu. Taniec \u0142ab\u0119dzi polega na zanurzaniu przedniej cz\u0119\u015bci cia\u0142a jak do nurkowania po pokarm i wynurzeniu si\u0119, prostowaniu szyi i dociskaniu piersiami do drugiego \u0142ab\u0119dzia. Wiosn\u0105 dwa \u0142ab\u0119dzie poszukuj\u0105 miejsca na gniazdo. Gniazdo \u0142ab\u0119dzia budowane jest przez samic\u0119, materia\u0142 dostarcza samiec. Gniazdo pary zawsze jest p\u0142ywaj\u0105ce, bezpieczne zakamuflowane w\u015br\u00f3d trzcin. Samiec \u0142ab\u0119dzia pe\u0142ni funkcje obro\u0144cy, to on pilnuje gniazda i przep\u0119dza drapie\u017cniki czy intruz\u00f3w. Jaja \u0142ab\u0119dzie sk\u0142adaj\u0105 raz w roku, na prze\u0142omie kwietnia i maja. Podczas jednego l\u0119gu na \u015bwiat przychodzi od 6 do 9 piskl\u0105t, kt\u00f3re wykluwaj\u0105 si\u0119 z jaj po 35. dniach. Wysiadywaniem zajmuj\u0105 si\u0119 oboje rodzice, lecz g\u0142\u00f3wnie robi to samica \u0142ab\u0119dzia. Piskl\u0119tami opiekuj\u0105 si\u0119 ju\u017c oboje. Piskl\u0119ta do\u015b\u0107 szybko nabieraj\u0105 umiej\u0119tno\u015bci termoregulacji, chodzenia, biegania, pobierania pokarmu wskazanego przez rodzic\u00f3w, lecz nadal s\u0105 przez nich wspierane. W wieku 5. miesi\u0119cy piskl\u0119 \u0142ab\u0119dzia potrafi wzbi\u0107 si\u0119 do lotu.<\/strong><\/p>\n<p><strong>Nie do ko\u0144ca rozwi\u0105zana \u0142ab\u0119dzia zagadka&#8230;&#8230;&#8230;&#8230;&#8230;&#8230;&#8230;&#8230;&#8230;&#8230;&#8230;.., ale bobry \u017cyj\u0105 z nami ca\u0142y rok. Co prawda zobaczy\u0107 je trudno, ale \u015blady ich dzia\u0142alno\u015bci widzimy owszem na ka\u017cdym kroku, albo inaczej na co kt\u00f3rym\u015b \u015bci\u0119tym &#8222;w o\u0142\u00f3wek&#8221;drzewie<\/strong><\/p>\n<p><strong><a href=\"https:\/\/www.milosnicylasu.olsztyn.pl\/wp-content\/uploads\/2023\/02\/P2050026-www.jpg\" data-rel=\"lightbox-image-1\" data-magnific_type=\"image\" data-rl_title=\"\" data-rl_caption=\"\" title=\"\"><img loading=\"lazy\" decoding=\"async\" class=\"size-medium wp-image-7785\" src=\"https:\/\/www.milosnicylasu.olsztyn.pl\/wp-content\/uploads\/2023\/02\/P2050026-www-300x225.jpg\" alt=\"\" width=\"300\" height=\"225\" srcset=\"https:\/\/www.milosnicylasu.olsztyn.pl\/wp-content\/uploads\/2023\/02\/P2050026-www-300x225.jpg 300w, https:\/\/www.milosnicylasu.olsztyn.pl\/wp-content\/uploads\/2023\/02\/P2050026-www-768x576.jpg 768w, https:\/\/www.milosnicylasu.olsztyn.pl\/wp-content\/uploads\/2023\/02\/P2050026-www.jpg 1024w\" sizes=\"auto, (max-width: 300px) 100vw, 300px\" \/><\/a><\/strong><\/p>\n<p><strong><a href=\"https:\/\/www.milosnicylasu.olsztyn.pl\/wp-content\/uploads\/2023\/02\/P2050035-www.jpg\" data-rel=\"lightbox-image-2\" data-magnific_type=\"image\" data-rl_title=\"\" data-rl_caption=\"\" title=\"\"><img loading=\"lazy\" decoding=\"async\" class=\"size-medium wp-image-7786 alignright\" src=\"https:\/\/www.milosnicylasu.olsztyn.pl\/wp-content\/uploads\/2023\/02\/P2050035-www-225x300.jpg\" alt=\"\" width=\"225\" height=\"300\" srcset=\"https:\/\/www.milosnicylasu.olsztyn.pl\/wp-content\/uploads\/2023\/02\/P2050035-www-225x300.jpg 225w, https:\/\/www.milosnicylasu.olsztyn.pl\/wp-content\/uploads\/2023\/02\/P2050035-www.jpg 768w\" sizes=\"auto, (max-width: 225px) 100vw, 225px\" \/><\/a><\/strong><\/p>\n<p><strong>B\u00f3br europejski to gatunek dosy\u0107 liczny i rozpowszechniony w Polsce. Mo\u017cna go spotka\u0107 nad wi\u0119kszo\u015bci\u0105 rzek i jezior,\u00a0 w tym oczywi\u015bcie nad rzek\u0105 Wad\u0105g, kt\u00f3ra op\u0142ywa &#8222;nasz\u0105 wysp\u0119&#8221;. Opr\u00f3cz masy uszkodzonych drzew , wok\u00f3\u0142 wyspy,\u00a0 zobaczymy te\u017c \u017ceremia, czyli charakterystyczne sterty ga\u0142\u0119zi\u00a0 skrywaj\u0105ce such\u0105 komor\u0119, w kt\u00f3rej mieszka bobrza rodzina. Szczeg\u00f3lnie teraz widoczne s\u0105 bobrze mieszkania, nie zas\u0142aniaj\u0105 je krzewy, sitowia&#8230;<\/strong><\/p>\n<p><strong><a href=\"https:\/\/www.milosnicylasu.olsztyn.pl\/wp-content\/uploads\/2023\/02\/P2050011-www.jpg\" data-rel=\"lightbox-image-3\" data-magnific_type=\"image\" data-rl_title=\"\" data-rl_caption=\"\" title=\"\"><img loading=\"lazy\" decoding=\"async\" class=\"size-medium wp-image-7787\" src=\"https:\/\/www.milosnicylasu.olsztyn.pl\/wp-content\/uploads\/2023\/02\/P2050011-www-300x225.jpg\" alt=\"\" width=\"300\" height=\"225\" srcset=\"https:\/\/www.milosnicylasu.olsztyn.pl\/wp-content\/uploads\/2023\/02\/P2050011-www-300x225.jpg 300w, https:\/\/www.milosnicylasu.olsztyn.pl\/wp-content\/uploads\/2023\/02\/P2050011-www-768x576.jpg 768w, https:\/\/www.milosnicylasu.olsztyn.pl\/wp-content\/uploads\/2023\/02\/P2050011-www.jpg 1024w\" sizes=\"auto, (max-width: 300px) 100vw, 300px\" \/><\/a><\/strong><\/p>\n<p><strong><a href=\"https:\/\/www.milosnicylasu.olsztyn.pl\/wp-content\/uploads\/2023\/02\/P2050024-www-scaled.jpg\" data-rel=\"lightbox-image-4\" data-magnific_type=\"image\" data-rl_title=\"\" data-rl_caption=\"\" title=\"\">Zdj\u0119cia\u00a0 Anatol Leszczy\u0144ski<img loading=\"lazy\" decoding=\"async\" class=\"size-medium wp-image-7788 aligncenter\" src=\"https:\/\/www.milosnicylasu.olsztyn.pl\/wp-content\/uploads\/2023\/02\/P2050024-www-300x225.jpg\" alt=\"\" width=\"300\" height=\"225\" srcset=\"https:\/\/www.milosnicylasu.olsztyn.pl\/wp-content\/uploads\/2023\/02\/P2050024-www-300x225.jpg 300w, https:\/\/www.milosnicylasu.olsztyn.pl\/wp-content\/uploads\/2023\/02\/P2050024-www-1024x768.jpg 1024w, https:\/\/www.milosnicylasu.olsztyn.pl\/wp-content\/uploads\/2023\/02\/P2050024-www-768x576.jpg 768w, https:\/\/www.milosnicylasu.olsztyn.pl\/wp-content\/uploads\/2023\/02\/P2050024-www-1536x1152.jpg 1536w, https:\/\/www.milosnicylasu.olsztyn.pl\/wp-content\/uploads\/2023\/02\/P2050024-www-2048x1536.jpg 2048w\" sizes=\"auto, (max-width: 300px) 100vw, 300px\" \/><\/a><\/strong><\/p>\n<p><strong><a href=\"https:\/\/www.milosnicylasu.olsztyn.pl\/wp-content\/uploads\/2023\/02\/P2050037-www.jpg\" data-rel=\"lightbox-image-5\" data-magnific_type=\"image\" data-rl_title=\"\" data-rl_caption=\"\" title=\"\"><img loading=\"lazy\" decoding=\"async\" class=\"size-medium wp-image-7789 alignright\" src=\"https:\/\/www.milosnicylasu.olsztyn.pl\/wp-content\/uploads\/2023\/02\/P2050037-www-300x225.jpg\" alt=\"\" width=\"300\" height=\"225\" srcset=\"https:\/\/www.milosnicylasu.olsztyn.pl\/wp-content\/uploads\/2023\/02\/P2050037-www-300x225.jpg 300w, https:\/\/www.milosnicylasu.olsztyn.pl\/wp-content\/uploads\/2023\/02\/P2050037-www-768x576.jpg 768w, https:\/\/www.milosnicylasu.olsztyn.pl\/wp-content\/uploads\/2023\/02\/P2050037-www.jpg 1024w\" sizes=\"auto, (max-width: 300px) 100vw, 300px\" \/><\/a><\/strong><\/p>\n","protected":false},"excerpt":{"rendered":"<p>Czy \u0142ab\u0119dzie odlatuj\u0105 na zim\u0119? &#8222;\u0141ab\u0119dzie zim\u0105 mog\u0105 odlatywa\u0107 do cieplejszych kraj\u00f3w. \u0141ab\u0119dzie nazywa si\u0119 ptakami cz\u0119\u015bciowo w\u0119drownymi. Oznacza to, \u017ce \u0142ab\u0119dzie zim\u0105 mog\u0105 odlatywa\u0107 do cieplejszych kraj\u00f3w, lecz nie zawsze to robi\u0105. \u0141ab\u0119dzie zimuj\u0105 w Europie i na Bliskim Wchodzie (Arabia Saudyjska- rzadko, Egipt-rzadko, Irak, Iran, Izrael -rzadko, Palestyna, Jemen, Jordani\u0119, Bahrajn, Katar, Kuwejt, [&hellip;]<\/p>\n","protected":false},"author":2,"featured_media":0,"comment_status":"open","ping_status":"open","sticky":false,"template":"","format":"standard","meta":{"footnotes":""},"categories":[1,9,17],"tags":[],"class_list":["post-7783","post","type-post","status-publish","format-standard","hentry","category-bez-kategorii","category-ciekawostki","category-edukacja-w-terenie"],"_links":{"self":[{"href":"https:\/\/www.milosnicylasu.olsztyn.pl\/index.php?rest_route=\/wp\/v2\/posts\/7783","targetHints":{"allow":["GET"]}}],"collection":[{"href":"https:\/\/www.milosnicylasu.olsztyn.pl\/index.php?rest_route=\/wp\/v2\/posts"}],"about":[{"href":"https:\/\/www.milosnicylasu.olsztyn.pl\/index.php?rest_route=\/wp\/v2\/types\/post"}],"author":[{"embeddable":true,"href":"https:\/\/www.milosnicylasu.olsztyn.pl\/index.php?rest_route=\/wp\/v2\/users\/2"}],"replies":[{"embeddable":true,"href":"https:\/\/www.milosnicylasu.olsztyn.pl\/index.php?rest_route=%2Fwp%2Fv2%2Fcomments&post=7783"}],"version-history":[{"count":7,"href":"https:\/\/www.milosnicylasu.olsztyn.pl\/index.php?rest_route=\/wp\/v2\/posts\/7783\/revisions"}],"predecessor-version":[{"id":7796,"href":"https:\/\/www.milosnicylasu.olsztyn.pl\/index.php?rest_route=\/wp\/v2\/posts\/7783\/revisions\/7796"}],"wp:attachment":[{"href":"https:\/\/www.milosnicylasu.olsztyn.pl\/index.php?rest_route=%2Fwp%2Fv2%2Fmedia&parent=7783"}],"wp:term":[{"taxonomy":"category","embeddable":true,"href":"https:\/\/www.milosnicylasu.olsztyn.pl\/index.php?rest_route=%2Fwp%2Fv2%2Fcategories&post=7783"},{"taxonomy":"post_tag","embeddable":true,"href":"https:\/\/www.milosnicylasu.olsztyn.pl\/index.php?rest_route=%2Fwp%2Fv2%2Ftags&post=7783"}],"curies":[{"name":"wp","href":"https:\/\/api.w.org\/{rel}","templated":true}]}}