{"id":7797,"date":"2023-02-08T20:22:02","date_gmt":"2023-02-08T19:22:02","guid":{"rendered":"https:\/\/www.milosnicylasu.olsztyn.pl\/?p=7797"},"modified":"2023-02-08T20:22:02","modified_gmt":"2023-02-08T19:22:02","slug":"odwolanie-sobotniego-wyjazdu-do-stawigudy","status":"publish","type":"post","link":"https:\/\/www.milosnicylasu.olsztyn.pl\/?p=7797","title":{"rendered":"Odwo\u0142anie sobotniego wyjazdu do Stawigudy"},"content":{"rendered":"<p>Planowany wyjazd w sobot\u0119\u00a0 11 lutego 2023r.na wystaw\u0119 zabytkowych miniatur Warmii i Mazur w Stawigudzie jest odwo\u0142any.<\/p>\n<p>Wystaw\u0119 b\u0119dziemy mogli obejrze\u0107 w Olsztynie, w dniu 22 lutego miniaturowe obiekty b\u0119d\u0105 przewiezione na teren Kortowa i w bibliotece UWM b\u0119dziemy mogli je zobaczy\u0107 prawdopodobnie na I pi\u0119trze. Bli\u017csze szczeg\u00f3\u0142y zamie\u015bcimy na stronie internetowej Ko\u0142a.<\/p>\n<p>Przepraszam za zmian\u0119 terminu zwiedzania. Je\u015bli pogoda dopisze zapraszam na sobotni rajd godz. 10,00 w tradycyjnym miejscu spotkania.<\/p>\n<p>Prezes Ko\u0142a A. Leszczy\u0144ski<\/p>\n","protected":false},"excerpt":{"rendered":"<p>Planowany wyjazd w sobot\u0119\u00a0 11 lutego 2023r.na wystaw\u0119 zabytkowych miniatur Warmii i Mazur w Stawigudzie jest odwo\u0142any. Wystaw\u0119 b\u0119dziemy mogli obejrze\u0107 w Olsztynie, w dniu 22 lutego miniaturowe obiekty b\u0119d\u0105 przewiezione na teren Kortowa i w bibliotece UWM b\u0119dziemy mogli je zobaczy\u0107 prawdopodobnie na I pi\u0119trze. Bli\u017csze szczeg\u00f3\u0142y zamie\u015bcimy na stronie internetowej Ko\u0142a. Przepraszam za [&hellip;]<\/p>\n","protected":false},"author":2,"featured_media":0,"comment_status":"open","ping_status":"open","sticky":false,"template":"","format":"standard","meta":{"footnotes":""},"categories":[1,17],"tags":[],"class_list":["post-7797","post","type-post","status-publish","format-standard","hentry","category-bez-kategorii","category-edukacja-w-terenie"],"_links":{"self":[{"href":"https:\/\/www.milosnicylasu.olsztyn.pl\/index.php?rest_route=\/wp\/v2\/posts\/7797","targetHints":{"allow":["GET"]}}],"collection":[{"href":"https:\/\/www.milosnicylasu.olsztyn.pl\/index.php?rest_route=\/wp\/v2\/posts"}],"about":[{"href":"https:\/\/www.milosnicylasu.olsztyn.pl\/index.php?rest_route=\/wp\/v2\/types\/post"}],"author":[{"embeddable":true,"href":"https:\/\/www.milosnicylasu.olsztyn.pl\/index.php?rest_route=\/wp\/v2\/users\/2"}],"replies":[{"embeddable":true,"href":"https:\/\/www.milosnicylasu.olsztyn.pl\/index.php?rest_route=%2Fwp%2Fv2%2Fcomments&post=7797"}],"version-history":[{"count":1,"href":"https:\/\/www.milosnicylasu.olsztyn.pl\/index.php?rest_route=\/wp\/v2\/posts\/7797\/revisions"}],"predecessor-version":[{"id":7798,"href":"https:\/\/www.milosnicylasu.olsztyn.pl\/index.php?rest_route=\/wp\/v2\/posts\/7797\/revisions\/7798"}],"wp:attachment":[{"href":"https:\/\/www.milosnicylasu.olsztyn.pl\/index.php?rest_route=%2Fwp%2Fv2%2Fmedia&parent=7797"}],"wp:term":[{"taxonomy":"category","embeddable":true,"href":"https:\/\/www.milosnicylasu.olsztyn.pl\/index.php?rest_route=%2Fwp%2Fv2%2Fcategories&post=7797"},{"taxonomy":"post_tag","embeddable":true,"href":"https:\/\/www.milosnicylasu.olsztyn.pl\/index.php?rest_route=%2Fwp%2Fv2%2Ftags&post=7797"}],"curies":[{"name":"wp","href":"https:\/\/api.w.org\/{rel}","templated":true}]}}