{"id":7801,"date":"2023-02-13T20:10:40","date_gmt":"2023-02-13T19:10:40","guid":{"rendered":"https:\/\/www.milosnicylasu.olsztyn.pl\/?p=7801"},"modified":"2023-02-13T20:10:40","modified_gmt":"2023-02-13T19:10:40","slug":"ciekawe-spotkanie-w-muzeum-przyrody-w-olsztynie","status":"publish","type":"post","link":"https:\/\/www.milosnicylasu.olsztyn.pl\/?p=7801","title":{"rendered":"Ciekawe spotkanie w Muzeum Przyrody w Olsztynie"},"content":{"rendered":"<div class=\"site\">\n<div id=\"content\" class=\"site\">\n<div class=\"left\">\n<h1 class=\"art-title\"><a href=\"https:\/\/www.milosnicylasu.olsztyn.pl\/wp-content\/uploads\/2023\/01\/DSCN0269-www.jpg\" data-rel=\"lightbox-image-0\" data-magnific_type=\"image\" data-rl_title=\"\" data-rl_caption=\"\" title=\"\"><img loading=\"lazy\" decoding=\"async\" class=\"size-medium wp-image-7739 alignleft\" src=\"https:\/\/www.milosnicylasu.olsztyn.pl\/wp-content\/uploads\/2023\/01\/DSCN0269-www-300x225.jpg\" alt=\"\" width=\"300\" height=\"225\" srcset=\"https:\/\/www.milosnicylasu.olsztyn.pl\/wp-content\/uploads\/2023\/01\/DSCN0269-www-300x225.jpg 300w, https:\/\/www.milosnicylasu.olsztyn.pl\/wp-content\/uploads\/2023\/01\/DSCN0269-www-768x576.jpg 768w, https:\/\/www.milosnicylasu.olsztyn.pl\/wp-content\/uploads\/2023\/01\/DSCN0269-www.jpg 1024w\" sizes=\"auto, (max-width: 300px) 100vw, 300px\" \/><\/a>Mi\u0119dzynarodowy Dzie\u0144 Obszar\u00f3w Wodno-B\u0142otnych<\/h1>\n<div class=\"art-content\">\n<p class=\"art-lead\"><strong>Z okazji Mi\u0119dzynarodowego Dnia Obszar\u00f3w Wodno-B\u0142otnych Muzeum Przyrody w Olsztynie oraz Regionalna Dyrekcja Ochrony \u015arodowiska w Olsztynie zapraszaj\u0105 na coroczne spotkanie po\u015bwi\u0119cone terenom wodno-b\u0142otnym.<\/strong><\/p>\n<div class=\"art-text\"><strong>W trakcie spotkania prof. dr hab. Andrzej \u0141achacz z Katedry Gleboznawstwa i Mikrobiologii Wydzia\u0142u Rolnictwa i Le\u015bnictwa UWM w Olsztynie wyg\u0142osi wyk\u0142ad-prezentacj\u0119 pt.: \u201eTorfowiska Warmii i Mazur \u2013 typy, walory przyrodnicze, g\u0142\u00f3wne zagro\u017cenia\u201d.<\/strong><br \/>\n<strong>Na spotkanie zapraszamy do Muzeum Przyrody (Oddzia\u0142 Muzeum Warmii i Mazur w Olsztynie) przy ulicy Metalowej 8, na godzin\u0119 17.30 w \u015brod\u0119 15 lutego 2023.<\/strong><br \/>\n<strong>Wst\u0119p wolny.<\/strong><\/div>\n<\/div>\n<\/div>\n<\/div>\n<\/div>\n<p>&nbsp;<\/p>\n","protected":false},"excerpt":{"rendered":"<p>Mi\u0119dzynarodowy Dzie\u0144 Obszar\u00f3w Wodno-B\u0142otnych Z okazji Mi\u0119dzynarodowego Dnia Obszar\u00f3w Wodno-B\u0142otnych Muzeum Przyrody w Olsztynie oraz Regionalna Dyrekcja Ochrony \u015arodowiska w Olsztynie zapraszaj\u0105 na coroczne spotkanie po\u015bwi\u0119cone terenom wodno-b\u0142otnym. W trakcie spotkania prof. dr hab. Andrzej \u0141achacz z Katedry Gleboznawstwa i Mikrobiologii Wydzia\u0142u Rolnictwa i Le\u015bnictwa UWM w Olsztynie wyg\u0142osi wyk\u0142ad-prezentacj\u0119 pt.: \u201eTorfowiska Warmii i Mazur [&hellip;]<\/p>\n","protected":false},"author":2,"featured_media":0,"comment_status":"open","ping_status":"open","sticky":false,"template":"","format":"standard","meta":{"footnotes":""},"categories":[1,9],"tags":[],"class_list":["post-7801","post","type-post","status-publish","format-standard","hentry","category-bez-kategorii","category-ciekawostki"],"_links":{"self":[{"href":"https:\/\/www.milosnicylasu.olsztyn.pl\/index.php?rest_route=\/wp\/v2\/posts\/7801","targetHints":{"allow":["GET"]}}],"collection":[{"href":"https:\/\/www.milosnicylasu.olsztyn.pl\/index.php?rest_route=\/wp\/v2\/posts"}],"about":[{"href":"https:\/\/www.milosnicylasu.olsztyn.pl\/index.php?rest_route=\/wp\/v2\/types\/post"}],"author":[{"embeddable":true,"href":"https:\/\/www.milosnicylasu.olsztyn.pl\/index.php?rest_route=\/wp\/v2\/users\/2"}],"replies":[{"embeddable":true,"href":"https:\/\/www.milosnicylasu.olsztyn.pl\/index.php?rest_route=%2Fwp%2Fv2%2Fcomments&post=7801"}],"version-history":[{"count":2,"href":"https:\/\/www.milosnicylasu.olsztyn.pl\/index.php?rest_route=\/wp\/v2\/posts\/7801\/revisions"}],"predecessor-version":[{"id":7804,"href":"https:\/\/www.milosnicylasu.olsztyn.pl\/index.php?rest_route=\/wp\/v2\/posts\/7801\/revisions\/7804"}],"wp:attachment":[{"href":"https:\/\/www.milosnicylasu.olsztyn.pl\/index.php?rest_route=%2Fwp%2Fv2%2Fmedia&parent=7801"}],"wp:term":[{"taxonomy":"category","embeddable":true,"href":"https:\/\/www.milosnicylasu.olsztyn.pl\/index.php?rest_route=%2Fwp%2Fv2%2Fcategories&post=7801"},{"taxonomy":"post_tag","embeddable":true,"href":"https:\/\/www.milosnicylasu.olsztyn.pl\/index.php?rest_route=%2Fwp%2Fv2%2Ftags&post=7801"}],"curies":[{"name":"wp","href":"https:\/\/api.w.org\/{rel}","templated":true}]}}