{"id":7805,"date":"2023-02-17T14:24:43","date_gmt":"2023-02-17T13:24:43","guid":{"rendered":"https:\/\/www.milosnicylasu.olsztyn.pl\/?p=7805"},"modified":"2023-02-17T14:36:31","modified_gmt":"2023-02-17T13:36:31","slug":"nasz-sasiad-dzieciol","status":"publish","type":"post","link":"https:\/\/www.milosnicylasu.olsztyn.pl\/?p=7805","title":{"rendered":"Nasz s\u0105siad dzi\u0119cio\u0142"},"content":{"rendered":"<p><a href=\"https:\/\/www.milosnicylasu.olsztyn.pl\/wp-content\/uploads\/2023\/01\/P1100009-www.jpg\" data-rel=\"lightbox-image-0\" data-magnific_type=\"image\" data-rl_title=\"\" data-rl_caption=\"\" title=\"\"><img loading=\"lazy\" decoding=\"async\" class=\"size-medium wp-image-7742 alignleft\" src=\"https:\/\/www.milosnicylasu.olsztyn.pl\/wp-content\/uploads\/2023\/01\/P1100009-www-300x225.jpg\" alt=\"\" width=\"300\" height=\"225\" srcset=\"https:\/\/www.milosnicylasu.olsztyn.pl\/wp-content\/uploads\/2023\/01\/P1100009-www-300x225.jpg 300w, https:\/\/www.milosnicylasu.olsztyn.pl\/wp-content\/uploads\/2023\/01\/P1100009-www-768x576.jpg 768w, https:\/\/www.milosnicylasu.olsztyn.pl\/wp-content\/uploads\/2023\/01\/P1100009-www.jpg 1024w\" sizes=\"auto, (max-width: 300px) 100vw, 300px\" \/><\/a><\/p>\n<p><a href=\"https:\/\/www.milosnicylasu.olsztyn.pl\/wp-content\/uploads\/2023\/02\/P2050019-www.jpg\" data-rel=\"lightbox-image-1\" data-magnific_type=\"image\" data-rl_title=\"\" data-rl_caption=\"\" title=\"\"><img loading=\"lazy\" decoding=\"async\" class=\"size-medium wp-image-7810 alignright\" src=\"https:\/\/www.milosnicylasu.olsztyn.pl\/wp-content\/uploads\/2023\/02\/P2050019-www-300x225.jpg\" alt=\"\" width=\"300\" height=\"225\" srcset=\"https:\/\/www.milosnicylasu.olsztyn.pl\/wp-content\/uploads\/2023\/02\/P2050019-www-300x225.jpg 300w, https:\/\/www.milosnicylasu.olsztyn.pl\/wp-content\/uploads\/2023\/02\/P2050019-www-768x576.jpg 768w, https:\/\/www.milosnicylasu.olsztyn.pl\/wp-content\/uploads\/2023\/02\/P2050019-www.jpg 1024w\" sizes=\"auto, (max-width: 300px) 100vw, 300px\" \/><\/a><\/p>\n<p>Widzieli\u015bmy nie dawno w telewizji film o m\u0105dro\u015bci ptak\u00f3w. Taki male\u0144ki m\u00f3zg a ile sprytu ! Na bie\u017c\u0105co obserwujemy wiele ptak\u00f3w na dzia\u0142ce, na ca\u0142ym kompleksie dzia\u0142ek usytuowanych w p\u0119tli rzeki Wad\u0105g. Ostatnio nasz\u0105 uwag\u0119 przyci\u0105ga dzi\u0119cio\u0142, kt\u00f3ry wykuwa sobie otw\u00f3r w pniu drzewa, w kt\u00f3rym umieszcza szyszki i wyd\u0142ubuje z nich nasionka. Na pocz\u0105tku trudno go by\u0142o dojrze\u0107, mo\u017cna go by\u0142o szybciej us\u0142ysze\u0107, ku\u017ania by\u0142a bardzo wysoko. P\u00f3\u017aniej zauwa\u017cyli\u015bmy go ni\u017cej,\u00a0 sto\u0142\u00f3wka by\u0142a w rozga\u0142\u0119zieniu konar\u00f3w. Ostatnie miejsce raczej dziwne, ale jak\u017ce pomys\u0142owe &#8211; niziutko w rozwidleniu patyczk\u00f3w. Jaka oszcz\u0119dno\u015b\u0107 energii!<a href=\"https:\/\/www.milosnicylasu.olsztyn.pl\/wp-content\/uploads\/2023\/02\/DSCN0325-www.jpg\" data-rel=\"lightbox-image-2\" data-magnific_type=\"image\" data-rl_title=\"\" data-rl_caption=\"\" title=\"\"><img loading=\"lazy\" decoding=\"async\" class=\"size-medium wp-image-7808 aligncenter\" src=\"https:\/\/www.milosnicylasu.olsztyn.pl\/wp-content\/uploads\/2023\/02\/DSCN0325-www-300x225.jpg\" alt=\"\" width=\"300\" height=\"225\" srcset=\"https:\/\/www.milosnicylasu.olsztyn.pl\/wp-content\/uploads\/2023\/02\/DSCN0325-www-300x225.jpg 300w, https:\/\/www.milosnicylasu.olsztyn.pl\/wp-content\/uploads\/2023\/02\/DSCN0325-www-768x576.jpg 768w, https:\/\/www.milosnicylasu.olsztyn.pl\/wp-content\/uploads\/2023\/02\/DSCN0325-www.jpg 1024w\" sizes=\"auto, (max-width: 300px) 100vw, 300px\" \/><\/a><\/p>\n<p>zdj\u0119cia Anatol Leszczy\u0144ski<\/p>\n<p>&nbsp;<\/p>\n","protected":false},"excerpt":{"rendered":"<p>Widzieli\u015bmy nie dawno w telewizji film o m\u0105dro\u015bci ptak\u00f3w. Taki male\u0144ki m\u00f3zg a ile sprytu ! Na bie\u017c\u0105co obserwujemy wiele ptak\u00f3w na dzia\u0142ce, na ca\u0142ym kompleksie dzia\u0142ek usytuowanych w p\u0119tli rzeki Wad\u0105g. Ostatnio nasz\u0105 uwag\u0119 przyci\u0105ga dzi\u0119cio\u0142, kt\u00f3ry wykuwa sobie otw\u00f3r w pniu drzewa, w kt\u00f3rym umieszcza szyszki i wyd\u0142ubuje z nich nasionka. Na pocz\u0105tku [&hellip;]<\/p>\n","protected":false},"author":2,"featured_media":0,"comment_status":"open","ping_status":"open","sticky":false,"template":"","format":"standard","meta":{"footnotes":""},"categories":[1,9,17],"tags":[],"class_list":["post-7805","post","type-post","status-publish","format-standard","hentry","category-bez-kategorii","category-ciekawostki","category-edukacja-w-terenie"],"_links":{"self":[{"href":"https:\/\/www.milosnicylasu.olsztyn.pl\/index.php?rest_route=\/wp\/v2\/posts\/7805","targetHints":{"allow":["GET"]}}],"collection":[{"href":"https:\/\/www.milosnicylasu.olsztyn.pl\/index.php?rest_route=\/wp\/v2\/posts"}],"about":[{"href":"https:\/\/www.milosnicylasu.olsztyn.pl\/index.php?rest_route=\/wp\/v2\/types\/post"}],"author":[{"embeddable":true,"href":"https:\/\/www.milosnicylasu.olsztyn.pl\/index.php?rest_route=\/wp\/v2\/users\/2"}],"replies":[{"embeddable":true,"href":"https:\/\/www.milosnicylasu.olsztyn.pl\/index.php?rest_route=%2Fwp%2Fv2%2Fcomments&post=7805"}],"version-history":[{"count":5,"href":"https:\/\/www.milosnicylasu.olsztyn.pl\/index.php?rest_route=\/wp\/v2\/posts\/7805\/revisions"}],"predecessor-version":[{"id":7812,"href":"https:\/\/www.milosnicylasu.olsztyn.pl\/index.php?rest_route=\/wp\/v2\/posts\/7805\/revisions\/7812"}],"wp:attachment":[{"href":"https:\/\/www.milosnicylasu.olsztyn.pl\/index.php?rest_route=%2Fwp%2Fv2%2Fmedia&parent=7805"}],"wp:term":[{"taxonomy":"category","embeddable":true,"href":"https:\/\/www.milosnicylasu.olsztyn.pl\/index.php?rest_route=%2Fwp%2Fv2%2Fcategories&post=7805"},{"taxonomy":"post_tag","embeddable":true,"href":"https:\/\/www.milosnicylasu.olsztyn.pl\/index.php?rest_route=%2Fwp%2Fv2%2Ftags&post=7805"}],"curies":[{"name":"wp","href":"https:\/\/api.w.org\/{rel}","templated":true}]}}