{"id":7816,"date":"2023-02-21T20:38:52","date_gmt":"2023-02-21T19:38:52","guid":{"rendered":"https:\/\/www.milosnicylasu.olsztyn.pl\/?p=7816"},"modified":"2023-02-21T20:42:06","modified_gmt":"2023-02-21T19:42:06","slug":"wiosna-fenologiczna","status":"publish","type":"post","link":"https:\/\/www.milosnicylasu.olsztyn.pl\/?p=7816","title":{"rendered":"Wiosna fenologiczna"},"content":{"rendered":"<p><strong>Co to jest wiosna przyrodnicza, czyli fenologiczna<\/strong><\/p>\n<p><strong>O wio\u015bnie fenologicznej pewnie ma\u0142o kto s\u0142ysza\u0142, ale to w\u0142a\u015bnie ta wiosna, na kt\u00f3r\u0105 najbardziej czekamy. To wiosna przyrodnicza. Nie ma okre\u015blonej daty pocz\u0105tkowej, bo wyznaczaj\u0105 j\u0105 rzeczywiste zmiany zachodz\u0105ce w przyrodzie.<\/strong><\/p>\n<p><strong>Wiosna fenologiczna, czyli przyrodnicza dzieli si\u0119 na kilka okres\u00f3w:<\/strong><\/p>\n<p><a href=\"https:\/\/www.milosnicylasu.olsztyn.pl\/wp-content\/uploads\/2023\/02\/P2180003-www.jpg\" data-rel=\"lightbox-image-0\" data-magnific_type=\"image\" data-rl_title=\"\" data-rl_caption=\"\" title=\"\"><img loading=\"lazy\" decoding=\"async\" class=\"size-medium wp-image-7817 alignleft\" src=\"https:\/\/www.milosnicylasu.olsztyn.pl\/wp-content\/uploads\/2023\/02\/P2180003-www-300x225.jpg\" alt=\"\" width=\"300\" height=\"225\" srcset=\"https:\/\/www.milosnicylasu.olsztyn.pl\/wp-content\/uploads\/2023\/02\/P2180003-www-300x225.jpg 300w, https:\/\/www.milosnicylasu.olsztyn.pl\/wp-content\/uploads\/2023\/02\/P2180003-www-768x576.jpg 768w, https:\/\/www.milosnicylasu.olsztyn.pl\/wp-content\/uploads\/2023\/02\/P2180003-www.jpg 1024w\" sizes=\"auto, (max-width: 300px) 100vw, 300px\" \/><\/a><\/p>\n<p><a href=\"https:\/\/www.milosnicylasu.olsztyn.pl\/wp-content\/uploads\/2023\/02\/P2180013-www.jpg\" data-rel=\"lightbox-image-1\" data-magnific_type=\"image\" data-rl_title=\"\" data-rl_caption=\"\" title=\"\"><img loading=\"lazy\" decoding=\"async\" class=\"size-medium wp-image-7818\" src=\"https:\/\/www.milosnicylasu.olsztyn.pl\/wp-content\/uploads\/2023\/02\/P2180013-www-300x225.jpg\" alt=\"\" width=\"300\" height=\"225\" srcset=\"https:\/\/www.milosnicylasu.olsztyn.pl\/wp-content\/uploads\/2023\/02\/P2180013-www-300x225.jpg 300w, https:\/\/www.milosnicylasu.olsztyn.pl\/wp-content\/uploads\/2023\/02\/P2180013-www-768x576.jpg 768w, https:\/\/www.milosnicylasu.olsztyn.pl\/wp-content\/uploads\/2023\/02\/P2180013-www.jpg 1024w\" sizes=\"auto, (max-width: 300px) 100vw, 300px\" \/><\/a><\/p>\n<ul>\n<li><strong><strong>przedwio\u015bnie (zaranie wiosny) \u2013 jego pocz\u0105tek wyznacza kwitnienie podbia\u0142u i leszczyny. W tym okresie kwitn\u0105 r\u00f3wnie\u017c takie kwiaty jak: przebi\u015bniegi, krokusy wiosenne, przylaszczki. Kwitn\u0105 te\u017c drzewa i krzewy: olsza czarna i wawrzynek wilcze\u0142yko. Przedwio\u015bnie najcz\u0119\u015bciej trwa od lutego\/marca do pocz\u0105tk\u00f3w kwietnia.<\/strong><\/strong><\/li>\n<\/ul>\n<p><strong>A wi\u0119c\u00a0 mamy pocz\u0105tek przedwio\u015bnia: przebi\u015bniegi, s\u0142ycha\u0107\u00a0 lec\u0105ce \u017curawie. wi\u0119cej kaczek na rzece, ale te\u017c zakwit\u0142a pierwsza stokrotka<\/strong><\/p>\n<p><a href=\"https:\/\/www.milosnicylasu.olsztyn.pl\/wp-content\/uploads\/2023\/02\/P2180010-www.jpg\" data-rel=\"lightbox-image-2\" data-magnific_type=\"image\" data-rl_title=\"\" data-rl_caption=\"\" title=\"\"><img loading=\"lazy\" decoding=\"async\" class=\"size-medium wp-image-7820 aligncenter\" src=\"https:\/\/www.milosnicylasu.olsztyn.pl\/wp-content\/uploads\/2023\/02\/P2180010-www-300x225.jpg\" alt=\"\" width=\"300\" height=\"225\" srcset=\"https:\/\/www.milosnicylasu.olsztyn.pl\/wp-content\/uploads\/2023\/02\/P2180010-www-300x225.jpg 300w, https:\/\/www.milosnicylasu.olsztyn.pl\/wp-content\/uploads\/2023\/02\/P2180010-www-768x576.jpg 768w, https:\/\/www.milosnicylasu.olsztyn.pl\/wp-content\/uploads\/2023\/02\/P2180010-www.jpg 1024w\" sizes=\"auto, (max-width: 300px) 100vw, 300px\" \/><\/a><\/p>\n<p>&nbsp;<\/p>\n<ul>\n<li><strong>wczesna wiosna (pierwio\u015bnie) \u2013 pocz\u0105tek wczesnej wiosny wyznacza kwitnienie czeremchy i mniszka lekarskiego oraz pocz\u0105tek pojawiania si\u0119 li\u015bci brzozy. W tym okresie zakwitaj\u0105 m.in. pierwiosnki, kacze\u0144ce, rze\u017cucha \u0142\u0105kowa. W lasach kwitn\u0105 czeremchy, bor\u00f3wki czarne i poziomki. A w ogrodach rozkwitaj\u0105 drzewa owocowe: jab\u0142onie, grusze, wi\u015bnie, czere\u015bnie. Drzewa li\u015bciaste zaczynaj\u0105 si\u0119 mieni\u0107 odcieniami zieleni \u015bwie\u017co wypuszczanych li\u015bci. Wczesna wiosna trwa \u015brednio od po\u0142owy kwietnia do po\u0142owy maja (lub jego drugiej dekady)<\/strong><\/li>\n<li><strong>pe\u0142nia wiosny \u2013 to czas wspania\u0142ego rozkwitu. Pocz\u0105tek tego okresu wyznacza kwitnienie kasztanowc\u00f3w i lilak\u00f3w (zwanych bzami). W ogrodach kr\u00f3luj\u0105 narcyzy i tulipany. Kwitn\u0105 jarz\u0119biny i g\u0142ogi. A tak\u017ce wiele innych. Ro\u015blin kwitn\u0105cych wiosn\u0105 jest oczywi\u015bcie znacznie wi\u0119cej, wymieniamy tylko podstawowe i najbardziej charakterystyczne gatunki. A ju\u017c pora wypatrywa\u0107 ka\u017cdej ro\u015blinki, bo wiosna tu\u017c, tu\u017c.<\/strong><\/li>\n<\/ul>\n","protected":false},"excerpt":{"rendered":"<p>Co to jest wiosna przyrodnicza, czyli fenologiczna O wio\u015bnie fenologicznej pewnie ma\u0142o kto s\u0142ysza\u0142, ale to w\u0142a\u015bnie ta wiosna, na kt\u00f3r\u0105 najbardziej czekamy. To wiosna przyrodnicza. Nie ma okre\u015blonej daty pocz\u0105tkowej, bo wyznaczaj\u0105 j\u0105 rzeczywiste zmiany zachodz\u0105ce w przyrodzie. Wiosna fenologiczna, czyli przyrodnicza dzieli si\u0119 na kilka okres\u00f3w: przedwio\u015bnie (zaranie wiosny) \u2013 jego pocz\u0105tek wyznacza [&hellip;]<\/p>\n","protected":false},"author":2,"featured_media":0,"comment_status":"open","ping_status":"open","sticky":false,"template":"","format":"standard","meta":{"footnotes":""},"categories":[1,9,17],"tags":[],"class_list":["post-7816","post","type-post","status-publish","format-standard","hentry","category-bez-kategorii","category-ciekawostki","category-edukacja-w-terenie"],"_links":{"self":[{"href":"https:\/\/www.milosnicylasu.olsztyn.pl\/index.php?rest_route=\/wp\/v2\/posts\/7816","targetHints":{"allow":["GET"]}}],"collection":[{"href":"https:\/\/www.milosnicylasu.olsztyn.pl\/index.php?rest_route=\/wp\/v2\/posts"}],"about":[{"href":"https:\/\/www.milosnicylasu.olsztyn.pl\/index.php?rest_route=\/wp\/v2\/types\/post"}],"author":[{"embeddable":true,"href":"https:\/\/www.milosnicylasu.olsztyn.pl\/index.php?rest_route=\/wp\/v2\/users\/2"}],"replies":[{"embeddable":true,"href":"https:\/\/www.milosnicylasu.olsztyn.pl\/index.php?rest_route=%2Fwp%2Fv2%2Fcomments&post=7816"}],"version-history":[{"count":4,"href":"https:\/\/www.milosnicylasu.olsztyn.pl\/index.php?rest_route=\/wp\/v2\/posts\/7816\/revisions"}],"predecessor-version":[{"id":7824,"href":"https:\/\/www.milosnicylasu.olsztyn.pl\/index.php?rest_route=\/wp\/v2\/posts\/7816\/revisions\/7824"}],"wp:attachment":[{"href":"https:\/\/www.milosnicylasu.olsztyn.pl\/index.php?rest_route=%2Fwp%2Fv2%2Fmedia&parent=7816"}],"wp:term":[{"taxonomy":"category","embeddable":true,"href":"https:\/\/www.milosnicylasu.olsztyn.pl\/index.php?rest_route=%2Fwp%2Fv2%2Fcategories&post=7816"},{"taxonomy":"post_tag","embeddable":true,"href":"https:\/\/www.milosnicylasu.olsztyn.pl\/index.php?rest_route=%2Fwp%2Fv2%2Ftags&post=7816"}],"curies":[{"name":"wp","href":"https:\/\/api.w.org\/{rel}","templated":true}]}}