{"id":7825,"date":"2023-02-23T20:18:29","date_gmt":"2023-02-23T19:18:29","guid":{"rendered":"https:\/\/www.milosnicylasu.olsztyn.pl\/?p=7825"},"modified":"2023-02-23T20:21:03","modified_gmt":"2023-02-23T19:21:03","slug":"zaproszenie-do-muzeum-przyrody-w-olsztynie","status":"publish","type":"post","link":"https:\/\/www.milosnicylasu.olsztyn.pl\/?p=7825","title":{"rendered":"Zaproszenie do Muzeum Przyrody w Olsztynie"},"content":{"rendered":"<p><strong>Otrzymali\u015bmy zaproszenie do zaprzyja\u017anionego\u00a0 z nami Muzeum Przyrody na ciekawe filmowe spotkanie. Mamy nadziej\u0119, \u017ce znajdziecie\u00a0 czas aby odpowiedzie\u0107 pozytywnie na zaproszenie. Informujemy jednocze\u015bnie, \u017ce Pan Marian Szymkiewicz, kt\u00f3ry kieruje\u00a0 Muzeum, przyj\u0105\u0142 zaproszenie na nasze kwietniowe spotkanie w RDLP w Olsztynie. Ju\u017c si\u0119 cieszymy na wyk\u0142ad !<\/strong><\/p>\n<p><em>&#8222;<strong>Dzie\u0144 dobry,<\/strong><\/em><\/p>\n<p><em><strong>Zapraszamy na godzin\u0119 17.30.w \u015brod\u0119, 1 marca 2023 r. na spotkanie z cyklu \u201eWiecz\u00f3r z filmem przyrodniczym\u201d. Zaprezentujemy dwa filmy: \u201ePola t\u0119tni\u0105ce \u017cyciem\u201d oraz \u201eP\u0142omyk\u00f3wka \u2013 sowa z s\u0105siedztwa\u201d.<\/strong><\/em><\/p>\n<p><em><strong>Muzeum Przyrody (Oddzia\u0142 Muzeum Warmii i Mazur w Olsztynie) przy ulicy Metalowej 8. Wst\u0119p wolny.<\/strong><\/em><\/p>\n<p><em><strong>Z powa\u017caniem<\/strong><\/em><\/p>\n<p><em><strong>Beata Bonis\u0142awska&#8221;<\/strong><\/em><\/p>\n","protected":false},"excerpt":{"rendered":"<p>Otrzymali\u015bmy zaproszenie do zaprzyja\u017anionego\u00a0 z nami Muzeum Przyrody na ciekawe filmowe spotkanie. Mamy nadziej\u0119, \u017ce znajdziecie\u00a0 czas aby odpowiedzie\u0107 pozytywnie na zaproszenie. Informujemy jednocze\u015bnie, \u017ce Pan Marian Szymkiewicz, kt\u00f3ry kieruje\u00a0 Muzeum, przyj\u0105\u0142 zaproszenie na nasze kwietniowe spotkanie w RDLP w Olsztynie. Ju\u017c si\u0119 cieszymy na wyk\u0142ad ! &#8222;Dzie\u0144 dobry, Zapraszamy na godzin\u0119 17.30.w \u015brod\u0119, 1 [&hellip;]<\/p>\n","protected":false},"author":2,"featured_media":0,"comment_status":"open","ping_status":"open","sticky":false,"template":"","format":"standard","meta":{"footnotes":""},"categories":[1,9,17],"tags":[],"class_list":["post-7825","post","type-post","status-publish","format-standard","hentry","category-bez-kategorii","category-ciekawostki","category-edukacja-w-terenie"],"_links":{"self":[{"href":"https:\/\/www.milosnicylasu.olsztyn.pl\/index.php?rest_route=\/wp\/v2\/posts\/7825","targetHints":{"allow":["GET"]}}],"collection":[{"href":"https:\/\/www.milosnicylasu.olsztyn.pl\/index.php?rest_route=\/wp\/v2\/posts"}],"about":[{"href":"https:\/\/www.milosnicylasu.olsztyn.pl\/index.php?rest_route=\/wp\/v2\/types\/post"}],"author":[{"embeddable":true,"href":"https:\/\/www.milosnicylasu.olsztyn.pl\/index.php?rest_route=\/wp\/v2\/users\/2"}],"replies":[{"embeddable":true,"href":"https:\/\/www.milosnicylasu.olsztyn.pl\/index.php?rest_route=%2Fwp%2Fv2%2Fcomments&post=7825"}],"version-history":[{"count":4,"href":"https:\/\/www.milosnicylasu.olsztyn.pl\/index.php?rest_route=\/wp\/v2\/posts\/7825\/revisions"}],"predecessor-version":[{"id":7829,"href":"https:\/\/www.milosnicylasu.olsztyn.pl\/index.php?rest_route=\/wp\/v2\/posts\/7825\/revisions\/7829"}],"wp:attachment":[{"href":"https:\/\/www.milosnicylasu.olsztyn.pl\/index.php?rest_route=%2Fwp%2Fv2%2Fmedia&parent=7825"}],"wp:term":[{"taxonomy":"category","embeddable":true,"href":"https:\/\/www.milosnicylasu.olsztyn.pl\/index.php?rest_route=%2Fwp%2Fv2%2Fcategories&post=7825"},{"taxonomy":"post_tag","embeddable":true,"href":"https:\/\/www.milosnicylasu.olsztyn.pl\/index.php?rest_route=%2Fwp%2Fv2%2Ftags&post=7825"}],"curies":[{"name":"wp","href":"https:\/\/api.w.org\/{rel}","templated":true}]}}