{"id":7831,"date":"2023-02-24T09:15:40","date_gmt":"2023-02-24T08:15:40","guid":{"rendered":"https:\/\/www.milosnicylasu.olsztyn.pl\/?p=7831"},"modified":"2023-02-24T09:15:40","modified_gmt":"2023-02-24T08:15:40","slug":"wystawa-miniatur-zabytkow-architektury","status":"publish","type":"post","link":"https:\/\/www.milosnicylasu.olsztyn.pl\/?p=7831","title":{"rendered":"Wystawa miniatur  zabytk\u00f3w architektury"},"content":{"rendered":"<div class=\"field field--name-field-lead-artykul field--type-string-long field--label-hidden field__item\">\u00a0W ramach sobotniego spaceru zapraszamy na wystaw\u0119 &#8222;Miniatury Henryka Drajera&#8221; w Bibliotece Uniwersyteckiej UWM w Olsztynie \u201eDziedziniec pod kopu\u0142\u0105\u201d.<\/div>\n<div class=\"field field--name-body field--type-text-with-summary field--label-hidden field__item\">\n<p class=\"text-align-justify\"><strong>Henryk Drajer<\/strong> jest tw\u00f3rc\u0105 unikalnych miniatur zabytk\u00f3w architektury z Olsztyna oraz regionu, kt\u00f3re odtwarza pieczo\u0142owicie w oparciu o oryginaln\u0105 dokumentacj\u0119. Willa Beyera, Villa Fortuna, Ratusz, Stary Ratusz, Wysoka Brama, Ko\u015bci\u00f3\u0142 Ewangelicki, Katedra \u015bw. Jakuba, Dom Polski, Arka, Muzeum Przyrody, Kamienica Naujacka&#8230; wszystkie w miniaturowej skali i olbrzymiej ilo\u015bci detali. Najciekawsze z nich mo\u017cna zobaczy\u0107 w Bibliotece Uniwersyteckiej!<\/p>\n<p class=\"text-align-justify\">Spotykamy si\u0119 o godzinie\u00a0 dziesi\u0105tej na przystanku autobusowym w Kortowie przy bibliotece.\u00a0 B\u0119dzie to okazja do uczestniczenia w ciekawym wydarzeniu artystycznym i jednocze\u015bnie do spotkania cz\u0142onk\u00f3w naszego Ko\u0142a &#8211; tych chodz\u0105cych na d\u0142u\u017csze dystanse i tych tylko spaceruj\u0105cych. Prosimy powiadomi\u0107 osoby z kt\u00f3rymi macie kontakt.<\/p>\n<p>Do zobaczenia!<\/p>\n<\/div>\n","protected":false},"excerpt":{"rendered":"<p>\u00a0W ramach sobotniego spaceru zapraszamy na wystaw\u0119 &#8222;Miniatury Henryka Drajera&#8221; w Bibliotece Uniwersyteckiej UWM w Olsztynie \u201eDziedziniec pod kopu\u0142\u0105\u201d. Henryk Drajer jest tw\u00f3rc\u0105 unikalnych miniatur zabytk\u00f3w architektury z Olsztyna oraz regionu, kt\u00f3re odtwarza pieczo\u0142owicie w oparciu o oryginaln\u0105 dokumentacj\u0119. Willa Beyera, Villa Fortuna, Ratusz, Stary Ratusz, Wysoka Brama, Ko\u015bci\u00f3\u0142 Ewangelicki, Katedra \u015bw. Jakuba, Dom Polski, [&hellip;]<\/p>\n","protected":false},"author":2,"featured_media":0,"comment_status":"open","ping_status":"open","sticky":false,"template":"","format":"standard","meta":{"footnotes":""},"categories":[1,17],"tags":[],"class_list":["post-7831","post","type-post","status-publish","format-standard","hentry","category-bez-kategorii","category-edukacja-w-terenie"],"_links":{"self":[{"href":"https:\/\/www.milosnicylasu.olsztyn.pl\/index.php?rest_route=\/wp\/v2\/posts\/7831","targetHints":{"allow":["GET"]}}],"collection":[{"href":"https:\/\/www.milosnicylasu.olsztyn.pl\/index.php?rest_route=\/wp\/v2\/posts"}],"about":[{"href":"https:\/\/www.milosnicylasu.olsztyn.pl\/index.php?rest_route=\/wp\/v2\/types\/post"}],"author":[{"embeddable":true,"href":"https:\/\/www.milosnicylasu.olsztyn.pl\/index.php?rest_route=\/wp\/v2\/users\/2"}],"replies":[{"embeddable":true,"href":"https:\/\/www.milosnicylasu.olsztyn.pl\/index.php?rest_route=%2Fwp%2Fv2%2Fcomments&post=7831"}],"version-history":[{"count":1,"href":"https:\/\/www.milosnicylasu.olsztyn.pl\/index.php?rest_route=\/wp\/v2\/posts\/7831\/revisions"}],"predecessor-version":[{"id":7832,"href":"https:\/\/www.milosnicylasu.olsztyn.pl\/index.php?rest_route=\/wp\/v2\/posts\/7831\/revisions\/7832"}],"wp:attachment":[{"href":"https:\/\/www.milosnicylasu.olsztyn.pl\/index.php?rest_route=%2Fwp%2Fv2%2Fmedia&parent=7831"}],"wp:term":[{"taxonomy":"category","embeddable":true,"href":"https:\/\/www.milosnicylasu.olsztyn.pl\/index.php?rest_route=%2Fwp%2Fv2%2Fcategories&post=7831"},{"taxonomy":"post_tag","embeddable":true,"href":"https:\/\/www.milosnicylasu.olsztyn.pl\/index.php?rest_route=%2Fwp%2Fv2%2Ftags&post=7831"}],"curies":[{"name":"wp","href":"https:\/\/api.w.org\/{rel}","templated":true}]}}