{"id":7854,"date":"2023-03-02T22:24:26","date_gmt":"2023-03-02T21:24:26","guid":{"rendered":"https:\/\/www.milosnicylasu.olsztyn.pl\/?p=7854"},"modified":"2023-03-03T20:42:37","modified_gmt":"2023-03-03T19:42:37","slug":"zamierzenia-kola-w-marcu-2023r","status":"publish","type":"post","link":"https:\/\/www.milosnicylasu.olsztyn.pl\/?p=7854","title":{"rendered":"Zamierzenia Ko\u0142a w\u00a0 marcu 2023r."},"content":{"rendered":"<p><strong>Zamierzenia Ko\u0142a w\u00a0 marcu 2023r<\/strong><strong>.<\/strong><\/p>\n<p><strong>\u00a0Sobota 4 marca spotykamy si\u0119 o godz. 11.00 na p\u0119tli MPK w Bart\u0105gu \u2013 Rondo.<\/strong><\/p>\n<p><strong>\u015aroda 8 marca godz. 11.00 spotkamy si\u0119 w Caf\u00e9 Park przy ul. Radiowej.<\/strong><\/p>\n<p><strong>Sobota 11 marca o godz. 9.45 obok dworca PKP na przystanku MPK linii 112 b\u0119dziemy jechali do Dywit.<\/strong><\/p>\n<p><strong>Sobota 18 marca godz. 10.00 spotkanie na p\u0119tli MPK Stary Dw\u00f3r \u2013 Kortowo. Zabieramy r\u0119kawiczki ochronne, b\u0119dziemy sprz\u0105tali \u201e Wojtkowy Las\u201d<\/strong><\/p>\n<p><a href=\"https:\/\/www.milosnicylasu.olsztyn.pl\/wp-content\/uploads\/2023\/03\/P3030150-www.jpg\" data-rel=\"lightbox-image-0\" data-magnific_type=\"image\" data-rl_title=\"\" data-rl_caption=\"\" title=\"\"><img loading=\"lazy\" decoding=\"async\" class=\"size-medium wp-image-7867 alignleft\" src=\"https:\/\/www.milosnicylasu.olsztyn.pl\/wp-content\/uploads\/2023\/03\/P3030150-www-300x225.jpg\" alt=\"\" width=\"300\" height=\"225\" srcset=\"https:\/\/www.milosnicylasu.olsztyn.pl\/wp-content\/uploads\/2023\/03\/P3030150-www-300x225.jpg 300w, https:\/\/www.milosnicylasu.olsztyn.pl\/wp-content\/uploads\/2023\/03\/P3030150-www-768x576.jpg 768w, https:\/\/www.milosnicylasu.olsztyn.pl\/wp-content\/uploads\/2023\/03\/P3030150-www.jpg 1024w\" sizes=\"auto, (max-width: 300px) 100vw, 300px\" \/><\/a><\/p>\n<p><strong>W pi\u0105tek 24 marca wyje\u017cd\u017camy na edukacj\u0119 przyrodniczo \u2013 historyczn\u0105 do Nadle\u015bnictwa M\u0142ynary. Informacje i wp\u0142ata w wys.70 z\u0142 w dniu 10 marca godz. 11.00 w holu w RDLP, lub podczas \u015brodowego spotkania w Caf\u00e9 Park. W czasie wyjazdu planujemy zwiedzenie miejsca , kt\u00f3re widzimy na zdj\u0119ciu.<br \/>\n<\/strong><\/p>\n<p><strong>Do zobaczenia na szlaku.<\/strong><\/p>\n","protected":false},"excerpt":{"rendered":"<p>Zamierzenia Ko\u0142a w\u00a0 marcu 2023r. \u00a0Sobota 4 marca spotykamy si\u0119 o godz. 11.00 na p\u0119tli MPK w Bart\u0105gu \u2013 Rondo. \u015aroda 8 marca godz. 11.00 spotkamy si\u0119 w Caf\u00e9 Park przy ul. Radiowej. Sobota 11 marca o godz. 9.45 obok dworca PKP na przystanku MPK linii 112 b\u0119dziemy jechali do Dywit. Sobota 18 marca godz. [&hellip;]<\/p>\n","protected":false},"author":2,"featured_media":0,"comment_status":"open","ping_status":"open","sticky":false,"template":"","format":"standard","meta":{"footnotes":""},"categories":[1,9,17,2,5,3],"tags":[],"class_list":["post-7854","post","type-post","status-publish","format-standard","hentry","category-bez-kategorii","category-ciekawostki","category-edukacja-w-terenie","category-rajdy","category-wycieczki","category-zebrania"],"_links":{"self":[{"href":"https:\/\/www.milosnicylasu.olsztyn.pl\/index.php?rest_route=\/wp\/v2\/posts\/7854","targetHints":{"allow":["GET"]}}],"collection":[{"href":"https:\/\/www.milosnicylasu.olsztyn.pl\/index.php?rest_route=\/wp\/v2\/posts"}],"about":[{"href":"https:\/\/www.milosnicylasu.olsztyn.pl\/index.php?rest_route=\/wp\/v2\/types\/post"}],"author":[{"embeddable":true,"href":"https:\/\/www.milosnicylasu.olsztyn.pl\/index.php?rest_route=\/wp\/v2\/users\/2"}],"replies":[{"embeddable":true,"href":"https:\/\/www.milosnicylasu.olsztyn.pl\/index.php?rest_route=%2Fwp%2Fv2%2Fcomments&post=7854"}],"version-history":[{"count":5,"href":"https:\/\/www.milosnicylasu.olsztyn.pl\/index.php?rest_route=\/wp\/v2\/posts\/7854\/revisions"}],"predecessor-version":[{"id":7870,"href":"https:\/\/www.milosnicylasu.olsztyn.pl\/index.php?rest_route=\/wp\/v2\/posts\/7854\/revisions\/7870"}],"wp:attachment":[{"href":"https:\/\/www.milosnicylasu.olsztyn.pl\/index.php?rest_route=%2Fwp%2Fv2%2Fmedia&parent=7854"}],"wp:term":[{"taxonomy":"category","embeddable":true,"href":"https:\/\/www.milosnicylasu.olsztyn.pl\/index.php?rest_route=%2Fwp%2Fv2%2Fcategories&post=7854"},{"taxonomy":"post_tag","embeddable":true,"href":"https:\/\/www.milosnicylasu.olsztyn.pl\/index.php?rest_route=%2Fwp%2Fv2%2Ftags&post=7854"}],"curies":[{"name":"wp","href":"https:\/\/api.w.org\/{rel}","templated":true}]}}