{"id":7885,"date":"2023-03-10T10:12:12","date_gmt":"2023-03-10T09:12:12","guid":{"rendered":"https:\/\/www.milosnicylasu.olsztyn.pl\/?p=7885"},"modified":"2023-03-10T10:13:17","modified_gmt":"2023-03-10T09:13:17","slug":"swieto-czy-zbedna-tradycja","status":"publish","type":"post","link":"https:\/\/www.milosnicylasu.olsztyn.pl\/?p=7885","title":{"rendered":"\u015awi\u0119to czy zb\u0119dna tradycja?"},"content":{"rendered":"<p><strong><a href=\"https:\/\/www.milosnicylasu.olsztyn.pl\/wp-content\/uploads\/2023\/03\/DSCN0425-www.jpg\" data-rel=\"lightbox-image-0\" data-magnific_type=\"image\" data-rl_title=\"\" data-rl_caption=\"\" title=\"\"><img loading=\"lazy\" decoding=\"async\" class=\"size-medium wp-image-7886 alignleft\" src=\"https:\/\/www.milosnicylasu.olsztyn.pl\/wp-content\/uploads\/2023\/03\/DSCN0425-www-300x225.jpg\" alt=\"\" width=\"300\" height=\"225\" srcset=\"https:\/\/www.milosnicylasu.olsztyn.pl\/wp-content\/uploads\/2023\/03\/DSCN0425-www-300x225.jpg 300w, https:\/\/www.milosnicylasu.olsztyn.pl\/wp-content\/uploads\/2023\/03\/DSCN0425-www-768x576.jpg 768w, https:\/\/www.milosnicylasu.olsztyn.pl\/wp-content\/uploads\/2023\/03\/DSCN0425-www.jpg 1024w\" sizes=\"auto, (max-width: 300px) 100vw, 300px\" \/><\/a>Przes\u0142aniem \u015brodowego spotkania 8 marca 2023 roku, \u00a0cz\u0142onk\u00f3w Ko\u0142a Mi\u0142o\u015bnik\u00f3w Lasu i Militari\u00f3w LOK przy ATW w Olsztynie, w kawiarni Park Cafe w Olsztynie\u00a0 by\u0142o:<\/strong><\/p>\n<p><strong>\u00a0\u00a0\u201e ka\u017cda okazja jest dobra, by celebrowa\u0107 kobieco\u015b\u0107\u201d, <\/strong><\/p>\n<p><strong>\u00a0\u201eu\u015bmiechnijmy si\u0119 do \u015bwiata i do siebie.\u201d<\/strong><\/p>\n<p>1 marca w staro\u017cytnym Rzymie zam\u0119\u017cne kobiety udawa\u0142y si\u0119 do gaju przy \u015bwi\u0105tyni\u00a0Junony. Sk\u0142ada\u0142y bogini w ofierze kwiaty i modli\u0142y si\u0119 o szcz\u0119\u015bcie w \u017cyciu ma\u0142\u017ce\u0144skim, a w domu wyprawia\u0142y pocz\u0119stunek dla swoich niewolnik\u00f3w. <strong>Mog\u0142y te\u017c liczy\u0107 na prezenty od swoich m\u0119\u017c\u00f3w.<\/strong><\/p>\n<p>Mi\u0119dzynarodowy Dzie\u0144 Kobiet obchodzony od 1910 roku nie rozr\u00f3\u017cnia stanu cywilnego Pa\u0144, ani nie obliguje je do organizowania z tej okazji pocz\u0119stunku dla zniewolonych przez siebie. \u015awi\u0119to do \u017cycia powo\u0142a\u0142a Mi\u0119dzynarod\u00f3wka Socjalistyczna w Kopenhadze ustanowi\u0142a obchodzony na ca\u0142ym \u015bwiecie Dzie\u0144 Kobiet, kt\u00f3ry s\u0142u\u017cy\u0107 mia\u0142 krzewieniu idei praw kobiet oraz budowaniu spo\u0142ecznego wsparcia dla powszechnych praw wyborczych dla kobiet.<\/p>\n<p>W Polsce \u015bwi\u0119to by\u0142o ch\u0119tnie celebrowane za czas\u00f3w socjalizmu. Go\u017adzik sta\u0142 si\u0119 symbolem kwiat\u00f3w, kt\u00f3re otrzymywa\u0142y \u00a0kobiety tego dnia.<a href=\"https:\/\/www.milosnicylasu.olsztyn.pl\/wp-content\/uploads\/2023\/03\/DSCN0429-www.jpg\" data-rel=\"lightbox-image-1\" data-magnific_type=\"image\" data-rl_title=\"\" data-rl_caption=\"\" title=\"\"><img loading=\"lazy\" decoding=\"async\" class=\"size-medium wp-image-7887 alignright\" src=\"https:\/\/www.milosnicylasu.olsztyn.pl\/wp-content\/uploads\/2023\/03\/DSCN0429-www-300x225.jpg\" alt=\"\" width=\"300\" height=\"225\" srcset=\"https:\/\/www.milosnicylasu.olsztyn.pl\/wp-content\/uploads\/2023\/03\/DSCN0429-www-300x225.jpg 300w, https:\/\/www.milosnicylasu.olsztyn.pl\/wp-content\/uploads\/2023\/03\/DSCN0429-www-768x576.jpg 768w, https:\/\/www.milosnicylasu.olsztyn.pl\/wp-content\/uploads\/2023\/03\/DSCN0429-www.jpg 1024w\" sizes=\"auto, (max-width: 300px) 100vw, 300px\" \/><\/a><\/p>\n<p>Tradycja ta zosta\u0142a utrzymana \u2026. W trakcie spotkania wszystkim paniom prezes Ko\u0142a Anatol Leszczy\u0144ski wr\u0119czy\u0142 go\u017adziki. Wyr\u00f3\u017cni\u0142 si\u0119 Antoni Jarczyk, od kt\u00f3rego otrzymali\u015bmy bia\u0142e niewinne r\u00f3\u017cyczki.<a href=\"https:\/\/www.milosnicylasu.olsztyn.pl\/wp-content\/uploads\/2023\/03\/www.jpg\" data-rel=\"lightbox-image-2\" data-magnific_type=\"image\" data-rl_title=\"\" data-rl_caption=\"\" title=\"\"><img loading=\"lazy\" decoding=\"async\" class=\"size-medium wp-image-7888 alignleft\" src=\"https:\/\/www.milosnicylasu.olsztyn.pl\/wp-content\/uploads\/2023\/03\/www-300x225.jpg\" alt=\"\" width=\"300\" height=\"225\" srcset=\"https:\/\/www.milosnicylasu.olsztyn.pl\/wp-content\/uploads\/2023\/03\/www-300x225.jpg 300w, https:\/\/www.milosnicylasu.olsztyn.pl\/wp-content\/uploads\/2023\/03\/www-768x576.jpg 768w, https:\/\/www.milosnicylasu.olsztyn.pl\/wp-content\/uploads\/2023\/03\/www.jpg 1024w\" sizes=\"auto, (max-width: 300px) 100vw, 300px\" \/><\/a><\/p>\n<p>Dzi\u0119kujemy Panom i \u00a0bardzo dzi\u0119kujemy naszej Kole\u017cance Marii Jegli\u0144skiej, kt\u00f3ra \u00a0przygotowa\u0142a spotkanie \u2013 wybra\u0142a kawiarni\u0119, uzgodni\u0142a termin. Pami\u0119tamy pi\u0119kne wn\u0119trza, uroczy\u015bcie przygotowane sto\u0142y, wspania\u0142e ciasta, pachn\u0105ce herbatki i kawki. Atmosfera by\u0142a tak przyjemna, ze zobowi\u0105zali\u015bmy prezesa do organizacji cyklicznych podobnych\u00a0 \u201e zebra\u0144\u201d.<\/p>\n","protected":false},"excerpt":{"rendered":"<p>Przes\u0142aniem \u015brodowego spotkania 8 marca 2023 roku, \u00a0cz\u0142onk\u00f3w Ko\u0142a Mi\u0142o\u015bnik\u00f3w Lasu i Militari\u00f3w LOK przy ATW w Olsztynie, w kawiarni Park Cafe w Olsztynie\u00a0 by\u0142o: \u00a0\u00a0\u201e ka\u017cda okazja jest dobra, by celebrowa\u0107 kobieco\u015b\u0107\u201d, \u00a0\u201eu\u015bmiechnijmy si\u0119 do \u015bwiata i do siebie.\u201d 1 marca w staro\u017cytnym Rzymie zam\u0119\u017cne kobiety udawa\u0142y si\u0119 do gaju przy \u015bwi\u0105tyni\u00a0Junony. Sk\u0142ada\u0142y bogini [&hellip;]<\/p>\n","protected":false},"author":2,"featured_media":0,"comment_status":"open","ping_status":"open","sticky":false,"template":"","format":"standard","meta":{"footnotes":""},"categories":[1,9,17],"tags":[],"class_list":["post-7885","post","type-post","status-publish","format-standard","hentry","category-bez-kategorii","category-ciekawostki","category-edukacja-w-terenie"],"_links":{"self":[{"href":"https:\/\/www.milosnicylasu.olsztyn.pl\/index.php?rest_route=\/wp\/v2\/posts\/7885","targetHints":{"allow":["GET"]}}],"collection":[{"href":"https:\/\/www.milosnicylasu.olsztyn.pl\/index.php?rest_route=\/wp\/v2\/posts"}],"about":[{"href":"https:\/\/www.milosnicylasu.olsztyn.pl\/index.php?rest_route=\/wp\/v2\/types\/post"}],"author":[{"embeddable":true,"href":"https:\/\/www.milosnicylasu.olsztyn.pl\/index.php?rest_route=\/wp\/v2\/users\/2"}],"replies":[{"embeddable":true,"href":"https:\/\/www.milosnicylasu.olsztyn.pl\/index.php?rest_route=%2Fwp%2Fv2%2Fcomments&post=7885"}],"version-history":[{"count":3,"href":"https:\/\/www.milosnicylasu.olsztyn.pl\/index.php?rest_route=\/wp\/v2\/posts\/7885\/revisions"}],"predecessor-version":[{"id":7891,"href":"https:\/\/www.milosnicylasu.olsztyn.pl\/index.php?rest_route=\/wp\/v2\/posts\/7885\/revisions\/7891"}],"wp:attachment":[{"href":"https:\/\/www.milosnicylasu.olsztyn.pl\/index.php?rest_route=%2Fwp%2Fv2%2Fmedia&parent=7885"}],"wp:term":[{"taxonomy":"category","embeddable":true,"href":"https:\/\/www.milosnicylasu.olsztyn.pl\/index.php?rest_route=%2Fwp%2Fv2%2Fcategories&post=7885"},{"taxonomy":"post_tag","embeddable":true,"href":"https:\/\/www.milosnicylasu.olsztyn.pl\/index.php?rest_route=%2Fwp%2Fv2%2Ftags&post=7885"}],"curies":[{"name":"wp","href":"https:\/\/api.w.org\/{rel}","templated":true}]}}