{"id":7892,"date":"2023-03-10T18:01:43","date_gmt":"2023-03-10T17:01:43","guid":{"rendered":"https:\/\/www.milosnicylasu.olsztyn.pl\/?p=7892"},"modified":"2023-03-10T18:01:43","modified_gmt":"2023-03-10T17:01:43","slug":"zyczenia-z-okazji-dnia-mezczyzny","status":"publish","type":"post","link":"https:\/\/www.milosnicylasu.olsztyn.pl\/?p=7892","title":{"rendered":"\u017byczenia z okazji Dnia M\u0119\u017cczyzny"},"content":{"rendered":"<p><strong><a href=\"https:\/\/www.milosnicylasu.olsztyn.pl\/wp-content\/uploads\/2021\/07\/DSCN7714-www.jpg\" data-rel=\"lightbox-image-0\" data-magnific_type=\"image\" data-rl_title=\"\" data-rl_caption=\"\" title=\"\"><img loading=\"lazy\" decoding=\"async\" class=\"size-medium wp-image-6422 alignleft\" src=\"https:\/\/www.milosnicylasu.olsztyn.pl\/wp-content\/uploads\/2021\/07\/DSCN7714-www-300x225.jpg\" alt=\"\" width=\"300\" height=\"225\" srcset=\"https:\/\/www.milosnicylasu.olsztyn.pl\/wp-content\/uploads\/2021\/07\/DSCN7714-www-300x225.jpg 300w, https:\/\/www.milosnicylasu.olsztyn.pl\/wp-content\/uploads\/2021\/07\/DSCN7714-www-768x576.jpg 768w, https:\/\/www.milosnicylasu.olsztyn.pl\/wp-content\/uploads\/2021\/07\/DSCN7714-www.jpg 1024w\" sizes=\"auto, (max-width: 300px) 100vw, 300px\" \/><\/a>&#8222;<em>Aby\u015b by\u0142 pomocny jak komputer<\/em><\/strong><\/p>\n<p><em><strong>Szybki jak japo\u0144ski skuter<\/strong><\/em><\/p>\n<p><em><strong>sympatyczny jak maskotka<\/strong><\/em><\/p>\n<p><em><strong>i s\u0142odki jak szarlotka.&#8221;<\/strong><\/em><\/p>\n<p><strong>To s\u0105\u00a0 \u017cyczenia dla naszych m\u0119\u017cczyzn z Ko\u0142a.<\/strong><\/p>\n<p><strong>Zwyczaj zwi\u0105zany z obchodzeniem tego dnia rozpocz\u0105\u0142 si\u0119 19 listopada 1999 roku w Trynidadzie i Tobago. Wyb\u00f3r tego dnia zwi\u0105zany by\u0142 z pi\u0142k\u0105 no\u017cn\u0105, poniewa\u017c to w\u0142a\u015bnie wtedy reprezentacja wspomnianego kraju gra\u0142a wa\u017cny mecz eliminacyjny do Mundialu. By\u0142o to wydarzenie prze\u0142omowe, jednocz\u0105ce mieszka\u0144c\u00f3w skonfliktowanego pa\u0144stwa.<\/strong><\/p>\n<p><strong>Nied\u0142ugo p\u00f3\u017aniej Organizacja Narod\u00f3w Zjednoczonych zdecydowa\u0142a o tym, aby 10 marca ustanowi\u0107 oficjalnie Dniem M\u0119\u017cczyzny. Ma to na celu promowanie warto\u015bci, jak\u0105 panowie wnosz\u0105 do \u015bwiata, a tak\u017ce podkre\u015blenie istnienia pozytywnych wzor\u00f3w do na\u015bladowania ze strony m\u0119\u017cczyzn..<\/strong><\/p>\n<p>&nbsp;<\/p>\n","protected":false},"excerpt":{"rendered":"<p>&#8222;Aby\u015b by\u0142 pomocny jak komputer Szybki jak japo\u0144ski skuter sympatyczny jak maskotka i s\u0142odki jak szarlotka.&#8221; To s\u0105\u00a0 \u017cyczenia dla naszych m\u0119\u017cczyzn z Ko\u0142a. Zwyczaj zwi\u0105zany z obchodzeniem tego dnia rozpocz\u0105\u0142 si\u0119 19 listopada 1999 roku w Trynidadzie i Tobago. Wyb\u00f3r tego dnia zwi\u0105zany by\u0142 z pi\u0142k\u0105 no\u017cn\u0105, poniewa\u017c to w\u0142a\u015bnie wtedy reprezentacja wspomnianego kraju [&hellip;]<\/p>\n","protected":false},"author":2,"featured_media":0,"comment_status":"open","ping_status":"open","sticky":false,"template":"","format":"standard","meta":{"footnotes":""},"categories":[1,9],"tags":[],"class_list":["post-7892","post","type-post","status-publish","format-standard","hentry","category-bez-kategorii","category-ciekawostki"],"_links":{"self":[{"href":"https:\/\/www.milosnicylasu.olsztyn.pl\/index.php?rest_route=\/wp\/v2\/posts\/7892","targetHints":{"allow":["GET"]}}],"collection":[{"href":"https:\/\/www.milosnicylasu.olsztyn.pl\/index.php?rest_route=\/wp\/v2\/posts"}],"about":[{"href":"https:\/\/www.milosnicylasu.olsztyn.pl\/index.php?rest_route=\/wp\/v2\/types\/post"}],"author":[{"embeddable":true,"href":"https:\/\/www.milosnicylasu.olsztyn.pl\/index.php?rest_route=\/wp\/v2\/users\/2"}],"replies":[{"embeddable":true,"href":"https:\/\/www.milosnicylasu.olsztyn.pl\/index.php?rest_route=%2Fwp%2Fv2%2Fcomments&post=7892"}],"version-history":[{"count":1,"href":"https:\/\/www.milosnicylasu.olsztyn.pl\/index.php?rest_route=\/wp\/v2\/posts\/7892\/revisions"}],"predecessor-version":[{"id":7893,"href":"https:\/\/www.milosnicylasu.olsztyn.pl\/index.php?rest_route=\/wp\/v2\/posts\/7892\/revisions\/7893"}],"wp:attachment":[{"href":"https:\/\/www.milosnicylasu.olsztyn.pl\/index.php?rest_route=%2Fwp%2Fv2%2Fmedia&parent=7892"}],"wp:term":[{"taxonomy":"category","embeddable":true,"href":"https:\/\/www.milosnicylasu.olsztyn.pl\/index.php?rest_route=%2Fwp%2Fv2%2Fcategories&post=7892"},{"taxonomy":"post_tag","embeddable":true,"href":"https:\/\/www.milosnicylasu.olsztyn.pl\/index.php?rest_route=%2Fwp%2Fv2%2Ftags&post=7892"}],"curies":[{"name":"wp","href":"https:\/\/api.w.org\/{rel}","templated":true}]}}