{"id":7894,"date":"2023-03-11T18:45:38","date_gmt":"2023-03-11T17:45:38","guid":{"rendered":"https:\/\/www.milosnicylasu.olsztyn.pl\/?p=7894"},"modified":"2023-03-11T18:52:57","modified_gmt":"2023-03-11T17:52:57","slug":"sladem-miniatur-pana-henryka-drajera","status":"publish","type":"post","link":"https:\/\/www.milosnicylasu.olsztyn.pl\/?p=7894","title":{"rendered":"\u015aladem miniatur Pana Henryka Drajera"},"content":{"rendered":"<p><strong>W czasie ogl\u0105dania miniatur Pana Henryka Drajera w Bibliotece Uniwersyteckiej w Kortowie w Olsztynie,\u00a0 okaza\u0142o si\u0119, \u017ce cz\u0119\u015b\u0107 cz\u0142onk\u00f3w Ko\u0142a Mi\u0142o\u015bnik\u00f3w Lasu i Militari\u00f3w LOK przy ATW w Olsztynie\u00a0 nie widzia\u0142a jak wygl\u0105daj\u0105 ko\u015bcio\u0142y, kt\u00f3re pos\u0142u\u017cy\u0142y do budowy eksponat\u00f3w zgromadzonych na wystawie. I powsta\u0142 pomys\u0142 aby w ramach sobotnich spotka\u0144 odwiedzi\u0107 najpierw te miejscowo\u015bci do kt\u00f3rych mo\u017cemy dojecha\u0107 komunikacj\u0105 miejsk\u0105.\u00a0 W ubieg\u0142\u0105 sobot\u0119 odwiedzili\u015bmy Bart\u0105g i Ko\u015bci\u00f3\u0142 pod wezwaniem \u015bw. Jana Ewangelisty i Opatrzno\u015bci Bo\u017cej, a dzisiaj 11 marca pojechali\u015bmy do Dywit, zobaczyli\u015bmy Ko\u015bci\u00f3\u0142\u00a0 pod wezwaniem \u015bw. Aposto\u0142\u00f3w Szymona i Judy Tadeusza.<\/strong><\/p>\n<p><strong><a href=\"https:\/\/www.milosnicylasu.olsztyn.pl\/wp-content\/uploads\/2023\/03\/P3110001-www.jpg\" data-rel=\"lightbox-image-0\" data-magnific_type=\"image\" data-rl_title=\"\" data-rl_caption=\"\" title=\"\"><img loading=\"lazy\" decoding=\"async\" class=\"size-medium wp-image-7895 alignleft\" src=\"https:\/\/www.milosnicylasu.olsztyn.pl\/wp-content\/uploads\/2023\/03\/P3110001-www-300x225.jpg\" alt=\"\" width=\"300\" height=\"225\" srcset=\"https:\/\/www.milosnicylasu.olsztyn.pl\/wp-content\/uploads\/2023\/03\/P3110001-www-300x225.jpg 300w, https:\/\/www.milosnicylasu.olsztyn.pl\/wp-content\/uploads\/2023\/03\/P3110001-www-768x576.jpg 768w, https:\/\/www.milosnicylasu.olsztyn.pl\/wp-content\/uploads\/2023\/03\/P3110001-www.jpg 1024w\" sizes=\"auto, (max-width: 300px) 100vw, 300px\" \/><\/a><\/strong><\/p>\n<p><strong>Ko\u015bci\u00f3\u0142 w Bart\u0105gu <em>pw. \u015bw. Jana Aposto\u0142a<\/em> powsta\u0142 w 1363 roku. W 1681 roku uleg\u0142 spaleniu. Ponownie konsekrowany w 1724 roku przez sufragana Jana Franciszka Kurdwanowsiego. Wyposa\u017cenie gotyckie, cenny o\u0142tarz g\u0142\u00f3wny wykonano w 1695 roku w warsztacie kr\u00f3lewieckiego snycerza Izaaka Riga, polichromie stropu pochodz\u0105 z 1724 roku. W 1800 roku dostawiono now\u0105 wie\u017c\u0119 na planie prostok\u0105ta, he\u0142m czterospadowo-cebulowy. W po\u0142owie XIX wieku \u015bwi\u0105tyni\u0119 regotyzowano, a w 1934 roku przebudowano i powi\u0119kszono. W latach 1873\u20131886 wikariuszem by\u0142 ks. J. Jab\u0142o\u0144ski, wsp\u00f3\u0142za\u0142o\u017cyciel i redaktor pisma \u201eWarmiak\u201d<sup>.<\/sup><\/strong><\/p>\n<p><strong><a href=\"https:\/\/www.milosnicylasu.olsztyn.pl\/wp-content\/uploads\/2023\/03\/P3110003-www.jpg\" data-rel=\"lightbox-image-1\" data-magnific_type=\"image\" data-rl_title=\"\" data-rl_caption=\"\" title=\"\"><img loading=\"lazy\" decoding=\"async\" class=\"size-medium wp-image-7896\" src=\"https:\/\/www.milosnicylasu.olsztyn.pl\/wp-content\/uploads\/2023\/03\/P3110003-www-300x225.jpg\" alt=\"\" width=\"300\" height=\"225\" srcset=\"https:\/\/www.milosnicylasu.olsztyn.pl\/wp-content\/uploads\/2023\/03\/P3110003-www-300x225.jpg 300w, https:\/\/www.milosnicylasu.olsztyn.pl\/wp-content\/uploads\/2023\/03\/P3110003-www-768x576.jpg 768w, https:\/\/www.milosnicylasu.olsztyn.pl\/wp-content\/uploads\/2023\/03\/P3110003-www.jpg 1024w\" sizes=\"auto, (max-width: 300px) 100vw, 300px\" \/><\/a><\/strong><\/p>\n<p><strong><a href=\"https:\/\/www.milosnicylasu.olsztyn.pl\/wp-content\/uploads\/2023\/03\/DSCN6209-www.jpg\" data-rel=\"lightbox-image-2\" data-magnific_type=\"image\" data-rl_title=\"\" data-rl_caption=\"\" title=\"\"><img loading=\"lazy\" decoding=\"async\" class=\"size-medium wp-image-7897 alignleft\" src=\"https:\/\/www.milosnicylasu.olsztyn.pl\/wp-content\/uploads\/2023\/03\/DSCN6209-www-300x225.jpg\" alt=\"\" width=\"300\" height=\"225\" srcset=\"https:\/\/www.milosnicylasu.olsztyn.pl\/wp-content\/uploads\/2023\/03\/DSCN6209-www-300x225.jpg 300w, https:\/\/www.milosnicylasu.olsztyn.pl\/wp-content\/uploads\/2023\/03\/DSCN6209-www-768x576.jpg 768w, https:\/\/www.milosnicylasu.olsztyn.pl\/wp-content\/uploads\/2023\/03\/DSCN6209-www.jpg 1024w\" sizes=\"auto, (max-width: 300px) 100vw, 300px\" \/><\/a>Wzniesienie, na kt\u00f3rym umiejscowiony jest dzisiejszy ko\u015bci\u00f3\u0142 w Dywitach, mog\u0142o by\u0107 niegdy\u015b miejscem kultu poga\u0144skiego. Na tym niewielkim wzg\u00f3rzu prawdopodobnie ju\u017c w roku 1362 wzniesiono pierwsz\u0105 \u015bwi\u0105tyni\u0119, kt\u00f3r\u0105 w p\u00f3\u017aniejszym akcie lokacyjnym odpowiednio uposa\u017cono.<\/strong><\/p>\n<p><strong>Kolejny dywicki ko\u015bci\u00f3\u0142 pod wezwaniem \u015bw. Aposto\u0142\u00f3w Szymona i Judy Tadeusza wzniesiony zosta\u0142 jeszcze w XIV wieku. By\u0142 on budowl\u0105 murowan\u0105 z ceg\u0142y, p\u00f3\u017anogotyck\u0105 o wymiarach 21 na 10 metr\u00f3w w uk\u0142adzie salowym, do kt\u00f3rej dodatkowo dobudowana by\u0142a od strony p\u00f3\u0142nocnej zakrystia. W latach 1498-1503 przy istniej\u0105cej ju\u017c bryle wzniesiono wie\u017c\u0119 opart\u0105 na planie kwadratu o d\u0142ugo\u015bci 9 m. Posiada\u0142a namiotowy dach pokryty gontem, kt\u00f3ry uwie\u0144czony by\u0142 iglic\u0105.<\/strong><\/p>\n<p><strong>\u015awi\u0105tynia, tak jak i ca\u0142e Dywity, znacznie ucierpia\u0142a w XV i XVI wieku podczas wojen polsko-krzy\u017cackich. Jednak przyby\u0142emu w 1547 r. proboszczowi, a by\u0142 nim ksi\u0105dz z diecezji p\u0142ockiej Stanis\u0142aw Drobinka (Dobrzynka), z osobistych funduszy uda\u0142o si\u0119 odrestaurowa\u0107 wie\u017c\u0119 ko\u015bcieln\u0105, oraz odnowi\u0107 i przyozdobi\u0107 \u015bwi\u0105tyni\u0119. Budowla przetrwa\u0142a w takim kszta\u0142cie a\u017c do 1893 roku, kiedy to postanowiono j\u0105 rozbudowa\u0107. W efekcie prac ze starej budowli zachowa\u0142y si\u0119 jedynie cztery dolne kondygnacje wie\u017cy, za\u015b kolejnie zosta\u0142y rozebrane i zbudowane od nowa. Pozosta\u0142\u0105 cz\u0119\u015b\u0107 \u015bwi\u0105tyni r\u00f3wnie\u017c rozebrano i zbudowano wed\u0142ug projektu Fritza Heitmanna. Nowy ko\u015bci\u00f3\u0142, kt\u00f3ry swym blaskiem zachwyca nas do dzi\u015b, konsekrowa\u0142 25 pa\u017adziernika 1897 roku biskup polowy wojsk niemieckich, kanonik warmi\u0144ski, Adolf Namszanowski.<\/strong><\/p>\n<p><strong>Budynek ko\u015bcio\u0142a o wymiarach 40 m x 17 m x 19 m jest orientowany. Wzniesiono go na rzucie prostok\u0105ta z wyodr\u0119bnionym prezbiterium. Dodatkowo zdobi\u0105 go liczne ostro\u0142ukowe i bli\u017aniaczo p\u00f3\u0142koliste, tynkowe wn\u0119ki, wkl\u0119s\u0142e fryzy i schodowe przycz\u00f3\u0142ki. W \u015bwi\u0105tyni znajduje si\u0119 osiem granitowych filar\u00f3w, a na siedmiu z nich umieszczono rze\u017aby aposto\u0142\u00f3w. O\u0142tarz g\u0142\u00f3wny, neogotycki, z obrazem Wniebowzi\u0119cia Naj\u015bwi\u0119tszej Marii Panny, zosta\u0142 wykonany w 1895 r. przez Augusta Lorkowskiego z Gietrzwa\u0142du. W tym samym roku dywicki ko\u015bci\u00f3\u0142 zosta\u0142 jeszcze wyposa\u017cony w osiemnastog\u0142osowe organy wykonane przez firm\u0119 Bruno Goebela z Ornety, kt\u00f3rych d\u017awi\u0119k mo\u017cemy us\u0142ysze\u0107 po dzie\u0144 dzisiejszy. Dzi\u0119kujemy proboszczowi, kt\u00f3ry oprowadzi\u0142 nas po ko\u015bciele, wskaza\u0142 najciekawsze obiekty, opowiedzia\u0142 histori\u0119 ko\u015bcio\u0142a.<\/strong><\/p>\n<p><strong>Wracaj\u0105c z Dywit zaszli\u015bmy na Osiedle Sterowc\u00f3w a p\u00f3\u017aniej pieszo dotarli\u015bmy do Olsztyna.<a href=\"https:\/\/www.milosnicylasu.olsztyn.pl\/wp-content\/uploads\/2023\/03\/DSCN6212-www.jpg\" data-rel=\"lightbox-image-3\" data-magnific_type=\"image\" data-rl_title=\"\" data-rl_caption=\"\" title=\"\"><img loading=\"lazy\" decoding=\"async\" class=\"size-medium wp-image-7898 alignleft\" src=\"https:\/\/www.milosnicylasu.olsztyn.pl\/wp-content\/uploads\/2023\/03\/DSCN6212-www-300x225.jpg\" alt=\"\" width=\"300\" height=\"225\" srcset=\"https:\/\/www.milosnicylasu.olsztyn.pl\/wp-content\/uploads\/2023\/03\/DSCN6212-www-300x225.jpg 300w, https:\/\/www.milosnicylasu.olsztyn.pl\/wp-content\/uploads\/2023\/03\/DSCN6212-www-768x576.jpg 768w, https:\/\/www.milosnicylasu.olsztyn.pl\/wp-content\/uploads\/2023\/03\/DSCN6212-www.jpg 1024w\" sizes=\"auto, (max-width: 300px) 100vw, 300px\" \/><\/a><\/strong><\/p>\n<p>&nbsp;<\/p>\n","protected":false},"excerpt":{"rendered":"<p>W czasie ogl\u0105dania miniatur Pana Henryka Drajera w Bibliotece Uniwersyteckiej w Kortowie w Olsztynie,\u00a0 okaza\u0142o si\u0119, \u017ce cz\u0119\u015b\u0107 cz\u0142onk\u00f3w Ko\u0142a Mi\u0142o\u015bnik\u00f3w Lasu i Militari\u00f3w LOK przy ATW w Olsztynie\u00a0 nie widzia\u0142a jak wygl\u0105daj\u0105 ko\u015bcio\u0142y, kt\u00f3re pos\u0142u\u017cy\u0142y do budowy eksponat\u00f3w zgromadzonych na wystawie. I powsta\u0142 pomys\u0142 aby w ramach sobotnich spotka\u0144 odwiedzi\u0107 najpierw te miejscowo\u015bci do [&hellip;]<\/p>\n","protected":false},"author":2,"featured_media":0,"comment_status":"open","ping_status":"open","sticky":false,"template":"","format":"standard","meta":{"footnotes":""},"categories":[1,9,17,2,5],"tags":[],"class_list":["post-7894","post","type-post","status-publish","format-standard","hentry","category-bez-kategorii","category-ciekawostki","category-edukacja-w-terenie","category-rajdy","category-wycieczki"],"_links":{"self":[{"href":"https:\/\/www.milosnicylasu.olsztyn.pl\/index.php?rest_route=\/wp\/v2\/posts\/7894","targetHints":{"allow":["GET"]}}],"collection":[{"href":"https:\/\/www.milosnicylasu.olsztyn.pl\/index.php?rest_route=\/wp\/v2\/posts"}],"about":[{"href":"https:\/\/www.milosnicylasu.olsztyn.pl\/index.php?rest_route=\/wp\/v2\/types\/post"}],"author":[{"embeddable":true,"href":"https:\/\/www.milosnicylasu.olsztyn.pl\/index.php?rest_route=\/wp\/v2\/users\/2"}],"replies":[{"embeddable":true,"href":"https:\/\/www.milosnicylasu.olsztyn.pl\/index.php?rest_route=%2Fwp%2Fv2%2Fcomments&post=7894"}],"version-history":[{"count":5,"href":"https:\/\/www.milosnicylasu.olsztyn.pl\/index.php?rest_route=\/wp\/v2\/posts\/7894\/revisions"}],"predecessor-version":[{"id":7903,"href":"https:\/\/www.milosnicylasu.olsztyn.pl\/index.php?rest_route=\/wp\/v2\/posts\/7894\/revisions\/7903"}],"wp:attachment":[{"href":"https:\/\/www.milosnicylasu.olsztyn.pl\/index.php?rest_route=%2Fwp%2Fv2%2Fmedia&parent=7894"}],"wp:term":[{"taxonomy":"category","embeddable":true,"href":"https:\/\/www.milosnicylasu.olsztyn.pl\/index.php?rest_route=%2Fwp%2Fv2%2Fcategories&post=7894"},{"taxonomy":"post_tag","embeddable":true,"href":"https:\/\/www.milosnicylasu.olsztyn.pl\/index.php?rest_route=%2Fwp%2Fv2%2Ftags&post=7894"}],"curies":[{"name":"wp","href":"https:\/\/api.w.org\/{rel}","templated":true}]}}