{"id":7904,"date":"2023-03-13T12:37:07","date_gmt":"2023-03-13T11:37:07","guid":{"rendered":"https:\/\/www.milosnicylasu.olsztyn.pl\/?p=7904"},"modified":"2023-03-13T12:37:07","modified_gmt":"2023-03-13T11:37:07","slug":"zaproszenie-do-muzeum-przyrody-6","status":"publish","type":"post","link":"https:\/\/www.milosnicylasu.olsztyn.pl\/?p=7904","title":{"rendered":"Zaproszenie do Muzeum Przyrody"},"content":{"rendered":"<p><strong>Dzie\u0144 dobry,<\/strong><\/p>\n<p><strong>Zapraszamy na godzin\u0119 17.30.w \u015brod\u0119, 15 marca 2023 r. na spotkanie z cyklu \u201eWiecz\u00f3r z filmem przyrodniczym\u201d. Zaprezentujemy dwa filmy: \u201eBug \u2013 przyrodnicza per\u0142a Polski\u201d autorstwa S\u0142awomira W\u0105sika oraz \u201eDzika przyroda w sercu Europy\u201d Tomasza Ogrodowczyka.<\/strong><\/p>\n<p><strong>Muzeum Przyrody (Oddzia\u0142 Muzeum Warmii i Mazur w Olsztynie) przy ulicy Metalowej 8. Wst\u0119p wolny.<\/strong><\/p>\n<p><strong>Z powa\u017caniem<\/strong><\/p>\n<p><strong>Beata Bonis\u0142awska<\/strong><\/p>\n","protected":false},"excerpt":{"rendered":"<p>Dzie\u0144 dobry, Zapraszamy na godzin\u0119 17.30.w \u015brod\u0119, 15 marca 2023 r. na spotkanie z cyklu \u201eWiecz\u00f3r z filmem przyrodniczym\u201d. Zaprezentujemy dwa filmy: \u201eBug \u2013 przyrodnicza per\u0142a Polski\u201d autorstwa S\u0142awomira W\u0105sika oraz \u201eDzika przyroda w sercu Europy\u201d Tomasza Ogrodowczyka. Muzeum Przyrody (Oddzia\u0142 Muzeum Warmii i Mazur w Olsztynie) przy ulicy Metalowej 8. Wst\u0119p wolny. Z powa\u017caniem [&hellip;]<\/p>\n","protected":false},"author":2,"featured_media":0,"comment_status":"open","ping_status":"open","sticky":false,"template":"","format":"standard","meta":{"footnotes":""},"categories":[1,17],"tags":[],"class_list":["post-7904","post","type-post","status-publish","format-standard","hentry","category-bez-kategorii","category-edukacja-w-terenie"],"_links":{"self":[{"href":"https:\/\/www.milosnicylasu.olsztyn.pl\/index.php?rest_route=\/wp\/v2\/posts\/7904","targetHints":{"allow":["GET"]}}],"collection":[{"href":"https:\/\/www.milosnicylasu.olsztyn.pl\/index.php?rest_route=\/wp\/v2\/posts"}],"about":[{"href":"https:\/\/www.milosnicylasu.olsztyn.pl\/index.php?rest_route=\/wp\/v2\/types\/post"}],"author":[{"embeddable":true,"href":"https:\/\/www.milosnicylasu.olsztyn.pl\/index.php?rest_route=\/wp\/v2\/users\/2"}],"replies":[{"embeddable":true,"href":"https:\/\/www.milosnicylasu.olsztyn.pl\/index.php?rest_route=%2Fwp%2Fv2%2Fcomments&post=7904"}],"version-history":[{"count":1,"href":"https:\/\/www.milosnicylasu.olsztyn.pl\/index.php?rest_route=\/wp\/v2\/posts\/7904\/revisions"}],"predecessor-version":[{"id":7905,"href":"https:\/\/www.milosnicylasu.olsztyn.pl\/index.php?rest_route=\/wp\/v2\/posts\/7904\/revisions\/7905"}],"wp:attachment":[{"href":"https:\/\/www.milosnicylasu.olsztyn.pl\/index.php?rest_route=%2Fwp%2Fv2%2Fmedia&parent=7904"}],"wp:term":[{"taxonomy":"category","embeddable":true,"href":"https:\/\/www.milosnicylasu.olsztyn.pl\/index.php?rest_route=%2Fwp%2Fv2%2Fcategories&post=7904"},{"taxonomy":"post_tag","embeddable":true,"href":"https:\/\/www.milosnicylasu.olsztyn.pl\/index.php?rest_route=%2Fwp%2Fv2%2Ftags&post=7904"}],"curies":[{"name":"wp","href":"https:\/\/api.w.org\/{rel}","templated":true}]}}