{"id":7908,"date":"2023-03-19T07:09:11","date_gmt":"2023-03-19T06:09:11","guid":{"rendered":"https:\/\/www.milosnicylasu.olsztyn.pl\/?p=7908"},"modified":"2023-03-19T07:14:12","modified_gmt":"2023-03-19T06:14:12","slug":"sprzatamy-po-wandalach","status":"publish","type":"post","link":"https:\/\/www.milosnicylasu.olsztyn.pl\/?p=7908","title":{"rendered":"Sprz\u0105tamy po wandalach"},"content":{"rendered":"<p><strong><a href=\"https:\/\/www.milosnicylasu.olsztyn.pl\/wp-content\/uploads\/2023\/03\/DSCN6220-www.jpg\" data-rel=\"lightbox-image-0\" data-magnific_type=\"image\" data-rl_title=\"\" data-rl_caption=\"\" title=\"\"><img loading=\"lazy\" decoding=\"async\" class=\"size-medium wp-image-7909 alignleft\" src=\"https:\/\/www.milosnicylasu.olsztyn.pl\/wp-content\/uploads\/2023\/03\/DSCN6220-www-300x225.jpg\" alt=\"\" width=\"300\" height=\"225\" srcset=\"https:\/\/www.milosnicylasu.olsztyn.pl\/wp-content\/uploads\/2023\/03\/DSCN6220-www-300x225.jpg 300w, https:\/\/www.milosnicylasu.olsztyn.pl\/wp-content\/uploads\/2023\/03\/DSCN6220-www-768x576.jpg 768w, https:\/\/www.milosnicylasu.olsztyn.pl\/wp-content\/uploads\/2023\/03\/DSCN6220-www.jpg 1024w\" sizes=\"auto, (max-width: 300px) 100vw, 300px\" \/><\/a>W sobot\u0119 18 marca 2023 roku cz\u0142onkowie Ko\u0142a Mi\u0142o\u015bnik\u00f3w Lasu i Militari\u00f3w LOK przy ATW w Olsztynie spotkali si\u0119, by wsp\u00f3lnie posprz\u0105ta\u0107 \u00a0\u201eWojtkowy Las\u201d.<\/strong><\/p>\n<p><strong>Od lat walczymy z nielegalnym wyrzucaniem \u015bmieci do lasu \u2013 i o dziwo , w tym roku tych \u015bmieci jest jakby mniej. Mo\u017ce to efekt systematycznego sprz\u0105tania, a tak\u017ce umieszczania w miejscach szczeg\u00f3lnie za\u015bmieconych, apeli o zachowanie czysto\u015bci, przygotowywanych przez naszego Koleg\u0119 Antoniego Jarczyka.<\/strong><\/p>\n<p><strong>Lubimy spacerowa\u0107 po olszty\u0144skich lasach, szczeg\u00f3lnie je\u017celi po drodze nie widzimy w nim porzucanych odpad\u00f3w, a je\u017celi widzimy to nie tylko w czasie wiosennej akcji, ale te\u017c w ci\u0105gu ca\u0142ego roku staramy si\u0119 je zabra\u0107 ze sob\u0105 i przenie\u015b\u0107 w odpowiednie dla nich miejsce. Przy sta\u0142ej wsp\u00f3\u0142pracy z le\u015bniczym Le\u015bnictwa Stary Dw\u00f3r Wojtkiem D\u0105browskim udaje si\u0119 zmniejszy\u0107 zagro\u017cenie.<\/strong><\/p>\n<p><strong>Pami\u0119tajmy, \u017ce \u00a0tylko w ubieg\u0142ym roku Lasy Pa\u0144stwowe przeznaczy\u0142y na ten cel niemal 20 mln z\u0142, a z le\u015bnych ost\u0119p\u00f3w wywieziono ok. 108 tys. m3 \u015bmieci! To kupa kasy!\u00a0 Zastanawiamy si\u0119\u00a0 kto te \u015bmieci przynosi, a czasem jest oczywiste\u00a0 \/s\u0105dz\u0105c po ilo\u015bci\/, \u017ce wywozi do lasu. Mamy, jako spo\u0142ecze\u0144stwo wysokie mniemanie o sobie, o swojej kulturze&#8230;&#8230;&#8230;..?<\/strong><\/p>\n<p><strong>W\u0119drujemy po lesie w ka\u017cd\u0105 sobot\u0119 ca\u0142y rok. Kochamy las i przyrod\u0119. W ka\u017cd\u0105 por\u0119 roku, chocia\u017c jest inaczej, ale zawsze pi\u0119knie. S\u0105 niespodzianki. Pogoda jeszcze w kratk\u0119, w tygodniu spad\u0142o du\u017co \u015bniegu, ale w sobot\u0119 spotkali\u015bmy pierwsze przylaszczki. <\/strong><a href=\"https:\/\/www.milosnicylasu.olsztyn.pl\/wp-content\/uploads\/2023\/03\/DSCN6221-www-1.jpg\" data-rel=\"lightbox-image-1\" data-magnific_type=\"image\" data-rl_title=\"\" data-rl_caption=\"\" title=\"\"><img loading=\"lazy\" decoding=\"async\" class=\"size-medium wp-image-7912 aligncenter\" src=\"https:\/\/www.milosnicylasu.olsztyn.pl\/wp-content\/uploads\/2023\/03\/DSCN6221-www-1-300x225.jpg\" alt=\"\" width=\"300\" height=\"225\" srcset=\"https:\/\/www.milosnicylasu.olsztyn.pl\/wp-content\/uploads\/2023\/03\/DSCN6221-www-1-300x225.jpg 300w, https:\/\/www.milosnicylasu.olsztyn.pl\/wp-content\/uploads\/2023\/03\/DSCN6221-www-1-768x576.jpg 768w, https:\/\/www.milosnicylasu.olsztyn.pl\/wp-content\/uploads\/2023\/03\/DSCN6221-www-1.jpg 1024w\" sizes=\"auto, (max-width: 300px) 100vw, 300px\" \/><\/a><\/p>\n<p>&nbsp;<\/p>\n","protected":false},"excerpt":{"rendered":"<p>W sobot\u0119 18 marca 2023 roku cz\u0142onkowie Ko\u0142a Mi\u0142o\u015bnik\u00f3w Lasu i Militari\u00f3w LOK przy ATW w Olsztynie spotkali si\u0119, by wsp\u00f3lnie posprz\u0105ta\u0107 \u00a0\u201eWojtkowy Las\u201d. Od lat walczymy z nielegalnym wyrzucaniem \u015bmieci do lasu \u2013 i o dziwo , w tym roku tych \u015bmieci jest jakby mniej. Mo\u017ce to efekt systematycznego sprz\u0105tania, a tak\u017ce umieszczania w [&hellip;]<\/p>\n","protected":false},"author":2,"featured_media":0,"comment_status":"open","ping_status":"open","sticky":false,"template":"","format":"standard","meta":{"footnotes":""},"categories":[1,9,17],"tags":[],"class_list":["post-7908","post","type-post","status-publish","format-standard","hentry","category-bez-kategorii","category-ciekawostki","category-edukacja-w-terenie"],"_links":{"self":[{"href":"https:\/\/www.milosnicylasu.olsztyn.pl\/index.php?rest_route=\/wp\/v2\/posts\/7908","targetHints":{"allow":["GET"]}}],"collection":[{"href":"https:\/\/www.milosnicylasu.olsztyn.pl\/index.php?rest_route=\/wp\/v2\/posts"}],"about":[{"href":"https:\/\/www.milosnicylasu.olsztyn.pl\/index.php?rest_route=\/wp\/v2\/types\/post"}],"author":[{"embeddable":true,"href":"https:\/\/www.milosnicylasu.olsztyn.pl\/index.php?rest_route=\/wp\/v2\/users\/2"}],"replies":[{"embeddable":true,"href":"https:\/\/www.milosnicylasu.olsztyn.pl\/index.php?rest_route=%2Fwp%2Fv2%2Fcomments&post=7908"}],"version-history":[{"count":3,"href":"https:\/\/www.milosnicylasu.olsztyn.pl\/index.php?rest_route=\/wp\/v2\/posts\/7908\/revisions"}],"predecessor-version":[{"id":7914,"href":"https:\/\/www.milosnicylasu.olsztyn.pl\/index.php?rest_route=\/wp\/v2\/posts\/7908\/revisions\/7914"}],"wp:attachment":[{"href":"https:\/\/www.milosnicylasu.olsztyn.pl\/index.php?rest_route=%2Fwp%2Fv2%2Fmedia&parent=7908"}],"wp:term":[{"taxonomy":"category","embeddable":true,"href":"https:\/\/www.milosnicylasu.olsztyn.pl\/index.php?rest_route=%2Fwp%2Fv2%2Fcategories&post=7908"},{"taxonomy":"post_tag","embeddable":true,"href":"https:\/\/www.milosnicylasu.olsztyn.pl\/index.php?rest_route=%2Fwp%2Fv2%2Ftags&post=7908"}],"curies":[{"name":"wp","href":"https:\/\/api.w.org\/{rel}","templated":true}]}}