{"id":7932,"date":"2023-03-28T06:28:44","date_gmt":"2023-03-28T04:28:44","guid":{"rendered":"https:\/\/www.milosnicylasu.olsztyn.pl\/?p=7932"},"modified":"2023-03-28T18:53:20","modified_gmt":"2023-03-28T16:53:20","slug":"odwiedzilismy-nadlesnictwo-mlynary","status":"publish","type":"post","link":"https:\/\/www.milosnicylasu.olsztyn.pl\/?p=7932","title":{"rendered":"Odwiedzili\u015bmy Nadle\u015bnictwo M\u0142ynary"},"content":{"rendered":"<p><a href=\"https:\/\/www.milosnicylasu.olsztyn.pl\/wp-content\/uploads\/2023\/03\/P3240005-www.jpg\" data-rel=\"lightbox-image-0\" data-magnific_type=\"image\" data-rl_title=\"\" data-rl_caption=\"\" title=\"\"><img loading=\"lazy\" decoding=\"async\" class=\"size-medium wp-image-7933 alignleft\" src=\"https:\/\/www.milosnicylasu.olsztyn.pl\/wp-content\/uploads\/2023\/03\/P3240005-www-300x225.jpg\" alt=\"\" width=\"300\" height=\"225\" srcset=\"https:\/\/www.milosnicylasu.olsztyn.pl\/wp-content\/uploads\/2023\/03\/P3240005-www-300x225.jpg 300w, https:\/\/www.milosnicylasu.olsztyn.pl\/wp-content\/uploads\/2023\/03\/P3240005-www-768x576.jpg 768w, https:\/\/www.milosnicylasu.olsztyn.pl\/wp-content\/uploads\/2023\/03\/P3240005-www.jpg 1024w\" sizes=\"auto, (max-width: 300px) 100vw, 300px\" \/><\/a><\/p>\n<p><strong>Cz\u0142onkowie Ko\u0142a Mi\u0142o\u015bnik\u00f3w Lasu i Militari\u00f3w LOK przy ATW w Olsztynie uczestniczyli w wyjazdowej edukacji le\u015bnej w Nadle\u015bnictwie M\u0142ynary<\/strong><\/p>\n<p><strong>Na zaproszenie Nadle\u015bniczego Pana Krzysztofa Widerskiego 24 marca 2023r. cz\u0142onkowie naszego Ko\u0142a uczestniczyli w edukacji le\u015bnej. Pracownicy Nadle\u015bnictwa Pani Ewa Parzyszek i Pan Ryszard Jankowski spotkali si\u0119 z nami na \u015bcie\u017cce le\u015bnej gdzie us\u0142yszeli\u015bmy wiele ciekawych informacji dotycz\u0105cych Nadle\u015bnictwa M\u0142ynary, kt\u00f3re po\u0142o\u017cone jest w p\u00f3\u0142nocno- zachodniej cz\u0119\u015bci wojew\u00f3dztwa warmi\u0144sko- mazurskiego. Rze\u017aba terenu jest bardzo zr\u00f3\u017cnicowana, od r\u00f3wnin, poprzez obszary faliste i pag\u00f3rkowe, do licznych wzg\u00f3rz z g\u0142\u0119bokimi i stromymi jarami. Warunki glebowe i cechy klimatu sprawiaj\u0105, \u017ce g\u0142\u00f3wnymi gatunkami lasotw\u00f3rczymi s\u0105: buk, d\u0105b, brzoza, olcha, lipa, sosna i \u015bwierk.<\/strong><\/p>\n<p><a href=\"https:\/\/www.milosnicylasu.olsztyn.pl\/wp-content\/uploads\/2023\/03\/P3240012-www.jpg\" data-rel=\"lightbox-image-1\" data-magnific_type=\"image\" data-rl_title=\"\" data-rl_caption=\"\" title=\"\"><img loading=\"lazy\" decoding=\"async\" class=\"size-medium wp-image-7934 alignright\" src=\"https:\/\/www.milosnicylasu.olsztyn.pl\/wp-content\/uploads\/2023\/03\/P3240012-www-300x225.jpg\" alt=\"\" width=\"300\" height=\"225\" srcset=\"https:\/\/www.milosnicylasu.olsztyn.pl\/wp-content\/uploads\/2023\/03\/P3240012-www-300x225.jpg 300w, https:\/\/www.milosnicylasu.olsztyn.pl\/wp-content\/uploads\/2023\/03\/P3240012-www-768x576.jpg 768w, https:\/\/www.milosnicylasu.olsztyn.pl\/wp-content\/uploads\/2023\/03\/P3240012-www.jpg 1024w\" sizes=\"auto, (max-width: 300px) 100vw, 300px\" \/><\/a><\/p>\n<p><strong> Powierzchnia Nadle\u015bnictwa wynosi 18233 ha. W tym powierzchnia le\u015bna, zgrupowana w 227 kompleksach wynosi 17280 ha. Zasi\u0119g terytorialny nadle\u015bnictwa \u2013 75241 ha.\u00a0 W sk\u0142ad Nadle\u015bnictwa wchodzi 12 le\u015bnictw i O\u015brodek Hodowli Zwierzyny \u201eStru\u017cyna\u201d.\u00a0 Pod kierownictwem Pani Ewy Parzyszek mogli\u015bmy zwiedzi\u0107 Le\u015bn\u0105 \u015bcie\u017ck\u0119 dydaktyczn\u0105, kt\u00f3ra\u00a0 jest miejscem cz\u0119sto odwiedzanym nie tylko przez m\u0142odzie\u017c szkoln\u0105.<\/strong><\/p>\n<p><a href=\"https:\/\/www.milosnicylasu.olsztyn.pl\/wp-content\/uploads\/2023\/03\/P3240029-www.jpg\" data-rel=\"lightbox-image-2\" data-magnific_type=\"image\" data-rl_title=\"\" data-rl_caption=\"\" title=\"\"><img loading=\"lazy\" decoding=\"async\" class=\"size-medium wp-image-7936 alignleft\" src=\"https:\/\/www.milosnicylasu.olsztyn.pl\/wp-content\/uploads\/2023\/03\/P3240029-www-300x225.jpg\" alt=\"\" width=\"300\" height=\"225\" srcset=\"https:\/\/www.milosnicylasu.olsztyn.pl\/wp-content\/uploads\/2023\/03\/P3240029-www-300x225.jpg 300w, https:\/\/www.milosnicylasu.olsztyn.pl\/wp-content\/uploads\/2023\/03\/P3240029-www-768x576.jpg 768w, https:\/\/www.milosnicylasu.olsztyn.pl\/wp-content\/uploads\/2023\/03\/P3240029-www.jpg 1024w\" sizes=\"auto, (max-width: 300px) 100vw, 300px\" \/><\/a><\/p>\n<p><a href=\"https:\/\/www.milosnicylasu.olsztyn.pl\/wp-content\/uploads\/2023\/03\/P3240022-www.jpg\" data-rel=\"lightbox-image-3\" data-magnific_type=\"image\" data-rl_title=\"\" data-rl_caption=\"\" title=\"\"><img loading=\"lazy\" decoding=\"async\" class=\"size-medium wp-image-7935 alignright\" src=\"https:\/\/www.milosnicylasu.olsztyn.pl\/wp-content\/uploads\/2023\/03\/P3240022-www-300x225.jpg\" alt=\"\" width=\"300\" height=\"225\" srcset=\"https:\/\/www.milosnicylasu.olsztyn.pl\/wp-content\/uploads\/2023\/03\/P3240022-www-300x225.jpg 300w, https:\/\/www.milosnicylasu.olsztyn.pl\/wp-content\/uploads\/2023\/03\/P3240022-www-768x576.jpg 768w, https:\/\/www.milosnicylasu.olsztyn.pl\/wp-content\/uploads\/2023\/03\/P3240022-www.jpg 1024w\" sizes=\"auto, (max-width: 300px) 100vw, 300px\" \/><\/a><\/p>\n<p><strong>W czasie spaceru\u00a0 podziwiali\u015bmy\u00a0 stary drzewostan. Jak poinformowa\u0142a nas Pani Ewa ro\u015bnie 40 starych drzew uznanych za pomniki przyrody, rosn\u0105cych na terenie ca\u0142ego Nadle\u015bnictwa.\u00a0 S\u0105 to buki, d\u0119by, lipy, sosna \u201eGruba Ka\u015bka\u201d &#8211; sosna pospolita, wiek 300 lat, obw\u00f3d 426 cm wysoko\u015b\u0107 40 m. Kolejny pomnik przyrody to Jod\u0142a Jagna \u2013 jod\u0142a pospolita, wiek 123 lata, obw\u00f3d 320 cm, wysoko\u015b\u0107 32m.<\/strong><\/p>\n<p><a href=\"https:\/\/www.milosnicylasu.olsztyn.pl\/wp-content\/uploads\/2023\/03\/P3240031-scaled.jpg\" data-rel=\"lightbox-image-4\" data-magnific_type=\"image\" data-rl_title=\"\" data-rl_caption=\"\" title=\"\"><img loading=\"lazy\" decoding=\"async\" class=\"size-medium wp-image-7937\" src=\"https:\/\/www.milosnicylasu.olsztyn.pl\/wp-content\/uploads\/2023\/03\/P3240031-300x225.jpg\" alt=\"\" width=\"300\" height=\"225\" srcset=\"https:\/\/www.milosnicylasu.olsztyn.pl\/wp-content\/uploads\/2023\/03\/P3240031-300x225.jpg 300w, https:\/\/www.milosnicylasu.olsztyn.pl\/wp-content\/uploads\/2023\/03\/P3240031-1024x768.jpg 1024w, https:\/\/www.milosnicylasu.olsztyn.pl\/wp-content\/uploads\/2023\/03\/P3240031-768x576.jpg 768w, https:\/\/www.milosnicylasu.olsztyn.pl\/wp-content\/uploads\/2023\/03\/P3240031-1536x1152.jpg 1536w, https:\/\/www.milosnicylasu.olsztyn.pl\/wp-content\/uploads\/2023\/03\/P3240031-2048x1536.jpg 2048w\" sizes=\"auto, (max-width: 300px) 100vw, 300px\" \/><\/a><\/p>\n<p><strong>G\u0142az narzutowy o obwodzie 10m. pozostawiony przez lodowiec, stanowi pomnik przyrody nieo\u017cywionej. Z ptak\u00f3w obj\u0119tych ochron\u0105 strefow\u0105 w lasach m\u0142ynarskich bytuj\u0105 bieliki, orliki krzykliwe i bociany czarne. Spo\u015br\u00f3d ro\u015blin chronionych wyst\u0119puj\u0105 mi\u0119dzy innymi: wid\u0142ak ja\u0142owcowaty, grzybie\u0144 bia\u0142y, gr\u0105\u017cel \u017c\u00f3\u0142ty, wawrzynek wilcze \u0142yko, barwinek pospolity, malina moroszka. W zasi\u0119gu terytorialnym Nadle\u015bnictwa M\u0142ynary znajduje si\u0119 5 Obszar\u00f3w Chronionych Krajobrazu i 4 obszary Natura 2000. Obszar, na kt\u00f3rym le\u017cy Nadle\u015bnictwo M\u0142ynary zwany by\u0142 niegdy\u015b Pog\u00f3rzem i opr\u00f3cz charakterystycznego ukszta\u0142towania terenu cechowa\u0142 si\u0119 odr\u0119bno\u015bci\u0105 kulturow\u0105. Dzisiaj mo\u017cemy zobaczy\u0107 znikome \u015blady dawnej \u015bwietno\u015bci tych ziem.<\/strong><\/p>\n<p><a href=\"https:\/\/www.milosnicylasu.olsztyn.pl\/wp-content\/uploads\/2023\/03\/P3240021-www.jpg\" data-rel=\"lightbox-image-5\" data-magnific_type=\"image\" data-rl_title=\"\" data-rl_caption=\"\" title=\"\"><img loading=\"lazy\" decoding=\"async\" class=\"size-medium wp-image-7952 alignleft\" src=\"https:\/\/www.milosnicylasu.olsztyn.pl\/wp-content\/uploads\/2023\/03\/P3240021-www-300x225.jpg\" alt=\"\" width=\"300\" height=\"225\" srcset=\"https:\/\/www.milosnicylasu.olsztyn.pl\/wp-content\/uploads\/2023\/03\/P3240021-www-300x225.jpg 300w, https:\/\/www.milosnicylasu.olsztyn.pl\/wp-content\/uploads\/2023\/03\/P3240021-www-768x576.jpg 768w, https:\/\/www.milosnicylasu.olsztyn.pl\/wp-content\/uploads\/2023\/03\/P3240021-www.jpg 1024w\" sizes=\"auto, (max-width: 300px) 100vw, 300px\" \/><\/a><\/p>\n<p><a href=\"https:\/\/www.milosnicylasu.olsztyn.pl\/wp-content\/uploads\/2023\/03\/P3240053-www.jpg\" data-rel=\"lightbox-image-6\" data-magnific_type=\"image\" data-rl_title=\"\" data-rl_caption=\"\" title=\"\"><img loading=\"lazy\" decoding=\"async\" class=\"size-medium wp-image-7939 alignleft\" src=\"https:\/\/www.milosnicylasu.olsztyn.pl\/wp-content\/uploads\/2023\/03\/P3240053-www-300x225.jpg\" alt=\"\" width=\"300\" height=\"225\" srcset=\"https:\/\/www.milosnicylasu.olsztyn.pl\/wp-content\/uploads\/2023\/03\/P3240053-www-300x225.jpg 300w, https:\/\/www.milosnicylasu.olsztyn.pl\/wp-content\/uploads\/2023\/03\/P3240053-www-768x576.jpg 768w, https:\/\/www.milosnicylasu.olsztyn.pl\/wp-content\/uploads\/2023\/03\/P3240053-www.jpg 1024w\" sizes=\"auto, (max-width: 300px) 100vw, 300px\" \/><\/a><\/p>\n<p><a href=\"https:\/\/www.milosnicylasu.olsztyn.pl\/wp-content\/uploads\/2023\/03\/P3240023-www.jpg\" data-rel=\"lightbox-image-7\" data-magnific_type=\"image\" data-rl_title=\"\" data-rl_caption=\"\" title=\"\"><img loading=\"lazy\" decoding=\"async\" class=\"size-medium wp-image-7956\" src=\"https:\/\/www.milosnicylasu.olsztyn.pl\/wp-content\/uploads\/2023\/03\/P3240023-www-225x300.jpg\" alt=\"\" width=\"225\" height=\"300\" srcset=\"https:\/\/www.milosnicylasu.olsztyn.pl\/wp-content\/uploads\/2023\/03\/P3240023-www-225x300.jpg 225w, https:\/\/www.milosnicylasu.olsztyn.pl\/wp-content\/uploads\/2023\/03\/P3240023-www.jpg 768w\" sizes=\"auto, (max-width: 225px) 100vw, 225px\" \/><\/a><\/p>\n<p><strong>Z maj\u0105tk\u00f3w rodziny Dohn\u00f3w, takich jak S\u0142obity, G\u0142adysze, Markowo pozosta\u0142y ju\u017c tylko ruiny. Wi\u0119cej szcz\u0119\u015bcia mia\u0142y pa\u0142ace w Kwitajnach i Dawidach, kt\u00f3re doczeka\u0142y si\u0119 renowacji, a otaczaj\u0105ce je parki nie uleg\u0142y zniszczeniu i s\u0105 do dzi\u015b staranie utrzymane.<\/strong><\/p>\n<p><a href=\"https:\/\/www.milosnicylasu.olsztyn.pl\/wp-content\/uploads\/2023\/03\/P3030170-www.jpg\" data-rel=\"lightbox-image-8\" data-magnific_type=\"image\" data-rl_title=\"\" data-rl_caption=\"\" title=\"\"><img loading=\"lazy\" decoding=\"async\" class=\"size-medium wp-image-7941 aligncenter\" src=\"https:\/\/www.milosnicylasu.olsztyn.pl\/wp-content\/uploads\/2023\/03\/P3030170-www-300x225.jpg\" alt=\"\" width=\"300\" height=\"225\" srcset=\"https:\/\/www.milosnicylasu.olsztyn.pl\/wp-content\/uploads\/2023\/03\/P3030170-www-300x225.jpg 300w, https:\/\/www.milosnicylasu.olsztyn.pl\/wp-content\/uploads\/2023\/03\/P3030170-www-768x576.jpg 768w, https:\/\/www.milosnicylasu.olsztyn.pl\/wp-content\/uploads\/2023\/03\/P3030170-www.jpg 1024w\" sizes=\"auto, (max-width: 300px) 100vw, 300px\" \/><\/a><\/p>\n<p><strong>W dalszej cz\u0119\u015bci naszego wyjazdu mogli\u015bmy odwiedzi\u0107 znajduj\u0105ce si\u0119 w pobli\u017cu miejscowo\u015bci Markowo cmentarzysko zwane Pseudomegalistyczny cmentarz Dohn\u00f3w za\u0142o\u017cony w 1924roku przez wschodniopruski r\u00f3d Dohn\u00f3w, kt\u00f3ry mia\u0142 siedzib\u0119 w pobliskim Markowie. <\/strong><\/p>\n<p><a href=\"https:\/\/www.milosnicylasu.olsztyn.pl\/wp-content\/uploads\/2023\/03\/P3240057-www.jpg\" data-rel=\"lightbox-image-9\" data-magnific_type=\"image\" data-rl_title=\"\" data-rl_caption=\"\" title=\"\"><img loading=\"lazy\" decoding=\"async\" class=\"size-medium wp-image-7954 alignleft\" src=\"https:\/\/www.milosnicylasu.olsztyn.pl\/wp-content\/uploads\/2023\/03\/P3240057-www-300x225.jpg\" alt=\"\" width=\"300\" height=\"225\" srcset=\"https:\/\/www.milosnicylasu.olsztyn.pl\/wp-content\/uploads\/2023\/03\/P3240057-www-300x225.jpg 300w, https:\/\/www.milosnicylasu.olsztyn.pl\/wp-content\/uploads\/2023\/03\/P3240057-www-768x576.jpg 768w, https:\/\/www.milosnicylasu.olsztyn.pl\/wp-content\/uploads\/2023\/03\/P3240057-www.jpg 1024w\" sizes=\"auto, (max-width: 300px) 100vw, 300px\" \/><\/a><\/p>\n<p><strong>W formie mia\u0142o nawi\u0105za\u0107 do staro\u017cytnych budowli megalitycznych. Po\u0142o\u017cone jest na wzniesieniu i sk\u0142ada si\u0119 z kamiennego p\u00f3\u0142kr\u0119gu, grobowc\u00f3w Friedricha Ludwiga und Graf zu Dohna \u2013 \u0141auck 4.4 1873-1.7.1924. P\u0142yt\u0119 ozdobiono herbem rodu. Wzd\u0142u\u017c bok\u00f3w gotycki napis: <em>So spricht der Geist, si\u0119 sollen austruchen von ihren Muhen, denn ihre Werke folgen nach Offb, Johannis 14.v. 13 <\/em>\/<u>Tak m\u00f3wi duch: powinni\u015bcie odpocz\u0105\u0107 od swoich trud\u00f3w, gdy\u017c Wasze czyny p\u00f3jd\u0105 za Wami\/. W niewielkim odst\u0119pie pochowany jest jego syn<\/u> Christophe Friedrich Burgraf und Graf zu Dohna\/1907 &#8211; 1934. Obok p\u0142yty nagrobnej syna znajduje si\u0119 kamie\u0144, na kt\u00f3rym wyryto hitlerowsk\u0105 swastyk\u0119. Z drugiej strony kamienia znajduje si\u0119 wyryty napis: <em>Der Todd ust verschlungen in der Sieg Cor. 15.52<\/em> \/ \u00a0<u>Gdzie jest, o \u015bmierci twoje zwyci\u0119stwo? Z\u00a0 1<\/u> <u>Listu do Koryntian?<\/u>\/Za cmentarzem, od strony po\u0142udniowej, znajduje si\u0119 brzozowy kr\u0105g, w kt\u00f3rego centrum, na o\u015bmiobocznym postumencie wzniesiono d\u0119bowy krzy\u017c, obecnie powalony. Dodatkowo ciekawo\u015b\u0107 wzbudza fakt, \u017ce mimo tego, \u017ce rodzina Dohn\u00f3w posiada\u0142a krypt\u0119 rodow\u0105, dwoje cz\u0142onk\u00f3w tego rodu zosta\u0142o pochowanych w lesie, a nie w niej. Nie wiadomo r\u00f3wnie\u017c czy tajemniczy kr\u0105g mia\u0142 jaki\u015b zwi\u0105zek z symbolami ezoterycznymi.<\/strong><\/p>\n<p>&nbsp;<\/p>\n<p><strong>Zagadk\u0105 pozostaje r\u00f3wnie\u017c to, dlaczego g\u0142az ze swastyk\u0105 przez wiele lat nie zosta\u0142 zniszczony, jak to mia\u0142o miejsce w przypadku innych symboli nazistowskich.<\/strong><\/p>\n<p><strong>Pocz\u0105tki rodziny Dohn\u00f3w si\u0119gaj\u0105 XV wieku, kiedy na te tereny przyby\u0142 Stanis\u0142aw. Otrzyma\u0142 on w 1469 roku ziemi\u0119, poniewa\u017c bra\u0142 udzia\u0142 w walkach, jako najemnik, a Zakon nie mia\u0142 jak mu zap\u0142aci\u0107 \u017co\u0142du. Pocz\u0105tkowo g\u0142\u00f3wna siedziba rodu Dohn\u00f3w znajdowa\u0142a si\u0119 w zamku w Mor\u0105gu. Nast\u0119pnie zosta\u0142 wzniesiony pa\u0142ac w S\u0142obitach, kt\u00f3ry do 1945 roku stanowi\u0142 ich najwa\u017cniejsz\u0105 siedzib\u0119. Cz\u0142onkowie rodu Dohn\u00f3w zamieszkiwali r\u00f3wnie\u017c w \u0141awkach, Markowo, G\u0142adysze, Karwiny, K\u0105ty, Dawidy, Kamieniec.<\/strong><\/p>\n<p><strong>Wyjazd by\u0142 ciekawy przyrodniczo i historycznie. Dzi\u0119kujemy Panu Nadle\u015bniczemu i pracownikom Nadle\u015bnictwa za zaproszenie, za wiedz\u0119, za go\u015bcinno\u015b\u0107 i&#8230; bardzo smaczny pocz\u0119stunek.<\/strong><\/p>\n<p><strong>Jak wida\u0107, nie zawsze by\u0142o \u0142atwo, ale c\u00f3\u017c to dla nas &#8211; dali\u015bmy rad\u0119 !<\/strong><\/p>\n<p><a href=\"https:\/\/www.milosnicylasu.olsztyn.pl\/wp-content\/uploads\/2023\/03\/P3240062-www.jpg\" data-rel=\"lightbox-image-10\" data-magnific_type=\"image\" data-rl_title=\"\" data-rl_caption=\"\" title=\"\"><img loading=\"lazy\" decoding=\"async\" class=\"size-medium wp-image-7946\" src=\"https:\/\/www.milosnicylasu.olsztyn.pl\/wp-content\/uploads\/2023\/03\/P3240062-www-300x225.jpg\" alt=\"\" width=\"300\" height=\"225\" srcset=\"https:\/\/www.milosnicylasu.olsztyn.pl\/wp-content\/uploads\/2023\/03\/P3240062-www-300x225.jpg 300w, https:\/\/www.milosnicylasu.olsztyn.pl\/wp-content\/uploads\/2023\/03\/P3240062-www-768x576.jpg 768w, https:\/\/www.milosnicylasu.olsztyn.pl\/wp-content\/uploads\/2023\/03\/P3240062-www.jpg 1024w\" sizes=\"auto, (max-width: 300px) 100vw, 300px\" \/><\/a><\/p>\n<p><strong>Wycieczk\u0119 zorganizowa\u0142 i jest autorem zdj\u0119\u0107 Anatol Leszczy\u0144ski<\/strong><\/p>\n<p>&nbsp;<\/p>\n","protected":false},"excerpt":{"rendered":"<p>Cz\u0142onkowie Ko\u0142a Mi\u0142o\u015bnik\u00f3w Lasu i Militari\u00f3w LOK przy ATW w Olsztynie uczestniczyli w wyjazdowej edukacji le\u015bnej w Nadle\u015bnictwie M\u0142ynary Na zaproszenie Nadle\u015bniczego Pana Krzysztofa Widerskiego 24 marca 2023r. cz\u0142onkowie naszego Ko\u0142a uczestniczyli w edukacji le\u015bnej. Pracownicy Nadle\u015bnictwa Pani Ewa Parzyszek i Pan Ryszard Jankowski spotkali si\u0119 z nami na \u015bcie\u017cce le\u015bnej gdzie us\u0142yszeli\u015bmy wiele ciekawych [&hellip;]<\/p>\n","protected":false},"author":2,"featured_media":0,"comment_status":"open","ping_status":"open","sticky":false,"template":"","format":"standard","meta":{"footnotes":""},"categories":[1,9,17,5],"tags":[],"class_list":["post-7932","post","type-post","status-publish","format-standard","hentry","category-bez-kategorii","category-ciekawostki","category-edukacja-w-terenie","category-wycieczki"],"_links":{"self":[{"href":"https:\/\/www.milosnicylasu.olsztyn.pl\/index.php?rest_route=\/wp\/v2\/posts\/7932","targetHints":{"allow":["GET"]}}],"collection":[{"href":"https:\/\/www.milosnicylasu.olsztyn.pl\/index.php?rest_route=\/wp\/v2\/posts"}],"about":[{"href":"https:\/\/www.milosnicylasu.olsztyn.pl\/index.php?rest_route=\/wp\/v2\/types\/post"}],"author":[{"embeddable":true,"href":"https:\/\/www.milosnicylasu.olsztyn.pl\/index.php?rest_route=\/wp\/v2\/users\/2"}],"replies":[{"embeddable":true,"href":"https:\/\/www.milosnicylasu.olsztyn.pl\/index.php?rest_route=%2Fwp%2Fv2%2Fcomments&post=7932"}],"version-history":[{"count":12,"href":"https:\/\/www.milosnicylasu.olsztyn.pl\/index.php?rest_route=\/wp\/v2\/posts\/7932\/revisions"}],"predecessor-version":[{"id":7958,"href":"https:\/\/www.milosnicylasu.olsztyn.pl\/index.php?rest_route=\/wp\/v2\/posts\/7932\/revisions\/7958"}],"wp:attachment":[{"href":"https:\/\/www.milosnicylasu.olsztyn.pl\/index.php?rest_route=%2Fwp%2Fv2%2Fmedia&parent=7932"}],"wp:term":[{"taxonomy":"category","embeddable":true,"href":"https:\/\/www.milosnicylasu.olsztyn.pl\/index.php?rest_route=%2Fwp%2Fv2%2Fcategories&post=7932"},{"taxonomy":"post_tag","embeddable":true,"href":"https:\/\/www.milosnicylasu.olsztyn.pl\/index.php?rest_route=%2Fwp%2Fv2%2Ftags&post=7932"}],"curies":[{"name":"wp","href":"https:\/\/api.w.org\/{rel}","templated":true}]}}