{"id":7963,"date":"2023-04-03T06:46:42","date_gmt":"2023-04-03T04:46:42","guid":{"rendered":"https:\/\/www.milosnicylasu.olsztyn.pl\/?p=7963"},"modified":"2023-04-03T06:51:04","modified_gmt":"2023-04-03T04:51:04","slug":"sprzatania-ciag-dalszy","status":"publish","type":"post","link":"https:\/\/www.milosnicylasu.olsztyn.pl\/?p=7963","title":{"rendered":"Sprz\u0105tania ci\u0105g dalszy&#8230;&#8230;&#8230;.."},"content":{"rendered":"<p><a href=\"https:\/\/www.milosnicylasu.olsztyn.pl\/wp-content\/uploads\/2023\/04\/P4010050-www.jpg\" data-rel=\"lightbox-image-0\" data-magnific_type=\"image\" data-rl_title=\"\" data-rl_caption=\"\" title=\"\"><img loading=\"lazy\" decoding=\"async\" class=\"size-medium wp-image-7964 alignleft\" src=\"https:\/\/www.milosnicylasu.olsztyn.pl\/wp-content\/uploads\/2023\/04\/P4010050-www-300x225.jpg\" alt=\"\" width=\"300\" height=\"225\" srcset=\"https:\/\/www.milosnicylasu.olsztyn.pl\/wp-content\/uploads\/2023\/04\/P4010050-www-300x225.jpg 300w, https:\/\/www.milosnicylasu.olsztyn.pl\/wp-content\/uploads\/2023\/04\/P4010050-www-768x576.jpg 768w, https:\/\/www.milosnicylasu.olsztyn.pl\/wp-content\/uploads\/2023\/04\/P4010050-www.jpg 1024w\" sizes=\"auto, (max-width: 300px) 100vw, 300px\" \/><\/a><\/p>\n<p><strong>1 kwietnia 2023r. \/a nie jest to \u017cart\/ cz\u0142onkowie Ko\u0142a Mi\u0142o\u015bnik\u00f3w Lasu i Militari\u00f3w LOK przy ATW w Olsztynie solidnie pracowali. W ramach sobotniego rajdu spotkali si\u0119 przy CEiK -u w Olsztynie, nast\u0119pnie przeszli na strzelnic\u0119 LOK. Wraz z innymi cz\u0142onkami Ligi Obrony Kraju pod kierownictwem Dyrektora Warmi\u0144sko \u2013Mazurskiej Organizacji Wojew\u00f3dzkiej Pana Andrzeja \u00a0Zuby, porz\u0105dkowali teren strzelnicy po zimie z ga\u0142\u0119zi, kt\u00f3re pospada\u0142y z drzew i li\u015bci. Na zako\u0144czenie spotkania by\u0142o ognisko i odby\u0142y si\u0119 zawody strzeleckie z broni sportowej. Najch\u0119tniej strzela\u0142a m\u0142odzie\u017c z naszego Ko\u0142a pod okiem prowadz\u0105cego J\u00f3zka Gazdy\u00a0 i Jasia Filipka, opiekuna wnucz\u0105t Wojtka i Mateusza, kt\u00f3rzy wcze\u015bniej pomagali w sprz\u0105taniu terenu strzelnicy.<\/strong><\/p>\n<p><strong><a href=\"https:\/\/www.milosnicylasu.olsztyn.pl\/wp-content\/uploads\/2023\/04\/P4010052-www.jpg\" data-rel=\"lightbox-image-1\" data-magnific_type=\"image\" data-rl_title=\"\" data-rl_caption=\"\" title=\"\"><img loading=\"lazy\" decoding=\"async\" class=\"size-medium wp-image-7965 alignright\" src=\"https:\/\/www.milosnicylasu.olsztyn.pl\/wp-content\/uploads\/2023\/04\/P4010052-www-300x225.jpg\" alt=\"\" width=\"300\" height=\"225\" srcset=\"https:\/\/www.milosnicylasu.olsztyn.pl\/wp-content\/uploads\/2023\/04\/P4010052-www-300x225.jpg 300w, https:\/\/www.milosnicylasu.olsztyn.pl\/wp-content\/uploads\/2023\/04\/P4010052-www-768x576.jpg 768w, https:\/\/www.milosnicylasu.olsztyn.pl\/wp-content\/uploads\/2023\/04\/P4010052-www.jpg 1024w\" sizes=\"auto, (max-width: 300px) 100vw, 300px\" \/><\/a><\/strong><\/p>\n<p><strong>Na zako\u0144czenie spotkania Dyrektor Andrzej Zuba podzi\u0119kowa\u0142 za pomoc w przygotowaniu strzelnicy sportowej do sezonu<\/strong> <strong>strzeleckiego.<\/strong><\/p>\n<p><a href=\"https:\/\/www.milosnicylasu.olsztyn.pl\/wp-content\/uploads\/2023\/04\/P4010054www.jpg\" data-rel=\"lightbox-image-2\" data-magnific_type=\"image\" data-rl_title=\"\" data-rl_caption=\"\" title=\"\"><img loading=\"lazy\" decoding=\"async\" class=\"size-medium wp-image-7966\" src=\"https:\/\/www.milosnicylasu.olsztyn.pl\/wp-content\/uploads\/2023\/04\/P4010054www-300x225.jpg\" alt=\"\" width=\"300\" height=\"225\" srcset=\"https:\/\/www.milosnicylasu.olsztyn.pl\/wp-content\/uploads\/2023\/04\/P4010054www-300x225.jpg 300w, https:\/\/www.milosnicylasu.olsztyn.pl\/wp-content\/uploads\/2023\/04\/P4010054www-768x576.jpg 768w, https:\/\/www.milosnicylasu.olsztyn.pl\/wp-content\/uploads\/2023\/04\/P4010054www.jpg 1024w\" sizes=\"auto, (max-width: 300px) 100vw, 300px\" \/><\/a><\/p>\n<p>&nbsp;<\/p>\n","protected":false},"excerpt":{"rendered":"<p>1 kwietnia 2023r. \/a nie jest to \u017cart\/ cz\u0142onkowie Ko\u0142a Mi\u0142o\u015bnik\u00f3w Lasu i Militari\u00f3w LOK przy ATW w Olsztynie solidnie pracowali. W ramach sobotniego rajdu spotkali si\u0119 przy CEiK -u w Olsztynie, nast\u0119pnie przeszli na strzelnic\u0119 LOK. Wraz z innymi cz\u0142onkami Ligi Obrony Kraju pod kierownictwem Dyrektora Warmi\u0144sko \u2013Mazurskiej Organizacji Wojew\u00f3dzkiej Pana Andrzeja \u00a0Zuby, porz\u0105dkowali [&hellip;]<\/p>\n","protected":false},"author":2,"featured_media":0,"comment_status":"open","ping_status":"open","sticky":false,"template":"","format":"standard","meta":{"footnotes":""},"categories":[1,9,17,2],"tags":[],"class_list":["post-7963","post","type-post","status-publish","format-standard","hentry","category-bez-kategorii","category-ciekawostki","category-edukacja-w-terenie","category-rajdy"],"_links":{"self":[{"href":"https:\/\/www.milosnicylasu.olsztyn.pl\/index.php?rest_route=\/wp\/v2\/posts\/7963","targetHints":{"allow":["GET"]}}],"collection":[{"href":"https:\/\/www.milosnicylasu.olsztyn.pl\/index.php?rest_route=\/wp\/v2\/posts"}],"about":[{"href":"https:\/\/www.milosnicylasu.olsztyn.pl\/index.php?rest_route=\/wp\/v2\/types\/post"}],"author":[{"embeddable":true,"href":"https:\/\/www.milosnicylasu.olsztyn.pl\/index.php?rest_route=\/wp\/v2\/users\/2"}],"replies":[{"embeddable":true,"href":"https:\/\/www.milosnicylasu.olsztyn.pl\/index.php?rest_route=%2Fwp%2Fv2%2Fcomments&post=7963"}],"version-history":[{"count":5,"href":"https:\/\/www.milosnicylasu.olsztyn.pl\/index.php?rest_route=\/wp\/v2\/posts\/7963\/revisions"}],"predecessor-version":[{"id":7971,"href":"https:\/\/www.milosnicylasu.olsztyn.pl\/index.php?rest_route=\/wp\/v2\/posts\/7963\/revisions\/7971"}],"wp:attachment":[{"href":"https:\/\/www.milosnicylasu.olsztyn.pl\/index.php?rest_route=%2Fwp%2Fv2%2Fmedia&parent=7963"}],"wp:term":[{"taxonomy":"category","embeddable":true,"href":"https:\/\/www.milosnicylasu.olsztyn.pl\/index.php?rest_route=%2Fwp%2Fv2%2Fcategories&post=7963"},{"taxonomy":"post_tag","embeddable":true,"href":"https:\/\/www.milosnicylasu.olsztyn.pl\/index.php?rest_route=%2Fwp%2Fv2%2Ftags&post=7963"}],"curies":[{"name":"wp","href":"https:\/\/api.w.org\/{rel}","templated":true}]}}