{"id":7972,"date":"2023-04-05T14:19:22","date_gmt":"2023-04-05T12:19:22","guid":{"rendered":"https:\/\/www.milosnicylasu.olsztyn.pl\/?p=7972"},"modified":"2023-04-05T14:19:57","modified_gmt":"2023-04-05T12:19:57","slug":"zyczenia-swiateczne-12","status":"publish","type":"post","link":"https:\/\/www.milosnicylasu.olsztyn.pl\/?p=7972","title":{"rendered":"\u017byczenia \u015bwi\u0105teczne"},"content":{"rendered":"<p><strong>Ciep\u0142ych, pe\u0142nych radosnej nadziei<\/strong><br \/>\n<strong>\u015awi\u0105t Zmartwychwstania Pa\u0144skiego,<\/strong><br \/>\n<strong>a tak\u017ce kolorowych spotka\u0144<\/strong><br \/>\n<strong>z budz\u0105c\u0105 si\u0119 do \u017cycia przyrod\u0105!<\/strong><\/p>\n<p><strong>\/nawet jak ta przyroda jest chud\u0105 choink\u0105, ale z wieloma\u00a0 &#8230;&#8230;&#8230;.<\/strong><\/p>\n<p><strong>\u00a0jajkami\/<\/strong><\/p>\n<p><a href=\"https:\/\/www.milosnicylasu.olsztyn.pl\/wp-content\/uploads\/2023\/04\/P4020056www.jpg\" data-rel=\"lightbox-image-0\" data-magnific_type=\"image\" data-rl_title=\"\" data-rl_caption=\"\" title=\"\"><img loading=\"lazy\" decoding=\"async\" class=\"size-medium wp-image-7973 alignleft\" src=\"https:\/\/www.milosnicylasu.olsztyn.pl\/wp-content\/uploads\/2023\/04\/P4020056www-300x225.jpg\" alt=\"\" width=\"300\" height=\"225\" srcset=\"https:\/\/www.milosnicylasu.olsztyn.pl\/wp-content\/uploads\/2023\/04\/P4020056www-300x225.jpg 300w, https:\/\/www.milosnicylasu.olsztyn.pl\/wp-content\/uploads\/2023\/04\/P4020056www-768x576.jpg 768w, https:\/\/www.milosnicylasu.olsztyn.pl\/wp-content\/uploads\/2023\/04\/P4020056www.jpg 1024w\" sizes=\"auto, (max-width: 300px) 100vw, 300px\" \/><\/a><\/p>\n<p><strong>Niech te \u015bwi\u0119ta b\u0119d\u0105 pe\u0142ne nadziei i wiary,<\/strong><br \/>\n<strong>radosnych spotka\u0144 przy wielkanocnym stole,<\/strong><br \/>\n<strong>oraz smacznego \u015bwi\u0119conego jajka.<\/strong><\/p>\n","protected":false},"excerpt":{"rendered":"<p>Ciep\u0142ych, pe\u0142nych radosnej nadziei \u015awi\u0105t Zmartwychwstania Pa\u0144skiego, a tak\u017ce kolorowych spotka\u0144 z budz\u0105c\u0105 si\u0119 do \u017cycia przyrod\u0105! \/nawet jak ta przyroda jest chud\u0105 choink\u0105, ale z wieloma\u00a0 &#8230;&#8230;&#8230;. \u00a0jajkami\/ Niech te \u015bwi\u0119ta b\u0119d\u0105 pe\u0142ne nadziei i wiary, radosnych spotka\u0144 przy wielkanocnym stole, oraz smacznego \u015bwi\u0119conego jajka.<\/p>\n","protected":false},"author":2,"featured_media":0,"comment_status":"open","ping_status":"open","sticky":false,"template":"","format":"standard","meta":{"footnotes":""},"categories":[1,17],"tags":[],"class_list":["post-7972","post","type-post","status-publish","format-standard","hentry","category-bez-kategorii","category-edukacja-w-terenie"],"_links":{"self":[{"href":"https:\/\/www.milosnicylasu.olsztyn.pl\/index.php?rest_route=\/wp\/v2\/posts\/7972","targetHints":{"allow":["GET"]}}],"collection":[{"href":"https:\/\/www.milosnicylasu.olsztyn.pl\/index.php?rest_route=\/wp\/v2\/posts"}],"about":[{"href":"https:\/\/www.milosnicylasu.olsztyn.pl\/index.php?rest_route=\/wp\/v2\/types\/post"}],"author":[{"embeddable":true,"href":"https:\/\/www.milosnicylasu.olsztyn.pl\/index.php?rest_route=\/wp\/v2\/users\/2"}],"replies":[{"embeddable":true,"href":"https:\/\/www.milosnicylasu.olsztyn.pl\/index.php?rest_route=%2Fwp%2Fv2%2Fcomments&post=7972"}],"version-history":[{"count":2,"href":"https:\/\/www.milosnicylasu.olsztyn.pl\/index.php?rest_route=\/wp\/v2\/posts\/7972\/revisions"}],"predecessor-version":[{"id":7975,"href":"https:\/\/www.milosnicylasu.olsztyn.pl\/index.php?rest_route=\/wp\/v2\/posts\/7972\/revisions\/7975"}],"wp:attachment":[{"href":"https:\/\/www.milosnicylasu.olsztyn.pl\/index.php?rest_route=%2Fwp%2Fv2%2Fmedia&parent=7972"}],"wp:term":[{"taxonomy":"category","embeddable":true,"href":"https:\/\/www.milosnicylasu.olsztyn.pl\/index.php?rest_route=%2Fwp%2Fv2%2Fcategories&post=7972"},{"taxonomy":"post_tag","embeddable":true,"href":"https:\/\/www.milosnicylasu.olsztyn.pl\/index.php?rest_route=%2Fwp%2Fv2%2Ftags&post=7972"}],"curies":[{"name":"wp","href":"https:\/\/api.w.org\/{rel}","templated":true}]}}