{"id":7983,"date":"2023-04-13T07:23:12","date_gmt":"2023-04-13T05:23:12","guid":{"rendered":"https:\/\/www.milosnicylasu.olsztyn.pl\/?p=7983"},"modified":"2023-04-13T07:24:58","modified_gmt":"2023-04-13T05:24:58","slug":"obce-i-nowe-gatunki-w-faunie-warmii-i-mazur","status":"publish","type":"post","link":"https:\/\/www.milosnicylasu.olsztyn.pl\/?p=7983","title":{"rendered":"Obce i nowe gatunki w faunie Warmii i Mazur"},"content":{"rendered":"<p><a href=\"https:\/\/www.milosnicylasu.olsztyn.pl\/wp-content\/uploads\/2023\/04\/DSCN6279-www.jpg\" data-rel=\"lightbox-image-0\" data-magnific_type=\"image\" data-rl_title=\"\" data-rl_caption=\"\" title=\"\"><img loading=\"lazy\" decoding=\"async\" class=\"size-medium wp-image-7984 alignleft\" src=\"https:\/\/www.milosnicylasu.olsztyn.pl\/wp-content\/uploads\/2023\/04\/DSCN6279-www-300x225.jpg\" alt=\"\" width=\"300\" height=\"225\" srcset=\"https:\/\/www.milosnicylasu.olsztyn.pl\/wp-content\/uploads\/2023\/04\/DSCN6279-www-300x225.jpg 300w, https:\/\/www.milosnicylasu.olsztyn.pl\/wp-content\/uploads\/2023\/04\/DSCN6279-www-768x576.jpg 768w, https:\/\/www.milosnicylasu.olsztyn.pl\/wp-content\/uploads\/2023\/04\/DSCN6279-www.jpg 1024w\" sizes=\"auto, (max-width: 300px) 100vw, 300px\" \/><\/a><strong>Na czwartkowym spotkaniu 6 kwietnia 2023 roku w RDLP w Olsztynie go\u015bcili\u015bmy Pana Mariana Szymkiewicza -szefa Muzeum Przyrody w Olsztynie. Wyk\u0142ad by\u0142 jak zwykle wspania\u0142y, poparty wieloma zdj\u0119ciami. Dowiedzieli\u015bmy si\u0119 jak zmienia si\u0119 przyroda na naszych oczach. Zmiany o kt\u00f3rych m\u00f3wi\u0142 Pan Marian mo\u017cemy obserwowa\u0107 na co dzie\u0144, w\u0119druj\u0105c po naszych lasach, czy podczas wycieczek krajoznawczych, ale to s\u0105 pojedyncze przypadki.Po wyk\u0142adzie, wiemy jak du\u017ca jest skala tych zmian<\/strong><\/p>\n<p><strong>Obce i nowe gatunki w faunie Warmii i Mazur\u201d.\u00a0 Tzw. gatunki obce, czyli te, kt\u00f3rym w rozprzestrzenieniu w spos\u00f3b bezpo\u015bredni lub po\u015bredni pom\u00f3g\u0142 cz\u0142owiek, jak np.: szczur w\u0119drowny, jele\u0144 sika, daniel, muflon, jenot, szop pracz, ba\u017cant szlachetny. Drug\u0105 grup\u0119 stanowi\u0105 gatunki nowe, kt\u00f3re na teren Warmii i Mazur trafi\u0142y w wyniku naturalnej ekspansji jak np.: synogarlica turecka, he\u0142miatka, dro\u017adzik, rybitwa bia\u0142oskrzyd\u0142a, rybitwa bia\u0142ow\u0105sa, mewa srebrzysta, \u0142ab\u0119d\u017a krzykliwy, czapla bia\u0142a, \u017co\u0142na. Na pami\u0105tk\u0119 naszego spotkania Pan Marian otrzyma\u0142 akwarelk\u0119 namalowan\u0105 przez Krystyn\u0119 Leszczy\u0144sk\u0105.<\/strong><\/p>\n<p><strong><a href=\"https:\/\/www.milosnicylasu.olsztyn.pl\/wp-content\/uploads\/2023\/04\/DSCN6278-www.jpg\" data-rel=\"lightbox-image-1\" data-magnific_type=\"image\" data-rl_title=\"\" data-rl_caption=\"\" title=\"\"><img loading=\"lazy\" decoding=\"async\" class=\"size-medium wp-image-7986 alignright\" src=\"https:\/\/www.milosnicylasu.olsztyn.pl\/wp-content\/uploads\/2023\/04\/DSCN6278-www-300x225.jpg\" alt=\"\" width=\"300\" height=\"225\" srcset=\"https:\/\/www.milosnicylasu.olsztyn.pl\/wp-content\/uploads\/2023\/04\/DSCN6278-www-300x225.jpg 300w, https:\/\/www.milosnicylasu.olsztyn.pl\/wp-content\/uploads\/2023\/04\/DSCN6278-www-768x576.jpg 768w, https:\/\/www.milosnicylasu.olsztyn.pl\/wp-content\/uploads\/2023\/04\/DSCN6278-www.jpg 1024w\" sizes=\"auto, (max-width: 300px) 100vw, 300px\" \/><\/a>Bardzo mi\u0142ym akcentem, przed \u015awi\u0119tami Wielkanocnymi, by\u0142a wystawa zorganizowana przez kole\u017canki z Ko\u0142a R\u0119kodzie\u0142a Jasi\u0119 Kluczek, Bo\u017cenk\u0119 B\u0142aszczuk i Wiesi\u0119 Filipek. Dzi\u0119kujemy i gratulujemy umiej\u0119tno\u015bci.<\/strong><\/p>\n<p><strong>Panu Marianowi dzi\u0119kujemy za wyk\u0142ad\u00a0 i troch\u0119 liczymy na wi\u0119cej&#8230;&#8230;&#8230;&#8230;&#8230;..<\/strong><\/p>\n<p>&nbsp;<\/p>\n","protected":false},"excerpt":{"rendered":"<p>Na czwartkowym spotkaniu 6 kwietnia 2023 roku w RDLP w Olsztynie go\u015bcili\u015bmy Pana Mariana Szymkiewicza -szefa Muzeum Przyrody w Olsztynie. Wyk\u0142ad by\u0142 jak zwykle wspania\u0142y, poparty wieloma zdj\u0119ciami. Dowiedzieli\u015bmy si\u0119 jak zmienia si\u0119 przyroda na naszych oczach. Zmiany o kt\u00f3rych m\u00f3wi\u0142 Pan Marian mo\u017cemy obserwowa\u0107 na co dzie\u0144, w\u0119druj\u0105c po naszych lasach, czy podczas wycieczek [&hellip;]<\/p>\n","protected":false},"author":2,"featured_media":0,"comment_status":"open","ping_status":"open","sticky":false,"template":"","format":"standard","meta":{"footnotes":""},"categories":[1,9,11,4,3],"tags":[],"class_list":["post-7983","post","type-post","status-publish","format-standard","hentry","category-bez-kategorii","category-ciekawostki","category-spotkania-artystyczne","category-wystawy","category-zebrania"],"_links":{"self":[{"href":"https:\/\/www.milosnicylasu.olsztyn.pl\/index.php?rest_route=\/wp\/v2\/posts\/7983","targetHints":{"allow":["GET"]}}],"collection":[{"href":"https:\/\/www.milosnicylasu.olsztyn.pl\/index.php?rest_route=\/wp\/v2\/posts"}],"about":[{"href":"https:\/\/www.milosnicylasu.olsztyn.pl\/index.php?rest_route=\/wp\/v2\/types\/post"}],"author":[{"embeddable":true,"href":"https:\/\/www.milosnicylasu.olsztyn.pl\/index.php?rest_route=\/wp\/v2\/users\/2"}],"replies":[{"embeddable":true,"href":"https:\/\/www.milosnicylasu.olsztyn.pl\/index.php?rest_route=%2Fwp%2Fv2%2Fcomments&post=7983"}],"version-history":[{"count":2,"href":"https:\/\/www.milosnicylasu.olsztyn.pl\/index.php?rest_route=\/wp\/v2\/posts\/7983\/revisions"}],"predecessor-version":[{"id":7988,"href":"https:\/\/www.milosnicylasu.olsztyn.pl\/index.php?rest_route=\/wp\/v2\/posts\/7983\/revisions\/7988"}],"wp:attachment":[{"href":"https:\/\/www.milosnicylasu.olsztyn.pl\/index.php?rest_route=%2Fwp%2Fv2%2Fmedia&parent=7983"}],"wp:term":[{"taxonomy":"category","embeddable":true,"href":"https:\/\/www.milosnicylasu.olsztyn.pl\/index.php?rest_route=%2Fwp%2Fv2%2Fcategories&post=7983"},{"taxonomy":"post_tag","embeddable":true,"href":"https:\/\/www.milosnicylasu.olsztyn.pl\/index.php?rest_route=%2Fwp%2Fv2%2Ftags&post=7983"}],"curies":[{"name":"wp","href":"https:\/\/api.w.org\/{rel}","templated":true}]}}