{"id":7989,"date":"2023-04-13T11:40:45","date_gmt":"2023-04-13T09:40:45","guid":{"rendered":"https:\/\/www.milosnicylasu.olsztyn.pl\/?p=7989"},"modified":"2023-04-13T11:40:45","modified_gmt":"2023-04-13T09:40:45","slug":"zamierzenia-w-kwietniu-2023r","status":"publish","type":"post","link":"https:\/\/www.milosnicylasu.olsztyn.pl\/?p=7989","title":{"rendered":"Zamierzenia w kwietniu 2023r."},"content":{"rendered":"<p><strong><a href=\"https:\/\/www.milosnicylasu.olsztyn.pl\/wp-content\/uploads\/2022\/06\/DSCN9248-www.jpg\" data-rel=\"lightbox-image-0\" data-magnific_type=\"image\" data-rl_title=\"\" data-rl_caption=\"\" title=\"\"><img loading=\"lazy\" decoding=\"async\" class=\"size-medium wp-image-7202 alignleft\" src=\"https:\/\/www.milosnicylasu.olsztyn.pl\/wp-content\/uploads\/2022\/06\/DSCN9248-www-300x225.jpg\" alt=\"\" width=\"300\" height=\"225\" srcset=\"https:\/\/www.milosnicylasu.olsztyn.pl\/wp-content\/uploads\/2022\/06\/DSCN9248-www-300x225.jpg 300w, https:\/\/www.milosnicylasu.olsztyn.pl\/wp-content\/uploads\/2022\/06\/DSCN9248-www-768x576.jpg 768w, https:\/\/www.milosnicylasu.olsztyn.pl\/wp-content\/uploads\/2022\/06\/DSCN9248-www.jpg 1024w\" sizes=\"auto, (max-width: 300px) 100vw, 300px\" \/><\/a>Sobotnie rajdy \u2013 w dniach\u00a0 15,22,29 kwietnia<br \/>\n<\/strong><\/p>\n<p><strong>W dniu 15 kwietnia o godz. 9.40 spotykamy si\u0119 na przystanku MPK przy Placu Wakara \u2013 Reja,<\/strong> wsiadamy do autobusu linii 105, kt\u00f3rym pojedziemy do Klewek. Realizacja spotkania zwi\u0105zanego z podgl\u0105daniem ptak\u00f3w. Do plecaka zabieramy lornetki, lunety, odpowiedni wygodny str\u00f3j i obuwie. Planowany powr\u00f3t o godzinie 13.55 W Olsztynie b\u0119dziemy o godz. 14.14<a href=\"https:\/\/www.milosnicylasu.olsztyn.pl\/wp-content\/uploads\/2022\/06\/DSCN9326-www.jpg\" data-rel=\"lightbox-image-1\" data-magnific_type=\"image\" data-rl_title=\"\" data-rl_caption=\"\" title=\"\"><img loading=\"lazy\" decoding=\"async\" class=\"size-medium wp-image-7170 alignright\" src=\"https:\/\/www.milosnicylasu.olsztyn.pl\/wp-content\/uploads\/2022\/06\/DSCN9326-www-300x225.jpg\" alt=\"\" width=\"300\" height=\"225\" srcset=\"https:\/\/www.milosnicylasu.olsztyn.pl\/wp-content\/uploads\/2022\/06\/DSCN9326-www-300x225.jpg 300w, https:\/\/www.milosnicylasu.olsztyn.pl\/wp-content\/uploads\/2022\/06\/DSCN9326-www-768x576.jpg 768w, https:\/\/www.milosnicylasu.olsztyn.pl\/wp-content\/uploads\/2022\/06\/DSCN9326-www.jpg 1024w\" sizes=\"auto, (max-width: 300px) 100vw, 300px\" \/><\/a><\/p>\n<p><strong>W kolejn\u0105 sobot\u0119 22 kwietnia o godz. 10.00<\/strong> <strong>spotykamy si\u0119 przy Jeziorze D\u0142ugim obok ul. Le\u015bnej<\/strong>. Spacerkiem wok\u00f3\u0142 J. D\u0142ugiego nast\u0119pnie lew\u0105 stron\u0105 rzeki \u0141yny dochodzimy do CEJK-u.<\/p>\n<p><strong>Sobota 29 kwietnia godz. 10.00 spotykamy si\u0119 przy CEJK-u<\/strong>. Spacer po najwi\u0119kszym europejskim Parku Le\u015bnym, szlakiem wzd\u0142u\u017c rzeki \u0141yny do agrafki z Wad\u0105giem, powr\u00f3t do CEJK-u.<\/p>\n<p><strong>Zapraszamy cz\u0142onk\u00f3w i sympatyk\u00f3w Ko\u0142a<\/strong> na przepyszne ciasta, kaw\u0119, herbat\u0119. <strong>Spotkanie w czwartek dnia 20 kwietnia o godz. 11.00 w Park Caf\u00e9, Park Jakubowo ul. Radiowa 28 A\/1. <\/strong>Uczestnicy p\u0142ac\u0105 za zam\u00f3wione artyku\u0142y konsumpcyjne.<\/p>\n<p>Do spotkania na szlaku.<\/p>\n<p>Anatol Leszczy\u0144ski<\/p>\n","protected":false},"excerpt":{"rendered":"<p>Sobotnie rajdy \u2013 w dniach\u00a0 15,22,29 kwietnia W dniu 15 kwietnia o godz. 9.40 spotykamy si\u0119 na przystanku MPK przy Placu Wakara \u2013 Reja, wsiadamy do autobusu linii 105, kt\u00f3rym pojedziemy do Klewek. Realizacja spotkania zwi\u0105zanego z podgl\u0105daniem ptak\u00f3w. Do plecaka zabieramy lornetki, lunety, odpowiedni wygodny str\u00f3j i obuwie. Planowany powr\u00f3t o godzinie 13.55 W [&hellip;]<\/p>\n","protected":false},"author":2,"featured_media":0,"comment_status":"open","ping_status":"open","sticky":false,"template":"","format":"standard","meta":{"footnotes":""},"categories":[17,2],"tags":[],"class_list":["post-7989","post","type-post","status-publish","format-standard","hentry","category-edukacja-w-terenie","category-rajdy"],"_links":{"self":[{"href":"https:\/\/www.milosnicylasu.olsztyn.pl\/index.php?rest_route=\/wp\/v2\/posts\/7989","targetHints":{"allow":["GET"]}}],"collection":[{"href":"https:\/\/www.milosnicylasu.olsztyn.pl\/index.php?rest_route=\/wp\/v2\/posts"}],"about":[{"href":"https:\/\/www.milosnicylasu.olsztyn.pl\/index.php?rest_route=\/wp\/v2\/types\/post"}],"author":[{"embeddable":true,"href":"https:\/\/www.milosnicylasu.olsztyn.pl\/index.php?rest_route=\/wp\/v2\/users\/2"}],"replies":[{"embeddable":true,"href":"https:\/\/www.milosnicylasu.olsztyn.pl\/index.php?rest_route=%2Fwp%2Fv2%2Fcomments&post=7989"}],"version-history":[{"count":1,"href":"https:\/\/www.milosnicylasu.olsztyn.pl\/index.php?rest_route=\/wp\/v2\/posts\/7989\/revisions"}],"predecessor-version":[{"id":7990,"href":"https:\/\/www.milosnicylasu.olsztyn.pl\/index.php?rest_route=\/wp\/v2\/posts\/7989\/revisions\/7990"}],"wp:attachment":[{"href":"https:\/\/www.milosnicylasu.olsztyn.pl\/index.php?rest_route=%2Fwp%2Fv2%2Fmedia&parent=7989"}],"wp:term":[{"taxonomy":"category","embeddable":true,"href":"https:\/\/www.milosnicylasu.olsztyn.pl\/index.php?rest_route=%2Fwp%2Fv2%2Fcategories&post=7989"},{"taxonomy":"post_tag","embeddable":true,"href":"https:\/\/www.milosnicylasu.olsztyn.pl\/index.php?rest_route=%2Fwp%2Fv2%2Ftags&post=7989"}],"curies":[{"name":"wp","href":"https:\/\/api.w.org\/{rel}","templated":true}]}}