{"id":8014,"date":"2023-04-25T11:12:38","date_gmt":"2023-04-25T09:12:38","guid":{"rendered":"https:\/\/www.milosnicylasu.olsztyn.pl\/?p=8014"},"modified":"2023-04-25T11:13:10","modified_gmt":"2023-04-25T09:13:10","slug":"rajd-wzdluz-jeziora-dlugiego-rzeki-lyny-do-cejk-u","status":"publish","type":"post","link":"https:\/\/www.milosnicylasu.olsztyn.pl\/?p=8014","title":{"rendered":"Rajd wzd\u0142u\u017c jeziora D\u0142ugiego, rzeki \u0141yny &#8230; do CEJK-u"},"content":{"rendered":"<p><strong><a href=\"https:\/\/www.milosnicylasu.olsztyn.pl\/wp-content\/uploads\/2023\/04\/P4220037-www.webp\" data-rel=\"lightbox-image-0\" data-magnific_type=\"image\" data-rl_title=\"\" data-rl_caption=\"\" title=\"\"><img loading=\"lazy\" decoding=\"async\" class=\"size-medium wp-image-8016 alignleft\" src=\"https:\/\/www.milosnicylasu.olsztyn.pl\/wp-content\/uploads\/2023\/04\/P4220037-www-300x225.webp\" alt=\"\" width=\"300\" height=\"225\" srcset=\"https:\/\/www.milosnicylasu.olsztyn.pl\/wp-content\/uploads\/2023\/04\/P4220037-www-300x225.webp 300w, https:\/\/www.milosnicylasu.olsztyn.pl\/wp-content\/uploads\/2023\/04\/P4220037-www-768x576.webp 768w, https:\/\/www.milosnicylasu.olsztyn.pl\/wp-content\/uploads\/2023\/04\/P4220037-www.webp 1024w\" sizes=\"auto, (max-width: 300px) 100vw, 300px\" \/><\/a>\u00a0 Czekali\u015bmy d\u0142ugo na WIOSN\u0118\u00a0 i nareszcie do nas przysz\u0142a. Mo\u017ce si\u0119 sp\u00f3\u017ani\u0142a, ale nadrabia szybko zaleg\u0142o\u015bci. \u017beby to dostrzec trzeba uczestniczy\u0107 w kolejnych sobotnich rajdach.\u00a0<\/strong><\/p>\n<p><strong> W sobot\u0119 22 kwietnia 2023r. Cz\u0142onkowie Ko\u0142a Mi\u0142o\u015bnik\u00f3w Lasu i Militari\u00f3w LOK przy ATW w Olsztynie, jak w ka\u017cd\u0105 sobot\u0119 tradycyjnie o godzinie 10,00 spotkali si\u0119 na rajdzie. Tym razem spotkanie odby\u0142o si\u0119 obok Ronda Ofiar Katastrofy Smole\u0144skiej, a jeziorem D\u0142ugim.<\/strong><\/p>\n<p><a href=\"https:\/\/www.milosnicylasu.olsztyn.pl\/wp-content\/uploads\/2023\/04\/P4220041-www.jpg\" data-rel=\"lightbox-image-1\" data-magnific_type=\"image\" data-rl_title=\"\" data-rl_caption=\"\" title=\"\"><img loading=\"lazy\" decoding=\"async\" class=\"size-medium wp-image-8017 alignright\" src=\"https:\/\/www.milosnicylasu.olsztyn.pl\/wp-content\/uploads\/2023\/04\/P4220041-www-300x225.jpg\" alt=\"\" width=\"300\" height=\"225\" srcset=\"https:\/\/www.milosnicylasu.olsztyn.pl\/wp-content\/uploads\/2023\/04\/P4220041-www-300x225.jpg 300w, https:\/\/www.milosnicylasu.olsztyn.pl\/wp-content\/uploads\/2023\/04\/P4220041-www-768x576.jpg 768w, https:\/\/www.milosnicylasu.olsztyn.pl\/wp-content\/uploads\/2023\/04\/P4220041-www.jpg 1024w\" sizes=\"auto, (max-width: 300px) 100vw, 300px\" \/><\/a><\/p>\n<p><strong>Nast\u0119pnie deptakiem nad jeziorem D\u0142ugim przeszli\u015bmy do parkingu le\u015bnego przy ulicy Le\u015bnej.<\/strong><\/p>\n<p><a href=\"https:\/\/www.milosnicylasu.olsztyn.pl\/wp-content\/uploads\/2023\/04\/P4220047-www.jpg\" data-rel=\"lightbox-image-2\" data-magnific_type=\"image\" data-rl_title=\"\" data-rl_caption=\"\" title=\"\"><img loading=\"lazy\" decoding=\"async\" class=\"size-medium wp-image-8019\" src=\"https:\/\/www.milosnicylasu.olsztyn.pl\/wp-content\/uploads\/2023\/04\/P4220047-www-300x225.jpg\" alt=\"\" width=\"300\" height=\"225\" srcset=\"https:\/\/www.milosnicylasu.olsztyn.pl\/wp-content\/uploads\/2023\/04\/P4220047-www-300x225.jpg 300w, https:\/\/www.milosnicylasu.olsztyn.pl\/wp-content\/uploads\/2023\/04\/P4220047-www-768x576.jpg 768w, https:\/\/www.milosnicylasu.olsztyn.pl\/wp-content\/uploads\/2023\/04\/P4220047-www.jpg 1024w\" sizes=\"auto, (max-width: 300px) 100vw, 300px\" \/><\/a><\/p>\n<p>&nbsp;<\/p>\n<p><strong>Id\u0105c wzd\u0142u\u017c jeziora podziwiali\u015bmy ptactwo wodne: kaczki, \u0142ab\u0119dzie i mewy, kt\u00f3re zrobi\u0142y swoje gniazda na palach pozosta\u0142ych po by\u0142ym molo. <\/strong><\/p>\n<p><a href=\"https:\/\/www.milosnicylasu.olsztyn.pl\/wp-content\/uploads\/2023\/04\/P4220034-www.jpg\" data-rel=\"lightbox-image-3\" data-magnific_type=\"image\" data-rl_title=\"\" data-rl_caption=\"\" title=\"\"><img loading=\"lazy\" decoding=\"async\" class=\"size-medium wp-image-8018\" src=\"https:\/\/www.milosnicylasu.olsztyn.pl\/wp-content\/uploads\/2023\/04\/P4220034-www-300x225.jpg\" alt=\"\" width=\"300\" height=\"225\" srcset=\"https:\/\/www.milosnicylasu.olsztyn.pl\/wp-content\/uploads\/2023\/04\/P4220034-www-300x225.jpg 300w, https:\/\/www.milosnicylasu.olsztyn.pl\/wp-content\/uploads\/2023\/04\/P4220034-www-768x576.jpg 768w, https:\/\/www.milosnicylasu.olsztyn.pl\/wp-content\/uploads\/2023\/04\/P4220034-www.jpg 1024w\" sizes=\"auto, (max-width: 300px) 100vw, 300px\" \/><\/a><\/p>\n<p><strong>Jezioro D\u0142ugie ma powierzchni\u0119 27 ha. D\u0142ugo\u015bci 1,670m. \u015brednia g\u0142\u0119boko\u015b\u0107 1,67m. maksymalna 17,3m. Obok jeziora znajduje si\u0119 Rezerwat przyrody Mszar.\u00a0 Dalszy spacer ulic\u0105 Le\u015bn\u0105 do trasy prowadz\u0105cej nad zakole rzeki \u0141yny. Na wzg\u00f3rzu z widokiem na rzek\u0119 \u0141yn\u0119 by\u0142 ma\u0142y odpoczynek, podczas kt\u00f3rego odby\u0142 si\u0119 konkurs historyczny z wiedzy pobliskiej miejscowo\u015bci Klewki, kt\u00f3r\u0105 w minion\u0105 sobot\u0119 zwiedzali\u015bmy. <\/strong><\/p>\n<p><strong>Mi\u0119dzy innymi pytania dotyczy\u0142y:\u00a0 daty za\u0142o\u017cenia wsi, nazwy rzeczki przep\u0142ywaj\u0105cej ko\u0142o miejscowo\u015bci, jakie znajduj\u0105 si\u0119 jeziora, data wybudowania pa\u0142acu, kto jest patronem ko\u015bcio\u0142a i rok budowy, zabytki i wiele innych zagadnie\u0144,<\/strong><\/p>\n<p><strong>Najwi\u0119ksz\u0105 wiedz\u0105 z historii okazali si\u0119: I miejsce Daniela Tyl, II miejsce Micha\u0142 K\u0142\u0119bukowski, III miejsce egzekwo: Maria Igli\u0144ska, Renata Janicka, Henio B\u0142aszczak.<\/strong><\/p>\n<p><a href=\"https:\/\/www.milosnicylasu.olsztyn.pl\/wp-content\/uploads\/2023\/04\/P4220059-www.jpg\" data-rel=\"lightbox-image-4\" data-magnific_type=\"image\" data-rl_title=\"\" data-rl_caption=\"\" title=\"\"><img loading=\"lazy\" decoding=\"async\" class=\"size-medium wp-image-8020\" src=\"https:\/\/www.milosnicylasu.olsztyn.pl\/wp-content\/uploads\/2023\/04\/P4220059-www-300x225.jpg\" alt=\"\" width=\"300\" height=\"225\" srcset=\"https:\/\/www.milosnicylasu.olsztyn.pl\/wp-content\/uploads\/2023\/04\/P4220059-www-300x225.jpg 300w, https:\/\/www.milosnicylasu.olsztyn.pl\/wp-content\/uploads\/2023\/04\/P4220059-www-768x576.jpg 768w, https:\/\/www.milosnicylasu.olsztyn.pl\/wp-content\/uploads\/2023\/04\/P4220059-www.jpg 1024w\" sizes=\"auto, (max-width: 300px) 100vw, 300px\" \/><\/a><\/p>\n<p><strong>Po odpoczynku poszli\u015bmy dalej \u015bcie\u017ck\u0105 wzd\u0142u\u017c rzeki \u0141yny, obok punktu odpoczynku ko\u0142o Mostu Sm\u0119tka, nast\u0119pnie g\u00f3rskim szlakiem doszli\u015bmy do parku linowego \u201e Hardcore\u201d i obok CEJKu zako\u0144czyli\u015bmy sobotni rajd licz\u0105cy 7950 metr\u00f3w.<\/strong><\/p>\n<p><strong>Wr\u0119czenie upomink\u00f3w zwyci\u0119zcom konkursu podczas majowego zebrania. Do spotkania w kolejn\u0105 sobot\u0119 na szlaku, miejmy nadziej\u0119 na pi\u0119kn\u0105 pogod\u0119. &#8230;&#8230;&#8230;.A tak na marginesie, te butelki na zdj\u0119ciu to nie nasze, ale posprz\u0105tali\u015bmy&#8230;&#8230;&#8230;..<\/strong><strong><br \/>\n<\/strong><\/p>\n<p><a href=\"https:\/\/www.milosnicylasu.olsztyn.pl\/wp-content\/uploads\/2023\/04\/P4220058-www.jpg\" data-rel=\"lightbox-image-5\" data-magnific_type=\"image\" data-rl_title=\"\" data-rl_caption=\"\" title=\"\"><img loading=\"lazy\" decoding=\"async\" class=\"size-medium wp-image-8021\" src=\"https:\/\/www.milosnicylasu.olsztyn.pl\/wp-content\/uploads\/2023\/04\/P4220058-www-300x225.jpg\" alt=\"\" width=\"300\" height=\"225\" srcset=\"https:\/\/www.milosnicylasu.olsztyn.pl\/wp-content\/uploads\/2023\/04\/P4220058-www-300x225.jpg 300w, https:\/\/www.milosnicylasu.olsztyn.pl\/wp-content\/uploads\/2023\/04\/P4220058-www-768x576.jpg 768w, https:\/\/www.milosnicylasu.olsztyn.pl\/wp-content\/uploads\/2023\/04\/P4220058-www.jpg 1024w\" sizes=\"auto, (max-width: 300px) 100vw, 300px\" \/><\/a><\/p>\n","protected":false},"excerpt":{"rendered":"<p>\u00a0 Czekali\u015bmy d\u0142ugo na WIOSN\u0118\u00a0 i nareszcie do nas przysz\u0142a. Mo\u017ce si\u0119 sp\u00f3\u017ani\u0142a, ale nadrabia szybko zaleg\u0142o\u015bci. \u017beby to dostrzec trzeba uczestniczy\u0107 w kolejnych sobotnich rajdach.\u00a0 W sobot\u0119 22 kwietnia 2023r. Cz\u0142onkowie Ko\u0142a Mi\u0142o\u015bnik\u00f3w Lasu i Militari\u00f3w LOK przy ATW w Olsztynie, jak w ka\u017cd\u0105 sobot\u0119 tradycyjnie o godzinie 10,00 spotkali si\u0119 na rajdzie. Tym [&hellip;]<\/p>\n","protected":false},"author":2,"featured_media":0,"comment_status":"open","ping_status":"open","sticky":false,"template":"","format":"standard","meta":{"footnotes":""},"categories":[1,9,17],"tags":[],"class_list":["post-8014","post","type-post","status-publish","format-standard","hentry","category-bez-kategorii","category-ciekawostki","category-edukacja-w-terenie"],"_links":{"self":[{"href":"https:\/\/www.milosnicylasu.olsztyn.pl\/index.php?rest_route=\/wp\/v2\/posts\/8014","targetHints":{"allow":["GET"]}}],"collection":[{"href":"https:\/\/www.milosnicylasu.olsztyn.pl\/index.php?rest_route=\/wp\/v2\/posts"}],"about":[{"href":"https:\/\/www.milosnicylasu.olsztyn.pl\/index.php?rest_route=\/wp\/v2\/types\/post"}],"author":[{"embeddable":true,"href":"https:\/\/www.milosnicylasu.olsztyn.pl\/index.php?rest_route=\/wp\/v2\/users\/2"}],"replies":[{"embeddable":true,"href":"https:\/\/www.milosnicylasu.olsztyn.pl\/index.php?rest_route=%2Fwp%2Fv2%2Fcomments&post=8014"}],"version-history":[{"count":3,"href":"https:\/\/www.milosnicylasu.olsztyn.pl\/index.php?rest_route=\/wp\/v2\/posts\/8014\/revisions"}],"predecessor-version":[{"id":8023,"href":"https:\/\/www.milosnicylasu.olsztyn.pl\/index.php?rest_route=\/wp\/v2\/posts\/8014\/revisions\/8023"}],"wp:attachment":[{"href":"https:\/\/www.milosnicylasu.olsztyn.pl\/index.php?rest_route=%2Fwp%2Fv2%2Fmedia&parent=8014"}],"wp:term":[{"taxonomy":"category","embeddable":true,"href":"https:\/\/www.milosnicylasu.olsztyn.pl\/index.php?rest_route=%2Fwp%2Fv2%2Fcategories&post=8014"},{"taxonomy":"post_tag","embeddable":true,"href":"https:\/\/www.milosnicylasu.olsztyn.pl\/index.php?rest_route=%2Fwp%2Fv2%2Ftags&post=8014"}],"curies":[{"name":"wp","href":"https:\/\/api.w.org\/{rel}","templated":true}]}}