{"id":8031,"date":"2023-05-10T05:52:53","date_gmt":"2023-05-10T03:52:53","guid":{"rendered":"https:\/\/www.milosnicylasu.olsztyn.pl\/?p=8031"},"modified":"2023-05-22T07:19:23","modified_gmt":"2023-05-22T05:19:23","slug":"piekna-nasza-warmia","status":"publish","type":"post","link":"https:\/\/www.milosnicylasu.olsztyn.pl\/?p=8031","title":{"rendered":"Pi\u0119kna nasza Warmia"},"content":{"rendered":"<p>&nbsp;<\/p>\n<p><a href=\"https:\/\/www.milosnicylasu.olsztyn.pl\/wp-content\/uploads\/2023\/05\/P4290096-www.jpg\" data-rel=\"lightbox-image-0\" data-magnific_type=\"image\" data-rl_title=\"\" data-rl_caption=\"\" title=\"\"><img loading=\"lazy\" decoding=\"async\" class=\"size-medium wp-image-8032 alignleft\" src=\"https:\/\/www.milosnicylasu.olsztyn.pl\/wp-content\/uploads\/2023\/05\/P4290096-www-300x225.jpg\" alt=\"\" width=\"300\" height=\"225\" srcset=\"https:\/\/www.milosnicylasu.olsztyn.pl\/wp-content\/uploads\/2023\/05\/P4290096-www-300x225.jpg 300w, https:\/\/www.milosnicylasu.olsztyn.pl\/wp-content\/uploads\/2023\/05\/P4290096-www-768x576.jpg 768w, https:\/\/www.milosnicylasu.olsztyn.pl\/wp-content\/uploads\/2023\/05\/P4290096-www.jpg 1024w\" sizes=\"auto, (max-width: 300px) 100vw, 300px\" \/><\/a><\/p>\n<p><strong>Sobotni rajd 29 kwietnia 2023r. do \u201eagrafki\u201d na wzniesienia obok wsi Sandyty.<\/strong><\/p>\n<p><strong>Jak w ka\u017cd\u0105 sobot\u0119 cz\u0142onkowie Ko\u0142a Mi\u0142o\u015bnik\u00f3w Lasu i Militari\u00f3w LOK przy ATW w Olsztynie\u00a0 spotkali si\u0119\u00a0 o godz. 10,00 na p\u0119tli MPK obok Centrum Edukacji i Inicjatyw Kulturalnych. Nast\u0119pnie udali\u015bmy si\u0119 spacerkiem ulic\u0105 Parkow\u0105 mijaj\u0105c Stadion Le\u015bny, Park Linowy Hardcore, dalej tras\u0105 le\u015bn\u0105 doszli\u015bmy do G\u00f3rki Sm\u0119tka i praw\u0105 stron\u0105 rzeki \u0141yny podziwiaj\u0105c pi\u0119kno parku le\u015bnego szli\u015bmy wysokim brzegiem wij\u0105cej si\u0119 szerokiej leniwie p\u0142yn\u0105cej rzeki. Po drodze mogli\u015bmy zobaczy\u0107 wiele powalonych drzew przez bobry, le\u017c\u0105ce nad brzegiem czasem w wodzie.<\/strong><\/p>\n<p><strong><a href=\"https:\/\/www.milosnicylasu.olsztyn.pl\/wp-content\/uploads\/2023\/05\/P4290099-www.jpg\" data-rel=\"lightbox-image-1\" data-magnific_type=\"image\" data-rl_title=\"\" data-rl_caption=\"\" title=\"\"><img loading=\"lazy\" decoding=\"async\" class=\"size-medium wp-image-8033 alignright\" src=\"https:\/\/www.milosnicylasu.olsztyn.pl\/wp-content\/uploads\/2023\/05\/P4290099-www-300x225.jpg\" alt=\"\" width=\"300\" height=\"225\" srcset=\"https:\/\/www.milosnicylasu.olsztyn.pl\/wp-content\/uploads\/2023\/05\/P4290099-www-300x225.jpg 300w, https:\/\/www.milosnicylasu.olsztyn.pl\/wp-content\/uploads\/2023\/05\/P4290099-www-768x576.jpg 768w, https:\/\/www.milosnicylasu.olsztyn.pl\/wp-content\/uploads\/2023\/05\/P4290099-www.jpg 1024w\" sizes=\"auto, (max-width: 300px) 100vw, 300px\" \/><\/a><\/strong><\/p>\n<p><strong>Trasa wi\u0142a si\u0119 wzd\u0142u\u017c \u0141yny, widzieli\u015bmy poluj\u0105c\u0105 czapl\u0119 siw\u0105, kt\u00f3ra pozowa\u0142a do zdj\u0119\u0107.<\/strong><\/p>\n<p>&nbsp;<\/p>\n<p><strong><a href=\"https:\/\/www.milosnicylasu.olsztyn.pl\/wp-content\/uploads\/2023\/05\/P4290108-www.jpg\" data-rel=\"lightbox-image-2\" data-magnific_type=\"image\" data-rl_title=\"\" data-rl_caption=\"\" title=\"\"><img loading=\"lazy\" decoding=\"async\" class=\"size-medium wp-image-8034 aligncenter\" src=\"https:\/\/www.milosnicylasu.olsztyn.pl\/wp-content\/uploads\/2023\/05\/P4290108-www-300x225.jpg\" alt=\"\" width=\"300\" height=\"225\" srcset=\"https:\/\/www.milosnicylasu.olsztyn.pl\/wp-content\/uploads\/2023\/05\/P4290108-www-300x225.jpg 300w, https:\/\/www.milosnicylasu.olsztyn.pl\/wp-content\/uploads\/2023\/05\/P4290108-www-768x576.jpg 768w, https:\/\/www.milosnicylasu.olsztyn.pl\/wp-content\/uploads\/2023\/05\/P4290108-www.jpg 1024w\" sizes=\"auto, (max-width: 300px) 100vw, 300px\" \/><\/a><\/strong><\/p>\n<p><strong>Widzieli\u015bmy w paru miejscach kwitn\u0105ce kwiaty kacze\u0144ce. Mijali\u015bmy po drodze wielu spacerowicz\u00f3w, kt\u00f3rzy wybrali si\u0119 w tak pi\u0119kny i s\u0142oneczny dzie\u0144. Doszli\u015bmy do ruin Diabelskiego Mostu, nast\u0119pnie staro\u017cytnej pruskiej osady. Powoli id\u0105c g\u00f3rsk\u0105 \u015bcie\u017ck\u0105 doszli\u015bmy do wzg\u00f3rza Sandety, gdzie \u0141yna robi ostry zwrot i kieruje si\u0119 do spotkania z nast\u0119pn\u0105 olszty\u0144sk\u0105 rzek\u0105, jaka jest Wad\u0105g. Na zwalonym buku mogli\u015bmy odpocz\u0105\u0107 i podziwia\u0107 rozlewiska poro\u015bni\u0119te wysok\u0105 ro\u015blinno\u015bci\u0105 wodn\u0105, tam zobaczyli\u015bmy gniazdo, na kt\u00f3rym wysiaduje potomstwo \u0142ab\u0119dzica.<\/strong><\/p>\n<p><strong><a href=\"https:\/\/www.milosnicylasu.olsztyn.pl\/wp-content\/uploads\/2023\/05\/P4290142-www.jpg\" data-rel=\"lightbox-image-3\" data-magnific_type=\"image\" data-rl_title=\"\" data-rl_caption=\"\" title=\"\"><img loading=\"lazy\" decoding=\"async\" class=\"size-medium wp-image-8035 alignright\" src=\"https:\/\/www.milosnicylasu.olsztyn.pl\/wp-content\/uploads\/2023\/05\/P4290142-www-300x225.jpg\" alt=\"\" width=\"300\" height=\"225\" srcset=\"https:\/\/www.milosnicylasu.olsztyn.pl\/wp-content\/uploads\/2023\/05\/P4290142-www-300x225.jpg 300w, https:\/\/www.milosnicylasu.olsztyn.pl\/wp-content\/uploads\/2023\/05\/P4290142-www-768x576.jpg 768w, https:\/\/www.milosnicylasu.olsztyn.pl\/wp-content\/uploads\/2023\/05\/P4290142-www.jpg 1024w\" sizes=\"auto, (max-width: 300px) 100vw, 300px\" \/><\/a><\/strong><\/p>\n<p>&nbsp;<\/p>\n<p><strong>Dalsza trasa wiod\u0142a przez teren dawnej wsi Sandyty, znajduje si\u0119 wczesno\u015bredniowieczny zabytek archeologiczny z okresu wiki\u0144skiego w postaci kompleksu znajduj\u0105cego si\u0119 na terenie Lasu Miejskiego.<\/strong><\/p>\n<p><strong><a href=\"https:\/\/www.milosnicylasu.olsztyn.pl\/wp-content\/uploads\/2023\/05\/P4290152-www.jpg\" data-rel=\"lightbox-image-4\" data-magnific_type=\"image\" data-rl_title=\"\" data-rl_caption=\"\" title=\"\"><img loading=\"lazy\" decoding=\"async\" class=\"size-medium wp-image-8036\" src=\"https:\/\/www.milosnicylasu.olsztyn.pl\/wp-content\/uploads\/2023\/05\/P4290152-www-300x225.jpg\" alt=\"\" width=\"300\" height=\"225\" srcset=\"https:\/\/www.milosnicylasu.olsztyn.pl\/wp-content\/uploads\/2023\/05\/P4290152-www-300x225.jpg 300w, https:\/\/www.milosnicylasu.olsztyn.pl\/wp-content\/uploads\/2023\/05\/P4290152-www-768x576.jpg 768w, https:\/\/www.milosnicylasu.olsztyn.pl\/wp-content\/uploads\/2023\/05\/P4290152-www.jpg 1024w\" sizes=\"auto, (max-width: 300px) 100vw, 300px\" \/><\/a><\/strong><\/p>\n<p>&nbsp;<\/p>\n<p><strong>Spaceruj\u0105c widzieli\u015bmy m\u0142odzie\u017c z opiekunami na sp\u0142ywie kajakowym,\u00a0 p\u0142yn\u0119li w kierunku Elektrowni wodnej \u201e\u0141yna\u201d.\u00a0 Pod le\u015bn\u0105 wiat\u0105 w otoczeniu wiekowych buk\u00f3w mogli\u015bmy nieco odpocz\u0105\u0107. Dalszy sobotni spacer przebiega\u0142 tras\u0105 obok miejsca Kultu rowerzyst\u00f3w, Podhopki, Strzelnicy sportowej LOK, Stadionu Le\u015bnego doszli\u015bmy do p\u0119tli MPK przy AL. Wojska Polskiego gdzie zako\u0144czyli\u015bmy rajd. Na podstawie wypowiedzi uczestnik\u00f3w rajdu wynika, \u017ce spacer by\u0142 udany, dopisa\u0142a pogoda, wiele zobaczyli\u015bmy ciekawostek przyrodniczych, trasa ciekawa i urozmaicona. Zapraszam na koleiny sobotni rajd. Do zobaczenia na szlaku. Przewodnikiem by\u0142 Anatol Leszczy\u0144ski.\u00a0\u00a0 Opis i zdj\u0119cia r\u00f3wnie\u017c autorstwa prezesa.<\/strong><\/p>\n","protected":false},"excerpt":{"rendered":"<p>&nbsp; Sobotni rajd 29 kwietnia 2023r. do \u201eagrafki\u201d na wzniesienia obok wsi Sandyty. Jak w ka\u017cd\u0105 sobot\u0119 cz\u0142onkowie Ko\u0142a Mi\u0142o\u015bnik\u00f3w Lasu i Militari\u00f3w LOK przy ATW w Olsztynie\u00a0 spotkali si\u0119\u00a0 o godz. 10,00 na p\u0119tli MPK obok Centrum Edukacji i Inicjatyw Kulturalnych. Nast\u0119pnie udali\u015bmy si\u0119 spacerkiem ulic\u0105 Parkow\u0105 mijaj\u0105c Stadion Le\u015bny, Park Linowy Hardcore, dalej [&hellip;]<\/p>\n","protected":false},"author":2,"featured_media":0,"comment_status":"open","ping_status":"open","sticky":false,"template":"","format":"standard","meta":{"footnotes":""},"categories":[1,9,17],"tags":[],"class_list":["post-8031","post","type-post","status-publish","format-standard","hentry","category-bez-kategorii","category-ciekawostki","category-edukacja-w-terenie"],"_links":{"self":[{"href":"https:\/\/www.milosnicylasu.olsztyn.pl\/index.php?rest_route=\/wp\/v2\/posts\/8031","targetHints":{"allow":["GET"]}}],"collection":[{"href":"https:\/\/www.milosnicylasu.olsztyn.pl\/index.php?rest_route=\/wp\/v2\/posts"}],"about":[{"href":"https:\/\/www.milosnicylasu.olsztyn.pl\/index.php?rest_route=\/wp\/v2\/types\/post"}],"author":[{"embeddable":true,"href":"https:\/\/www.milosnicylasu.olsztyn.pl\/index.php?rest_route=\/wp\/v2\/users\/2"}],"replies":[{"embeddable":true,"href":"https:\/\/www.milosnicylasu.olsztyn.pl\/index.php?rest_route=%2Fwp%2Fv2%2Fcomments&post=8031"}],"version-history":[{"count":7,"href":"https:\/\/www.milosnicylasu.olsztyn.pl\/index.php?rest_route=\/wp\/v2\/posts\/8031\/revisions"}],"predecessor-version":[{"id":8100,"href":"https:\/\/www.milosnicylasu.olsztyn.pl\/index.php?rest_route=\/wp\/v2\/posts\/8031\/revisions\/8100"}],"wp:attachment":[{"href":"https:\/\/www.milosnicylasu.olsztyn.pl\/index.php?rest_route=%2Fwp%2Fv2%2Fmedia&parent=8031"}],"wp:term":[{"taxonomy":"category","embeddable":true,"href":"https:\/\/www.milosnicylasu.olsztyn.pl\/index.php?rest_route=%2Fwp%2Fv2%2Fcategories&post=8031"},{"taxonomy":"post_tag","embeddable":true,"href":"https:\/\/www.milosnicylasu.olsztyn.pl\/index.php?rest_route=%2Fwp%2Fv2%2Ftags&post=8031"}],"curies":[{"name":"wp","href":"https:\/\/api.w.org\/{rel}","templated":true}]}}