{"id":8053,"date":"2023-05-16T18:23:54","date_gmt":"2023-05-16T16:23:54","guid":{"rendered":"https:\/\/www.milosnicylasu.olsztyn.pl\/?p=8053"},"modified":"2023-05-16T18:29:41","modified_gmt":"2023-05-16T16:29:41","slug":"osrodki-rehabilitacji-zwierzat-dzikie-zwierzeta-wymagajace-opieki","status":"publish","type":"post","link":"https:\/\/www.milosnicylasu.olsztyn.pl\/?p=8053","title":{"rendered":"O\u015brodki Rehabilitacji Zwierz\u0105t &#8211; Dzikie zwierz\u0119ta wymagaj\u0105ce opieki"},"content":{"rendered":"<p><a href=\"https:\/\/www.milosnicylasu.olsztyn.pl\/wp-content\/uploads\/2023\/05\/DSCN6328-www.jpg\" data-rel=\"lightbox-image-0\" data-magnific_type=\"image\" data-rl_title=\"\" data-rl_caption=\"\" title=\"\"><img loading=\"lazy\" decoding=\"async\" class=\"size-medium wp-image-8054 alignleft\" src=\"https:\/\/www.milosnicylasu.olsztyn.pl\/wp-content\/uploads\/2023\/05\/DSCN6328-www-300x225.jpg\" alt=\"\" width=\"300\" height=\"225\" srcset=\"https:\/\/www.milosnicylasu.olsztyn.pl\/wp-content\/uploads\/2023\/05\/DSCN6328-www-300x225.jpg 300w, https:\/\/www.milosnicylasu.olsztyn.pl\/wp-content\/uploads\/2023\/05\/DSCN6328-www-768x576.jpg 768w, https:\/\/www.milosnicylasu.olsztyn.pl\/wp-content\/uploads\/2023\/05\/DSCN6328-www.jpg 1024w\" sizes=\"auto, (max-width: 300px) 100vw, 300px\" \/><\/a><strong>4 maja 2023 roku, na czwartkowym spotkaniu w RDLP w Olsztynie wys\u0142uchali\u015bmy bardzo ciekawego wyk\u0142adu Pani Justyny Sieniuk, kt\u00f3ra przez wiele lat zajmowa\u0142a si\u0119 rehabilitacj\u0105 le\u015bnych zwierz\u0105t rannych lub chorych. Mogli\u015bmy pozna\u0107 po\u017cyteczn\u0105, ale bardzo trudn\u0105 prac\u0119 ludzi, kt\u00f3rzy po\u015bwi\u0119caj\u0105 sw\u00f3j czas na rzecz zwierz\u0105t wymagaj\u0105cych opieki.<\/strong><\/p>\n<p><strong>Na terenie Regionalnej Dyrekcji Las\u00f3w Pa\u0144stwowych w Olsztynie znajduje si\u0119\u00a0 Regionalny0 O\u015brodek Rehabilitacji Zwierz\u0105t w Napromku,\u00a0 prowadzony przez Nadle\u015bnictwo Olsztynek. O\u015brodek specjalizuje si\u0119 w rehabilitacji ssak\u00f3w, ale przyjmuje r\u00f3wnie\u017c ptaki.<\/strong><\/p>\n<p><strong>O\u015brodek dzia\u0142a od 2001 roku i posiada wszystkie niezb\u0119dne zezwolenia Ministra \u015arodowiska i Generalnego Dyrektora Ochrony \u015arodowiska. Jest pod sta\u0142\u0105 opiek\u0105 weterynaryjn\u0105. Do\u015bwiadczenie i zaanga\u017cowanie lekarzy weterynarii zwi\u0119ksza szans\u0119 zwierz\u0105t na prze\u017cycie i powr\u00f3t do natury.<\/strong><\/p>\n<p><strong>Funkcjonowanie O\u015brodka polega na przyjmowaniu zwierz\u0105t wymagaj\u0105cych pomocy, udzieleniu im opieki weterynaryjnej, przetrzymywaniu ich do uzyskania pe\u0142nej samodzielno\u015bci, a na koniec wypuszczeniu do \u015brodowiska naturalnego.<\/strong><br \/>\n<strong>Najcz\u0119stszymi pacjentami o\u015brodka s\u0105 sarny, myszo\u0142owy, bociany,\u00a0 puszczyki, dziki oraz je\u017ce.<\/strong><br \/>\n<strong>Profesjonalne wyposa\u017cenie o\u015brodka zapewnia najlepsze warunki rehabilitacji zwierz\u0119cym pacjentom. Na terenie o\u015brodka znajduj\u0105 si\u0119 woliery dla ptak\u00f3w i mniejszych ssak\u00f3w, zagroda dla ptactwa wodnego o dodatkowej funkcji adaptacyjnej dla ssak\u00f3w, zagrody dla dzik\u00f3w i\u00a0jeleniowatych. W roku 2016 zosta\u0142a wybudowana du\u017ca zagroda do rehabilitacji wilk\u00f3w.<\/strong><\/p>\n<p><strong>Pani Justyna, w czasie swojego wyk\u0142adu, kilkakrotnie podkre\u015bla\u0142a, jak nierozs\u0105dne jest zabieranie m\u0142odych zwierz\u0105t z lasu. Praktycznie wszystkie zg\u0142oszone wypadki znalezienia \u201eporzuconego&#8221; m\u0142odego zwierz\u0119cia to fa\u0142szywy alarm. Nie nale\u017cy zbytnio zbli\u017ca\u0107 si\u0119 do takich zwierz\u0105t, dotyka\u0107 ich i pod \u017cadnym pozorem zabiera\u0107 ich z lasu. Pozostawianie m\u0142odych zwierz\u0105t samych, np. zaj\u0119cy, saren czy dzik\u00f3w, to nie brak dba\u0142o\u015bci o potomstwo ze strony rodzic\u00f3w, ale wr\u0119cz przeciwnie &#8211; objaw troski o ich byt. To wypracowana przez zwierz\u0119ta strategia przetrwania: m\u0142ode zwierz\u0119 nie wydziela intensywnego zapachu, wi\u0119c nie wyczuj\u0105 go drapie\u017cniki, ma\u0142o si\u0119 porusza i ma maskuj\u0105ce ubarwienie, co zapewnia mu ochron\u0119. Ci\u0105g\u0142a obecno\u015b\u0107 doros\u0142ych zwierz\u0105t w pobli\u017cu zagra\u017ca m\u0142odym i \u015bci\u0105ga uwag\u0119 drapie\u017cnik\u00f3w. Matka dyskretnie obserwuje m\u0142ode, a zbli\u017ca si\u0119 do nich tylko na czas karmienia.<\/strong><\/p>\n<p><strong>Zabieraj\u0105c z lasu ma\u0142\u0105 sarn\u0119 na oczach jej matki wyrz\u0105dzamy jej wielk\u0105 krzywd\u0119. Takie \u201euratowane&#8221; zwierz\u0119 w zasadzie nie ma szans na wychowanie w\u015br\u00f3d ludzi i powr\u00f3t do naturalnego \u015brodowiska.<\/strong><\/p>\n<p><strong>Dzi\u0119kujemy Pani Justynie, kt\u00f3ra jest pracownikiem RDLP w Olsztynie, w zespole d\/s ochrony zasob\u00f3w przyrodniczych za\u00a0 bardzo ciekawy wyk\u0142ad. Temat jest bardzo wa\u017cny, mamy nadziej\u0119, ze b\u0119dziemy jeszcze mieli\u00a0 mo\u017cliwo\u015b\u0107 poszerzy\u0107 swoj\u0105 wiedz\u0119 podczas nast\u0119pnych spotka\u0144.<\/strong><\/p>\n","protected":false},"excerpt":{"rendered":"<p>4 maja 2023 roku, na czwartkowym spotkaniu w RDLP w Olsztynie wys\u0142uchali\u015bmy bardzo ciekawego wyk\u0142adu Pani Justyny Sieniuk, kt\u00f3ra przez wiele lat zajmowa\u0142a si\u0119 rehabilitacj\u0105 le\u015bnych zwierz\u0105t rannych lub chorych. Mogli\u015bmy pozna\u0107 po\u017cyteczn\u0105, ale bardzo trudn\u0105 prac\u0119 ludzi, kt\u00f3rzy po\u015bwi\u0119caj\u0105 sw\u00f3j czas na rzecz zwierz\u0105t wymagaj\u0105cych opieki. Na terenie Regionalnej Dyrekcji Las\u00f3w Pa\u0144stwowych w Olsztynie [&hellip;]<\/p>\n","protected":false},"author":2,"featured_media":0,"comment_status":"open","ping_status":"open","sticky":false,"template":"","format":"standard","meta":{"footnotes":""},"categories":[1,9,3],"tags":[],"class_list":["post-8053","post","type-post","status-publish","format-standard","hentry","category-bez-kategorii","category-ciekawostki","category-zebrania"],"_links":{"self":[{"href":"https:\/\/www.milosnicylasu.olsztyn.pl\/index.php?rest_route=\/wp\/v2\/posts\/8053","targetHints":{"allow":["GET"]}}],"collection":[{"href":"https:\/\/www.milosnicylasu.olsztyn.pl\/index.php?rest_route=\/wp\/v2\/posts"}],"about":[{"href":"https:\/\/www.milosnicylasu.olsztyn.pl\/index.php?rest_route=\/wp\/v2\/types\/post"}],"author":[{"embeddable":true,"href":"https:\/\/www.milosnicylasu.olsztyn.pl\/index.php?rest_route=\/wp\/v2\/users\/2"}],"replies":[{"embeddable":true,"href":"https:\/\/www.milosnicylasu.olsztyn.pl\/index.php?rest_route=%2Fwp%2Fv2%2Fcomments&post=8053"}],"version-history":[{"count":3,"href":"https:\/\/www.milosnicylasu.olsztyn.pl\/index.php?rest_route=\/wp\/v2\/posts\/8053\/revisions"}],"predecessor-version":[{"id":8057,"href":"https:\/\/www.milosnicylasu.olsztyn.pl\/index.php?rest_route=\/wp\/v2\/posts\/8053\/revisions\/8057"}],"wp:attachment":[{"href":"https:\/\/www.milosnicylasu.olsztyn.pl\/index.php?rest_route=%2Fwp%2Fv2%2Fmedia&parent=8053"}],"wp:term":[{"taxonomy":"category","embeddable":true,"href":"https:\/\/www.milosnicylasu.olsztyn.pl\/index.php?rest_route=%2Fwp%2Fv2%2Fcategories&post=8053"},{"taxonomy":"post_tag","embeddable":true,"href":"https:\/\/www.milosnicylasu.olsztyn.pl\/index.php?rest_route=%2Fwp%2Fv2%2Ftags&post=8053"}],"curies":[{"name":"wp","href":"https:\/\/api.w.org\/{rel}","templated":true}]}}