{"id":8058,"date":"2023-05-17T05:43:32","date_gmt":"2023-05-17T03:43:32","guid":{"rendered":"https:\/\/www.milosnicylasu.olsztyn.pl\/?p=8058"},"modified":"2023-05-17T05:48:30","modified_gmt":"2023-05-17T03:48:30","slug":"tym-razem-lynostrada","status":"publish","type":"post","link":"https:\/\/www.milosnicylasu.olsztyn.pl\/?p=8058","title":{"rendered":"Tym razem \u0141ynostrad\u0105"},"content":{"rendered":"<p><strong><a href=\"https:\/\/www.milosnicylasu.olsztyn.pl\/wp-content\/uploads\/2021\/09\/20210829_125908a-www.jpg\" data-rel=\"lightbox-image-0\" data-magnific_type=\"image\" data-rl_title=\"\" data-rl_caption=\"\" title=\"\"><img loading=\"lazy\" decoding=\"async\" class=\"size-medium wp-image-6506 alignleft\" src=\"https:\/\/www.milosnicylasu.olsztyn.pl\/wp-content\/uploads\/2021\/09\/20210829_125908a-www-300x267.jpg\" alt=\"\" width=\"300\" height=\"267\" srcset=\"https:\/\/www.milosnicylasu.olsztyn.pl\/wp-content\/uploads\/2021\/09\/20210829_125908a-www-300x267.jpg 300w, https:\/\/www.milosnicylasu.olsztyn.pl\/wp-content\/uploads\/2021\/09\/20210829_125908a-www-768x684.jpg 768w, https:\/\/www.milosnicylasu.olsztyn.pl\/wp-content\/uploads\/2021\/09\/20210829_125908a-www.jpg 1024w\" sizes=\"auto, (max-width: 300px) 100vw, 300px\" \/><\/a>W sobot\u0119\u00a0 <\/strong><\/p>\n<p><strong>6 maja 2023r. cz\u0142onkowie Naszego Ko\u0142a pod kierownictwem Stefanii Jarczyk spotkali si\u0119 o godzinie 10,00 przy Galerii Warmi\u0144skiej. Nast\u0119pnie spacerkiem udali si\u0119 ulic\u0105 Juliana Tuwima obok Instytutu Rozrodu Zwierz\u0105t i Bada\u0144, za rzek\u0105 skr\u0119cili\u015bmy na \u201e\u0141ynostrad\u0119, biegn\u0105c\u0105 wzd\u0142u\u017c \u0141yny. Pogoda dopisa\u0142a mogli\u015bmy podziwia\u0107 przyrod\u0119 i odpocz\u0105\u0107 na \u0142aweczkach znajduj\u0105cych si\u0119 na trasie naszego marszu. \u00a0Po ma\u0142ym odpoczynku poszli\u015bmy dalej ulicami Kazimierza Kalinowskiego, Adama Szostkiewicza, obok Przedszkola Miejskiego Nr 5 i ulic\u0105 Gen. Stanis\u0142awa Maczka doszli\u015bmy do ronda przy ulicy Biskupa Tomasza Wilczy\u0144skiego.\u00a0 Na p\u0119tli komunikacji miejskiej zako\u0144czyli\u015bmy sobotni spacer. \u00a0D\u0142ugo\u015b\u0107 \u0141ynostrady w Olsztynie ma 11 kilometr\u00f3w, przecina miasto z po\u0142udnia na p\u00f3\u0142noc przez najpi\u0119kniejsze miejsca w Olsztynie stanowi naturalny korytarz zar\u00f3wno krajobrazowy jak i komunikacyjny Mogli\u015bmy zobaczy\u0107 nowo powsta\u0142e osiedla, przepi\u0119kny widok na ni\u017cej po\u0142o\u017cone tereny wij\u0105cej si\u0119 \u0141yny. By\u0142o fajnie!. Dzi\u0119kujemy\u00a0 prowadz\u0105cej rajd Stefanii, cz\u0142onkom Ko\u0142a za uczestnictwo.<\/strong><\/p>\n<p><strong>Do zobaczenia na kolejnym rajdzie w sobot\u0119 dniu 20 maja na p\u0119tli MPK w Gutkowie o godzinie 10.00\u00a0<\/strong><\/p>\n","protected":false},"excerpt":{"rendered":"<p>W sobot\u0119\u00a0 6 maja 2023r. cz\u0142onkowie Naszego Ko\u0142a pod kierownictwem Stefanii Jarczyk spotkali si\u0119 o godzinie 10,00 przy Galerii Warmi\u0144skiej. Nast\u0119pnie spacerkiem udali si\u0119 ulic\u0105 Juliana Tuwima obok Instytutu Rozrodu Zwierz\u0105t i Bada\u0144, za rzek\u0105 skr\u0119cili\u015bmy na \u201e\u0141ynostrad\u0119, biegn\u0105c\u0105 wzd\u0142u\u017c \u0141yny. Pogoda dopisa\u0142a mogli\u015bmy podziwia\u0107 przyrod\u0119 i odpocz\u0105\u0107 na \u0142aweczkach znajduj\u0105cych si\u0119 na trasie naszego [&hellip;]<\/p>\n","protected":false},"author":2,"featured_media":0,"comment_status":"open","ping_status":"open","sticky":false,"template":"","format":"standard","meta":{"footnotes":""},"categories":[1,9,2],"tags":[],"class_list":["post-8058","post","type-post","status-publish","format-standard","hentry","category-bez-kategorii","category-ciekawostki","category-rajdy"],"_links":{"self":[{"href":"https:\/\/www.milosnicylasu.olsztyn.pl\/index.php?rest_route=\/wp\/v2\/posts\/8058","targetHints":{"allow":["GET"]}}],"collection":[{"href":"https:\/\/www.milosnicylasu.olsztyn.pl\/index.php?rest_route=\/wp\/v2\/posts"}],"about":[{"href":"https:\/\/www.milosnicylasu.olsztyn.pl\/index.php?rest_route=\/wp\/v2\/types\/post"}],"author":[{"embeddable":true,"href":"https:\/\/www.milosnicylasu.olsztyn.pl\/index.php?rest_route=\/wp\/v2\/users\/2"}],"replies":[{"embeddable":true,"href":"https:\/\/www.milosnicylasu.olsztyn.pl\/index.php?rest_route=%2Fwp%2Fv2%2Fcomments&post=8058"}],"version-history":[{"count":3,"href":"https:\/\/www.milosnicylasu.olsztyn.pl\/index.php?rest_route=\/wp\/v2\/posts\/8058\/revisions"}],"predecessor-version":[{"id":8061,"href":"https:\/\/www.milosnicylasu.olsztyn.pl\/index.php?rest_route=\/wp\/v2\/posts\/8058\/revisions\/8061"}],"wp:attachment":[{"href":"https:\/\/www.milosnicylasu.olsztyn.pl\/index.php?rest_route=%2Fwp%2Fv2%2Fmedia&parent=8058"}],"wp:term":[{"taxonomy":"category","embeddable":true,"href":"https:\/\/www.milosnicylasu.olsztyn.pl\/index.php?rest_route=%2Fwp%2Fv2%2Fcategories&post=8058"},{"taxonomy":"post_tag","embeddable":true,"href":"https:\/\/www.milosnicylasu.olsztyn.pl\/index.php?rest_route=%2Fwp%2Fv2%2Ftags&post=8058"}],"curies":[{"name":"wp","href":"https:\/\/api.w.org\/{rel}","templated":true}]}}