{"id":807,"date":"2013-12-28T20:43:38","date_gmt":"2013-12-28T19:43:38","guid":{"rendered":"http:\/\/www.milosnicylasu.olsztyn.pl\/?p=807"},"modified":"2013-12-28T20:43:38","modified_gmt":"2013-12-28T19:43:38","slug":"spotkanie-przedsylwestrowe","status":"publish","type":"post","link":"https:\/\/www.milosnicylasu.olsztyn.pl\/?p=807","title":{"rendered":"Spotkanie przedsylwestrowe"},"content":{"rendered":"<p><a href=\"http:\/\/www.milosnicylasu.olsztyn.pl\/wp-content\/uploads\/2013\/12\/PC280185-www.jpg\" data-rel=\"lightbox-image-0\" data-magnific_type=\"image\" data-rl_title=\"\" data-rl_caption=\"\" title=\"\"><img loading=\"lazy\" decoding=\"async\" class=\"alignleft size-medium wp-image-809\" alt=\"PC280185-www\" src=\"http:\/\/www.milosnicylasu.olsztyn.pl\/wp-content\/uploads\/2013\/12\/PC280185-www-300x225.jpg\" width=\"300\" height=\"225\" srcset=\"https:\/\/www.milosnicylasu.olsztyn.pl\/wp-content\/uploads\/2013\/12\/PC280185-www-300x225.jpg 300w, https:\/\/www.milosnicylasu.olsztyn.pl\/wp-content\/uploads\/2013\/12\/PC280185-www-400x300.jpg 400w, https:\/\/www.milosnicylasu.olsztyn.pl\/wp-content\/uploads\/2013\/12\/PC280185-www.jpg 1024w\" sizes=\"auto, (max-width: 300px) 100vw, 300px\" \/><\/a><a href=\"http:\/\/www.milosnicylasu.olsztyn.pl\/wp-content\/uploads\/2013\/12\/PC280191-www.jpg\" data-rel=\"lightbox-image-1\" data-magnific_type=\"image\" data-rl_title=\"\" data-rl_caption=\"\" title=\"\"><img loading=\"lazy\" decoding=\"async\" class=\"size-medium wp-image-808 alignright\" alt=\"PC280191-www\" src=\"http:\/\/www.milosnicylasu.olsztyn.pl\/wp-content\/uploads\/2013\/12\/PC280191-www-300x225.jpg\" width=\"300\" height=\"225\" srcset=\"https:\/\/www.milosnicylasu.olsztyn.pl\/wp-content\/uploads\/2013\/12\/PC280191-www-300x225.jpg 300w, https:\/\/www.milosnicylasu.olsztyn.pl\/wp-content\/uploads\/2013\/12\/PC280191-www-400x300.jpg 400w, https:\/\/www.milosnicylasu.olsztyn.pl\/wp-content\/uploads\/2013\/12\/PC280191-www.jpg 1024w\" sizes=\"auto, (max-width: 300px) 100vw, 300px\" \/><\/a>W sobot\u0119 &#8211; 28 grudnia spotkali\u015bmy si\u0119 na rajdzie, aby z\u0142o\u017cy\u0107 sobie \u017cyczenia \u00a0noworoczne i wypi\u0107 tradycyjn\u0105 lampk\u0119 szampana. Przeszli\u015bmy tras\u0119 ok. 5 km, a g\u0142\u00f3wna uroczysto\u015b\u0107 odby\u0142a si\u0119 przy wiacie zaprzyja\u017anionego le\u015bnictwa Stary Olsztyn.<\/p>\n<p>&nbsp;<\/p>\n<p>By\u0142y wspomnienia, \u017cyczenia, \u015bpiewali\u015bmy kol\u0119dy i degustowali r\u00f3\u017cne smakowito\u015bci. S\u0142oneczna, ciep\u0142a pogoda sprzyja\u0142a biesiadowaniu. Do zobaczenia w Nowym Roku &#8211; 2014. A zaj\u0119cia rozpoczniemy zebraniem 2 stycznia, o godzinie 15.00, w RDLP w Olsztynie. Zapraszamy.<\/p>\n<p>&nbsp;<\/p>\n<p>&nbsp;<\/p>\n<p>&nbsp;<\/p>\n","protected":false},"excerpt":{"rendered":"<p>W sobot\u0119 &#8211; 28 grudnia spotkali\u015bmy si\u0119 na rajdzie, aby z\u0142o\u017cy\u0107 sobie \u017cyczenia \u00a0noworoczne i wypi\u0107 tradycyjn\u0105 lampk\u0119 szampana. Przeszli\u015bmy tras\u0119 ok. 5 km, a g\u0142\u00f3wna uroczysto\u015b\u0107 odby\u0142a si\u0119 przy wiacie zaprzyja\u017anionego le\u015bnictwa Stary Olsztyn. &nbsp; By\u0142y wspomnienia, \u017cyczenia, \u015bpiewali\u015bmy kol\u0119dy i degustowali r\u00f3\u017cne smakowito\u015bci. S\u0142oneczna, ciep\u0142a pogoda sprzyja\u0142a biesiadowaniu. Do zobaczenia w Nowym Roku [&hellip;]<\/p>\n","protected":false},"author":1,"featured_media":0,"comment_status":"open","ping_status":"open","sticky":false,"template":"","format":"standard","meta":{"footnotes":""},"categories":[2],"tags":[],"class_list":["post-807","post","type-post","status-publish","format-standard","hentry","category-rajdy"],"_links":{"self":[{"href":"https:\/\/www.milosnicylasu.olsztyn.pl\/index.php?rest_route=\/wp\/v2\/posts\/807","targetHints":{"allow":["GET"]}}],"collection":[{"href":"https:\/\/www.milosnicylasu.olsztyn.pl\/index.php?rest_route=\/wp\/v2\/posts"}],"about":[{"href":"https:\/\/www.milosnicylasu.olsztyn.pl\/index.php?rest_route=\/wp\/v2\/types\/post"}],"author":[{"embeddable":true,"href":"https:\/\/www.milosnicylasu.olsztyn.pl\/index.php?rest_route=\/wp\/v2\/users\/1"}],"replies":[{"embeddable":true,"href":"https:\/\/www.milosnicylasu.olsztyn.pl\/index.php?rest_route=%2Fwp%2Fv2%2Fcomments&post=807"}],"version-history":[{"count":1,"href":"https:\/\/www.milosnicylasu.olsztyn.pl\/index.php?rest_route=\/wp\/v2\/posts\/807\/revisions"}],"predecessor-version":[{"id":810,"href":"https:\/\/www.milosnicylasu.olsztyn.pl\/index.php?rest_route=\/wp\/v2\/posts\/807\/revisions\/810"}],"wp:attachment":[{"href":"https:\/\/www.milosnicylasu.olsztyn.pl\/index.php?rest_route=%2Fwp%2Fv2%2Fmedia&parent=807"}],"wp:term":[{"taxonomy":"category","embeddable":true,"href":"https:\/\/www.milosnicylasu.olsztyn.pl\/index.php?rest_route=%2Fwp%2Fv2%2Fcategories&post=807"},{"taxonomy":"post_tag","embeddable":true,"href":"https:\/\/www.milosnicylasu.olsztyn.pl\/index.php?rest_route=%2Fwp%2Fv2%2Ftags&post=807"}],"curies":[{"name":"wp","href":"https:\/\/api.w.org\/{rel}","templated":true}]}}