{"id":8076,"date":"2023-05-19T15:50:18","date_gmt":"2023-05-19T13:50:18","guid":{"rendered":"https:\/\/www.milosnicylasu.olsztyn.pl\/?p=8076"},"modified":"2023-05-19T16:18:14","modified_gmt":"2023-05-19T14:18:14","slug":"dziekujemy-lesnikom-ktorzy-pomagaja-w-realizacji-planow-pracy-kola","status":"publish","type":"post","link":"https:\/\/www.milosnicylasu.olsztyn.pl\/?p=8076","title":{"rendered":"Dzi\u0119kujemy le\u015bnikom, kt\u00f3rzy pomagaj\u0105 w realizacji plan\u00f3w pracy Ko\u0142a"},"content":{"rendered":"<p><strong><a href=\"https:\/\/www.milosnicylasu.olsztyn.pl\/wp-content\/uploads\/2023\/05\/IMG-20230518-WA00341-www-www.jpg\" data-rel=\"lightbox-image-0\" data-magnific_type=\"image\" data-rl_title=\"\" data-rl_caption=\"\" title=\"\"><img loading=\"lazy\" decoding=\"async\" class=\"size-medium wp-image-8081 alignleft\" src=\"https:\/\/www.milosnicylasu.olsztyn.pl\/wp-content\/uploads\/2023\/05\/IMG-20230518-WA00341-www-www-300x169.jpg\" alt=\"\" width=\"300\" height=\"169\" srcset=\"https:\/\/www.milosnicylasu.olsztyn.pl\/wp-content\/uploads\/2023\/05\/IMG-20230518-WA00341-www-www-300x169.jpg 300w, https:\/\/www.milosnicylasu.olsztyn.pl\/wp-content\/uploads\/2023\/05\/IMG-20230518-WA00341-www-www-768x432.jpg 768w, https:\/\/www.milosnicylasu.olsztyn.pl\/wp-content\/uploads\/2023\/05\/IMG-20230518-WA00341-www-www-730x410.jpg 730w, https:\/\/www.milosnicylasu.olsztyn.pl\/wp-content\/uploads\/2023\/05\/IMG-20230518-WA00341-www-www.jpg 1024w\" sizes=\"auto, (max-width: 300px) 100vw, 300px\" \/><\/a>16<\/strong> <strong>maja 2023 roku odby\u0142a si\u0119 roczna narada po\u015bwi\u0119cona zagadnieniom ochrony mienia i zwalczania szkodnictwa le\u015bnego. Podczas narady Pan Anatol Leszczy\u0144ski Prezes\u00a0 Ko\u0142o Mi\u0142o\u015bnik\u00f3w Lasu i Militari\u00f3w Ligi Obrony Kraju przy Akademii Trzeciego Wieku w Olsztynie \u00a0wr\u0119czy\u0142 honorowe odznaczenia stowarzyszeniowe dla wybranych stra\u017cnik\u00f3w le\u015bnych. Za wk\u0142ad i dzia\u0142anie na rzecz Ko\u0142a zosta\u0142 wyr\u00f3\u017cniony z\u0142otym medalem Dariusz Sobotka (N-ctwo Przasnysz), natomiast br\u0105zowe medale \u201eZa Zas\u0142ugi dla Ligi Obrony Kraju\u201d otrzymali Mariusz Dawidowicz i Jaros\u0142aw Turek z Nadle\u015bnictwa Kudypy<\/strong><\/p>\n<p>&nbsp;<\/p>\n","protected":false},"excerpt":{"rendered":"<p>16 maja 2023 roku odby\u0142a si\u0119 roczna narada po\u015bwi\u0119cona zagadnieniom ochrony mienia i zwalczania szkodnictwa le\u015bnego. Podczas narady Pan Anatol Leszczy\u0144ski Prezes\u00a0 Ko\u0142o Mi\u0142o\u015bnik\u00f3w Lasu i Militari\u00f3w Ligi Obrony Kraju przy Akademii Trzeciego Wieku w Olsztynie \u00a0wr\u0119czy\u0142 honorowe odznaczenia stowarzyszeniowe dla wybranych stra\u017cnik\u00f3w le\u015bnych. Za wk\u0142ad i dzia\u0142anie na rzecz Ko\u0142a zosta\u0142 wyr\u00f3\u017cniony z\u0142otym medalem [&hellip;]<\/p>\n","protected":false},"author":2,"featured_media":0,"comment_status":"open","ping_status":"open","sticky":false,"template":"","format":"standard","meta":{"footnotes":""},"categories":[1,17,6],"tags":[],"class_list":["post-8076","post","type-post","status-publish","format-standard","hentry","category-bez-kategorii","category-edukacja-w-terenie","category-odznaczenia"],"_links":{"self":[{"href":"https:\/\/www.milosnicylasu.olsztyn.pl\/index.php?rest_route=\/wp\/v2\/posts\/8076","targetHints":{"allow":["GET"]}}],"collection":[{"href":"https:\/\/www.milosnicylasu.olsztyn.pl\/index.php?rest_route=\/wp\/v2\/posts"}],"about":[{"href":"https:\/\/www.milosnicylasu.olsztyn.pl\/index.php?rest_route=\/wp\/v2\/types\/post"}],"author":[{"embeddable":true,"href":"https:\/\/www.milosnicylasu.olsztyn.pl\/index.php?rest_route=\/wp\/v2\/users\/2"}],"replies":[{"embeddable":true,"href":"https:\/\/www.milosnicylasu.olsztyn.pl\/index.php?rest_route=%2Fwp%2Fv2%2Fcomments&post=8076"}],"version-history":[{"count":5,"href":"https:\/\/www.milosnicylasu.olsztyn.pl\/index.php?rest_route=\/wp\/v2\/posts\/8076\/revisions"}],"predecessor-version":[{"id":8082,"href":"https:\/\/www.milosnicylasu.olsztyn.pl\/index.php?rest_route=\/wp\/v2\/posts\/8076\/revisions\/8082"}],"wp:attachment":[{"href":"https:\/\/www.milosnicylasu.olsztyn.pl\/index.php?rest_route=%2Fwp%2Fv2%2Fmedia&parent=8076"}],"wp:term":[{"taxonomy":"category","embeddable":true,"href":"https:\/\/www.milosnicylasu.olsztyn.pl\/index.php?rest_route=%2Fwp%2Fv2%2Fcategories&post=8076"},{"taxonomy":"post_tag","embeddable":true,"href":"https:\/\/www.milosnicylasu.olsztyn.pl\/index.php?rest_route=%2Fwp%2Fv2%2Ftags&post=8076"}],"curies":[{"name":"wp","href":"https:\/\/api.w.org\/{rel}","templated":true}]}}