{"id":8085,"date":"2023-05-22T06:48:49","date_gmt":"2023-05-22T04:48:49","guid":{"rendered":"https:\/\/www.milosnicylasu.olsztyn.pl\/?p=8085"},"modified":"2023-06-02T05:43:55","modified_gmt":"2023-06-02T03:43:55","slug":"las-militaria-a-wiec-wszystko-co-lubimy-ziolowa-dolina-w-wilimowie","status":"publish","type":"post","link":"https:\/\/www.milosnicylasu.olsztyn.pl\/?p=8085","title":{"rendered":"Las , militaria &#8211; a wi\u0119c wszystko co lubimy &#8211; Zio\u0142owa Dolina w Wilimowie"},"content":{"rendered":"<p><strong>\u00a0\u00a0<\/strong><\/p>\n<p><a href=\"https:\/\/www.milosnicylasu.olsztyn.pl\/wp-content\/uploads\/2023\/05\/P5200008-www.jpg\" data-rel=\"lightbox-image-0\" data-magnific_type=\"image\" data-rl_title=\"\" data-rl_caption=\"\" title=\"\"><img loading=\"lazy\" decoding=\"async\" class=\"size-medium wp-image-8089 alignleft\" src=\"https:\/\/www.milosnicylasu.olsztyn.pl\/wp-content\/uploads\/2023\/05\/P5200008-www-300x225.jpg\" alt=\"\" width=\"300\" height=\"225\" srcset=\"https:\/\/www.milosnicylasu.olsztyn.pl\/wp-content\/uploads\/2023\/05\/P5200008-www-300x225.jpg 300w, https:\/\/www.milosnicylasu.olsztyn.pl\/wp-content\/uploads\/2023\/05\/P5200008-www-768x576.jpg 768w, https:\/\/www.milosnicylasu.olsztyn.pl\/wp-content\/uploads\/2023\/05\/P5200008-www.jpg 1024w\" sizes=\"auto, (max-width: 300px) 100vw, 300px\" \/><\/a><\/p>\n<p><strong>W ramach sobotnich spacer\u00f3w cz\u0142onkowie Ko\u0142a Mi\u0142o\u015bnik\u00f3w Lasu i Militari\u00f3w LOK w Olsztynie\u00a0 zwiedzaj\u0105 kolejne ciekawe miejsca. Rajd 20 maja 2023r. rozpocz\u0119li\u015bmy z p\u0119tli komunikacji miejskiej w Gutkowie o godzinie 10.00\u00a0\u00a0 Po spotkaniu na przystanku MPK, Tolek Leszczy\u0144ski przedstawi\u0142 uczestnikom cel dzisiejszego dnia, oraz d\u0142ugo\u015b\u0107 trasy. Po ma\u0142ym instruktarzu poszli\u015bmy ulicami: S\u0142owicza i Ignacego \u0141ukasiewicza, mijaj\u0105c po drodze r\u00f3\u017cne zak\u0142ady pracy znajduj\u0105ce si\u0119 w tym rejonie miasta, mi\u0119dzy innymi to: Red Bud, Eltel Networks, Przedszkole Ekolandia, Zak\u0142ad produkcji chemikali\u00f3w, WMB \u2013 Colas, Terminal SA by\u0142y Lotos, Szk\u0142o land.<\/strong><\/p>\n<p><strong>Pogoda dopisywa\u0142a, weszli\u015bmy do lasu id\u0105c drog\u0105 szutrow\u0105 mogli\u015bmy podziwia\u0107 przyrod\u0119 i \u015bpiew ptak\u00f3w. Po przej\u015bciu oko\u0142o 3 kilometr\u00f3w doszli\u015bmy do celu naszego spaceru.<\/strong><\/p>\n<p><strong><a href=\"https:\/\/www.milosnicylasu.olsztyn.pl\/wp-content\/uploads\/2023\/05\/P5200038-www.jpg\" data-rel=\"lightbox-image-1\" data-magnific_type=\"image\" data-rl_title=\"\" data-rl_caption=\"\" title=\"\"><img loading=\"lazy\" decoding=\"async\" class=\"size-medium wp-image-8087 alignright\" src=\"https:\/\/www.milosnicylasu.olsztyn.pl\/wp-content\/uploads\/2023\/05\/P5200038-www-300x225.jpg\" alt=\"\" width=\"300\" height=\"225\" srcset=\"https:\/\/www.milosnicylasu.olsztyn.pl\/wp-content\/uploads\/2023\/05\/P5200038-www-300x225.jpg 300w, https:\/\/www.milosnicylasu.olsztyn.pl\/wp-content\/uploads\/2023\/05\/P5200038-www-768x576.jpg 768w, https:\/\/www.milosnicylasu.olsztyn.pl\/wp-content\/uploads\/2023\/05\/P5200038-www.jpg 1024w\" sizes=\"auto, (max-width: 300px) 100vw, 300px\" \/><\/a><\/strong><\/p>\n<p><strong>Zobaczyli\u015bmy bram\u0119 wej\u015bciow\u0105, za kt\u00f3r\u0105 znajduje si\u0119 budka wartownicza i w oddali zaparkowane pojazdy wojskowe. Po wej\u015bciu na parking mogli\u015bmy zobaczy\u0107 transportery opancerzone,\u00a0 armaty, oraz wiele innego sprz\u0119tu wojskowego i \u201eDyskoteka Milicyjna\u201d.<\/strong><\/p>\n<p>&nbsp;<\/p>\n<p><strong><a href=\"https:\/\/www.milosnicylasu.olsztyn.pl\/wp-content\/uploads\/2023\/05\/P5200025-www.jpg\" data-rel=\"lightbox-image-2\" data-magnific_type=\"image\" data-rl_title=\"\" data-rl_caption=\"\" title=\"\"><img loading=\"lazy\" decoding=\"async\" class=\"size-medium wp-image-8088 aligncenter\" src=\"https:\/\/www.milosnicylasu.olsztyn.pl\/wp-content\/uploads\/2023\/05\/P5200025-www-300x225.jpg\" alt=\"\" width=\"300\" height=\"225\" srcset=\"https:\/\/www.milosnicylasu.olsztyn.pl\/wp-content\/uploads\/2023\/05\/P5200025-www-300x225.jpg 300w, https:\/\/www.milosnicylasu.olsztyn.pl\/wp-content\/uploads\/2023\/05\/P5200025-www-768x576.jpg 768w, https:\/\/www.milosnicylasu.olsztyn.pl\/wp-content\/uploads\/2023\/05\/P5200025-www.jpg 1024w\" sizes=\"auto, (max-width: 300px) 100vw, 300px\" \/><\/a><\/strong><\/p>\n<p><strong><a href=\"https:\/\/www.milosnicylasu.olsztyn.pl\/wp-content\/uploads\/2023\/05\/P5200007-www.jpg\" data-rel=\"lightbox-image-3\" data-magnific_type=\"image\" data-rl_title=\"\" data-rl_caption=\"\" title=\"\"><img loading=\"lazy\" decoding=\"async\" class=\"size-medium wp-image-8086 alignleft\" src=\"https:\/\/www.milosnicylasu.olsztyn.pl\/wp-content\/uploads\/2023\/05\/P5200007-www-300x225.jpg\" alt=\"\" width=\"300\" height=\"225\" srcset=\"https:\/\/www.milosnicylasu.olsztyn.pl\/wp-content\/uploads\/2023\/05\/P5200007-www-300x225.jpg 300w, https:\/\/www.milosnicylasu.olsztyn.pl\/wp-content\/uploads\/2023\/05\/P5200007-www-768x576.jpg 768w, https:\/\/www.milosnicylasu.olsztyn.pl\/wp-content\/uploads\/2023\/05\/P5200007-www.jpg 1024w\" sizes=\"auto, (max-width: 300px) 100vw, 300px\" \/><\/a><\/strong><\/p>\n<p><strong>Podziwiali\u015bmy pojazdy zdeponowane przez mi\u0142o\u015bnika militari\u00f3w ca\u0142o\u015b\u0107 jest sprawna . Niekt\u00f3re osoby pierwszy raz mog\u0142y zobaczy\u0107 taki wojskowy sprz\u0119t. Po zwiedzeniu Muzeum Militarnego przeszli\u015bmy na ma\u0142y odpoczynek w okolice ogniska i przy muzyce s\u0142yszanej z g\u0142o\u015bnik\u00f3w odpoczywali\u015bmy pij\u0105c kaw\u0119 i herbatk\u0119, podziwiaj\u0105c lataj\u0105ce czaple i inne ptactwo wodne.<\/strong><\/p>\n<p><strong><a href=\"https:\/\/www.milosnicylasu.olsztyn.pl\/wp-content\/uploads\/2023\/05\/P5200017-www.jpg\" data-rel=\"lightbox-image-4\" data-magnific_type=\"image\" data-rl_title=\"\" data-rl_caption=\"\" title=\"\"><img loading=\"lazy\" decoding=\"async\" class=\"size-medium wp-image-8090 alignright\" src=\"https:\/\/www.milosnicylasu.olsztyn.pl\/wp-content\/uploads\/2023\/05\/P5200017-www-300x225.jpg\" alt=\"\" width=\"300\" height=\"225\" srcset=\"https:\/\/www.milosnicylasu.olsztyn.pl\/wp-content\/uploads\/2023\/05\/P5200017-www-300x225.jpg 300w, https:\/\/www.milosnicylasu.olsztyn.pl\/wp-content\/uploads\/2023\/05\/P5200017-www-768x576.jpg 768w, https:\/\/www.milosnicylasu.olsztyn.pl\/wp-content\/uploads\/2023\/05\/P5200017-www.jpg 1024w\" sizes=\"auto, (max-width: 300px) 100vw, 300px\" \/><\/a><\/strong><\/p>\n<p><strong>W dalszej cz\u0119\u015bci mogli\u015bmy zwiedzi\u0107 Mini ZOO. Chodz\u0105c alejkami poznawali\u015bmy rosn\u0105ce zio\u0142a, pod krzaczkami mogli\u015bmy znale\u017a\u0107 jajka zniesione przez przydomowy dr\u00f3b. W ogr\u00f3dku kawiarnianym siedzieli\u015bmy przy szklance ch\u0142odnego napoju przed dalsz\u0105 powrotn\u0105 drog\u0105 do domu. Kolejny sobotni rajd by\u0142 udany. Podczas odpoczynku odby\u0142 si\u0119 konkurs z okazji \u015awi\u0119ta Polskiej Niezapominajki. Uczestnicy rajdu odpowiadali na pytania konkursowe.<\/strong><\/p>\n<p><strong>I miejsce zdoby\u0142a Ta\u0144ska Dorota II miejsce egzekwo Maria Igli\u0144ska, Stefania Jarczyk, Krystyna Tarankiewicz III Marianna Bonis\u0142awska i Renata Janicka .<\/strong><\/p>\n<p><strong>Upominki za zwyci\u0119stwo w konkursie zostan\u0105 wr\u0119czone podczas zebrania w czerwcu. Do spotkania na kolejnym rajdzie w dniu 27 maja godz. 10.00 p\u0119tla MPK ul. Jagiello\u0144ska \u2013 dzia\u0142ki. Pytania konkursowe opracowa\u0142 i rajd prowadzi\u0142 Tolek Leszczy\u0144ski.<\/strong><\/p>\n","protected":false},"excerpt":{"rendered":"<p>\u00a0\u00a0 W ramach sobotnich spacer\u00f3w cz\u0142onkowie Ko\u0142a Mi\u0142o\u015bnik\u00f3w Lasu i Militari\u00f3w LOK w Olsztynie\u00a0 zwiedzaj\u0105 kolejne ciekawe miejsca. Rajd 20 maja 2023r. rozpocz\u0119li\u015bmy z p\u0119tli komunikacji miejskiej w Gutkowie o godzinie 10.00\u00a0\u00a0 Po spotkaniu na przystanku MPK, Tolek Leszczy\u0144ski przedstawi\u0142 uczestnikom cel dzisiejszego dnia, oraz d\u0142ugo\u015b\u0107 trasy. Po ma\u0142ym instruktarzu poszli\u015bmy ulicami: S\u0142owicza i Ignacego [&hellip;]<\/p>\n","protected":false},"author":2,"featured_media":0,"comment_status":"open","ping_status":"open","sticky":false,"template":"","format":"standard","meta":{"footnotes":""},"categories":[1,9,17,15],"tags":[],"class_list":["post-8085","post","type-post","status-publish","format-standard","hentry","category-bez-kategorii","category-ciekawostki","category-edukacja-w-terenie","category-komkurs"],"_links":{"self":[{"href":"https:\/\/www.milosnicylasu.olsztyn.pl\/index.php?rest_route=\/wp\/v2\/posts\/8085","targetHints":{"allow":["GET"]}}],"collection":[{"href":"https:\/\/www.milosnicylasu.olsztyn.pl\/index.php?rest_route=\/wp\/v2\/posts"}],"about":[{"href":"https:\/\/www.milosnicylasu.olsztyn.pl\/index.php?rest_route=\/wp\/v2\/types\/post"}],"author":[{"embeddable":true,"href":"https:\/\/www.milosnicylasu.olsztyn.pl\/index.php?rest_route=\/wp\/v2\/users\/2"}],"replies":[{"embeddable":true,"href":"https:\/\/www.milosnicylasu.olsztyn.pl\/index.php?rest_route=%2Fwp%2Fv2%2Fcomments&post=8085"}],"version-history":[{"count":6,"href":"https:\/\/www.milosnicylasu.olsztyn.pl\/index.php?rest_route=\/wp\/v2\/posts\/8085\/revisions"}],"predecessor-version":[{"id":8130,"href":"https:\/\/www.milosnicylasu.olsztyn.pl\/index.php?rest_route=\/wp\/v2\/posts\/8085\/revisions\/8130"}],"wp:attachment":[{"href":"https:\/\/www.milosnicylasu.olsztyn.pl\/index.php?rest_route=%2Fwp%2Fv2%2Fmedia&parent=8085"}],"wp:term":[{"taxonomy":"category","embeddable":true,"href":"https:\/\/www.milosnicylasu.olsztyn.pl\/index.php?rest_route=%2Fwp%2Fv2%2Fcategories&post=8085"},{"taxonomy":"post_tag","embeddable":true,"href":"https:\/\/www.milosnicylasu.olsztyn.pl\/index.php?rest_route=%2Fwp%2Fv2%2Ftags&post=8085"}],"curies":[{"name":"wp","href":"https:\/\/api.w.org\/{rel}","templated":true}]}}