{"id":8096,"date":"2023-05-22T07:16:26","date_gmt":"2023-05-22T05:16:26","guid":{"rendered":"https:\/\/www.milosnicylasu.olsztyn.pl\/?p=8096"},"modified":"2023-05-22T07:16:26","modified_gmt":"2023-05-22T05:16:26","slug":"bardzo-ciekawe-wydarzenie-artystyczne","status":"publish","type":"post","link":"https:\/\/www.milosnicylasu.olsztyn.pl\/?p=8096","title":{"rendered":"Bardzo ciekawe  wydarzenie artystyczne"},"content":{"rendered":"<p><strong>Nasz bardzo utalentowany Kolega Antoni Jarczyk zaprasza na wernisa\u017c wystawy UDA\u0141O SI\u0118 , kt\u00f3ry odb\u0119dzie si\u0119 25 maja 2023 roku (czwartek godzina 14.oo) w klubie Pracownik\u00f3w UWM Baccalarium w Kortowie .<\/strong><\/p>\n<p><strong>Wystawa jest podsumowaniem 20-letniej artystycznej dzia\u0142alno\u015bci Antoniego\u00a0 i 11 lat od za\u0142o\u017cenia i prowadzenia (2011-2021) Grupy Artystycznej Rezerwa Tw\u00f3rcza. Jest to bardzo wa\u017cny dzie\u0144 dla Antoniego ale te\u017c dla naszej le\u015bno-militarnej spo\u0142eczno\u015bci.\u00a0 B\u0105d\u017amy w tym dniu razem. Cieszmy si\u0119, \u017ce w naszym gronie mamy tak wszechstronnie utalentowanego artyst\u0119. Do zobaczenia na wernisa\u017cu.<\/strong><\/p>\n","protected":false},"excerpt":{"rendered":"<p>Nasz bardzo utalentowany Kolega Antoni Jarczyk zaprasza na wernisa\u017c wystawy UDA\u0141O SI\u0118 , kt\u00f3ry odb\u0119dzie si\u0119 25 maja 2023 roku (czwartek godzina 14.oo) w klubie Pracownik\u00f3w UWM Baccalarium w Kortowie . Wystawa jest podsumowaniem 20-letniej artystycznej dzia\u0142alno\u015bci Antoniego\u00a0 i 11 lat od za\u0142o\u017cenia i prowadzenia (2011-2021) Grupy Artystycznej Rezerwa Tw\u00f3rcza. Jest to bardzo wa\u017cny dzie\u0144 [&hellip;]<\/p>\n","protected":false},"author":2,"featured_media":0,"comment_status":"open","ping_status":"open","sticky":false,"template":"","format":"standard","meta":{"footnotes":""},"categories":[9,17,11],"tags":[],"class_list":["post-8096","post","type-post","status-publish","format-standard","hentry","category-ciekawostki","category-edukacja-w-terenie","category-spotkania-artystyczne"],"_links":{"self":[{"href":"https:\/\/www.milosnicylasu.olsztyn.pl\/index.php?rest_route=\/wp\/v2\/posts\/8096","targetHints":{"allow":["GET"]}}],"collection":[{"href":"https:\/\/www.milosnicylasu.olsztyn.pl\/index.php?rest_route=\/wp\/v2\/posts"}],"about":[{"href":"https:\/\/www.milosnicylasu.olsztyn.pl\/index.php?rest_route=\/wp\/v2\/types\/post"}],"author":[{"embeddable":true,"href":"https:\/\/www.milosnicylasu.olsztyn.pl\/index.php?rest_route=\/wp\/v2\/users\/2"}],"replies":[{"embeddable":true,"href":"https:\/\/www.milosnicylasu.olsztyn.pl\/index.php?rest_route=%2Fwp%2Fv2%2Fcomments&post=8096"}],"version-history":[{"count":1,"href":"https:\/\/www.milosnicylasu.olsztyn.pl\/index.php?rest_route=\/wp\/v2\/posts\/8096\/revisions"}],"predecessor-version":[{"id":8097,"href":"https:\/\/www.milosnicylasu.olsztyn.pl\/index.php?rest_route=\/wp\/v2\/posts\/8096\/revisions\/8097"}],"wp:attachment":[{"href":"https:\/\/www.milosnicylasu.olsztyn.pl\/index.php?rest_route=%2Fwp%2Fv2%2Fmedia&parent=8096"}],"wp:term":[{"taxonomy":"category","embeddable":true,"href":"https:\/\/www.milosnicylasu.olsztyn.pl\/index.php?rest_route=%2Fwp%2Fv2%2Fcategories&post=8096"},{"taxonomy":"post_tag","embeddable":true,"href":"https:\/\/www.milosnicylasu.olsztyn.pl\/index.php?rest_route=%2Fwp%2Fv2%2Ftags&post=8096"}],"curies":[{"name":"wp","href":"https:\/\/api.w.org\/{rel}","templated":true}]}}