{"id":8113,"date":"2023-06-02T04:19:01","date_gmt":"2023-06-02T02:19:01","guid":{"rendered":"https:\/\/www.milosnicylasu.olsztyn.pl\/?p=8113"},"modified":"2023-06-02T04:29:49","modified_gmt":"2023-06-02T02:29:49","slug":"zakonczenie-sobotnich-rajdow-nad-jeziorem-wadag","status":"publish","type":"post","link":"https:\/\/www.milosnicylasu.olsztyn.pl\/?p=8113","title":{"rendered":"Zako\u0144czenie sobotnich rajd\u00f3w nad Jeziorem Wad\u0105g."},"content":{"rendered":"<p><strong>Jak w ka\u017cd\u0105 sobot\u0119, 27 maja 2023 roku, spotkali si\u0119 cz\u0142onkowie Ko\u0142a Mi\u0142o\u015bnik\u00f3w Lasu i Militari\u00f3w LOK przy ATW w Olsztynie. Tym razem na p\u0119tli MPK przy ul. Jagiello\u0144skiej \u2013 Ogrody o godzinie 10.00 Nast\u0119pnie spacerkiem poszli\u015bmy ul. Jagiello\u0144sk\u0105 obok Auto Kramu Bogdana Myd\u0142o, Elektrowni Wodnej na rzece Wad\u0105g, przez most nad rzek\u0105 Wad\u0105g i weszli\u015bmy do miejscowo\u015bci Wad\u0105g.\u00a0 Po drodze mijali\u015bmy zak\u0142ady pracy mi\u0119dzy innymi to: Wigor Plus Nowodworski, Wipasz SA, Myko \u2013 Pol hurtownia i przetw\u00f3rstwo ryb.<\/strong><\/p>\n<p><strong>Nast\u0119pna urokliwa miejscowo\u015b\u0107 to Myki, na ko\u0144cu tej wsi doszli\u015bmy do Jeziora Wad\u0105g.<\/strong><\/p>\n<p><strong><a href=\"https:\/\/www.milosnicylasu.olsztyn.pl\/wp-content\/uploads\/2023\/06\/P5270026-www.jpg\" data-rel=\"lightbox-image-0\" data-magnific_type=\"image\" data-rl_title=\"\" data-rl_caption=\"\" title=\"\"><img loading=\"lazy\" decoding=\"async\" class=\"size-medium wp-image-8119 alignleft\" src=\"https:\/\/www.milosnicylasu.olsztyn.pl\/wp-content\/uploads\/2023\/06\/P5270026-www-300x225.jpg\" alt=\"\" width=\"300\" height=\"225\" srcset=\"https:\/\/www.milosnicylasu.olsztyn.pl\/wp-content\/uploads\/2023\/06\/P5270026-www-300x225.jpg 300w, https:\/\/www.milosnicylasu.olsztyn.pl\/wp-content\/uploads\/2023\/06\/P5270026-www-768x576.jpg 768w, https:\/\/www.milosnicylasu.olsztyn.pl\/wp-content\/uploads\/2023\/06\/P5270026-www.jpg 1024w\" sizes=\"auto, (max-width: 300px) 100vw, 300px\" \/><\/a><\/strong><\/p>\n<p><strong><a href=\"https:\/\/www.milosnicylasu.olsztyn.pl\/wp-content\/uploads\/2023\/06\/P5270012-www.jpg\" data-rel=\"lightbox-image-1\" data-magnific_type=\"image\" data-rl_title=\"\" data-rl_caption=\"\" title=\"\"><img loading=\"lazy\" decoding=\"async\" class=\"size-medium wp-image-8114 alignleft\" src=\"https:\/\/www.milosnicylasu.olsztyn.pl\/wp-content\/uploads\/2023\/06\/P5270012-www-300x225.jpg\" alt=\"\" width=\"300\" height=\"225\" srcset=\"https:\/\/www.milosnicylasu.olsztyn.pl\/wp-content\/uploads\/2023\/06\/P5270012-www-300x225.jpg 300w, https:\/\/www.milosnicylasu.olsztyn.pl\/wp-content\/uploads\/2023\/06\/P5270012-www-768x576.jpg 768w, https:\/\/www.milosnicylasu.olsztyn.pl\/wp-content\/uploads\/2023\/06\/P5270012-www.jpg 1024w\" sizes=\"auto, (max-width: 300px) 100vw, 300px\" \/><\/a><\/strong><\/p>\n<p><strong>Jezioro o powierzchni \u00a0500ha. Typu sielawowego o g\u0142\u0119boko\u015bci 35 metr\u00f3w, na nim znajduj\u0105 si\u0119 trzy wyspy, najwi\u0119ksza o powierzchni 3ha. Druga 0,5 ha. Nad jeziorem usytuowane miejscowo\u015bci: S\u0142upy, Szypry, Barczewko, Myki. W jeziorze \u017cyj\u0105 sumy \u2013 olbrzymy o d\u0142ugo\u015bci cia\u0142a po wy\u017cej 2 m i wadze powy\u017cej 40 kg. Trzeci, co do wielko\u015bci z\u0142apany sum w Polsce to w\u0142a\u015bnie tutaj. Jezioro jest rybne g\u0142\u00f3wnie: sandacz, leszcz, szczupak, w\u0119gorz. Nie poleca si\u0119 tego akwenu do k\u0105pieli.<\/strong><\/p>\n<p><strong><a href=\"https:\/\/www.milosnicylasu.olsztyn.pl\/wp-content\/uploads\/2023\/06\/P5270020-www.jpg\" data-rel=\"lightbox-image-2\" data-magnific_type=\"image\" data-rl_title=\"\" data-rl_caption=\"\" title=\"\"><img loading=\"lazy\" decoding=\"async\" class=\"size-medium wp-image-8115 alignright\" src=\"https:\/\/www.milosnicylasu.olsztyn.pl\/wp-content\/uploads\/2023\/06\/P5270020-www-300x225.jpg\" alt=\"\" width=\"300\" height=\"225\" srcset=\"https:\/\/www.milosnicylasu.olsztyn.pl\/wp-content\/uploads\/2023\/06\/P5270020-www-300x225.jpg 300w, https:\/\/www.milosnicylasu.olsztyn.pl\/wp-content\/uploads\/2023\/06\/P5270020-www-768x576.jpg 768w, https:\/\/www.milosnicylasu.olsztyn.pl\/wp-content\/uploads\/2023\/06\/P5270020-www.jpg 1024w\" sizes=\"auto, (max-width: 300px) 100vw, 300px\" \/><\/a><\/strong><\/p>\n<p><strong>Nazw\u0119 Wad\u0105g wprowadzono urz\u0119dowo w 1949r zast\u0119puj\u0105c niemieck\u0105 nazw\u0119 Wadang See.<\/strong><\/p>\n<p><strong><a href=\"https:\/\/www.milosnicylasu.olsztyn.pl\/wp-content\/uploads\/2023\/06\/P5270024-www.jpg\" data-rel=\"lightbox-image-3\" data-magnific_type=\"image\" data-rl_title=\"\" data-rl_caption=\"\" title=\"\"><img loading=\"lazy\" decoding=\"async\" class=\"size-medium wp-image-8117 aligncenter\" src=\"https:\/\/www.milosnicylasu.olsztyn.pl\/wp-content\/uploads\/2023\/06\/P5270024-www-300x225.jpg\" alt=\"\" width=\"300\" height=\"225\" srcset=\"https:\/\/www.milosnicylasu.olsztyn.pl\/wp-content\/uploads\/2023\/06\/P5270024-www-300x225.jpg 300w, https:\/\/www.milosnicylasu.olsztyn.pl\/wp-content\/uploads\/2023\/06\/P5270024-www-768x576.jpg 768w, https:\/\/www.milosnicylasu.olsztyn.pl\/wp-content\/uploads\/2023\/06\/P5270024-www.jpg 1024w\" sizes=\"auto, (max-width: 300px) 100vw, 300px\" \/><\/a><\/strong><\/p>\n<p><strong>Po odpoczynku powr\u00f3t przez miejscowo\u015b\u0107 Myki, nast\u0119pnie le\u015bny busz z pokonywaniem powalonych drzew i doj\u015bcie do p\u0119tli MPK, gdzie nast\u0105pi\u0142o zako\u0144czenie sobotniego spaceru. W trakcie odpoczynku odby\u0142 si\u0119 konkurs z wiedzy z okazji Dnia Matki. Najwi\u0119ksz\u0105 wiedz\u0105 wykazali si\u0119: Marianna Bonis\u0142awska, Rysia K\u0142\u0119bukowska, Renata Janicka, Micha\u0142 K\u0142\u0119bukowski. Upominki zwyci\u0119zcom konkursu zostan\u0105 wr\u0119czone 1 czerwca podczas zebrania, na kt\u00f3re zapraszamy mi\u0142o\u015bnik\u00f3w cz\u0142onk\u00f3w Naszego Ko\u0142a. Pytania konkursowe opracowa\u0142 i rajd prowadzi\u0142 prezes Ko\u0142a Tolek Leszczy\u0144ski, kt\u00f3ry jest autorem zdj\u0119\u0107 i opisu rajdu.<\/strong><\/p>\n<p><strong>Na kolejne sobotnie spacery zapraszam po wakacjach.<\/strong><\/p>\n","protected":false},"excerpt":{"rendered":"<p>Jak w ka\u017cd\u0105 sobot\u0119, 27 maja 2023 roku, spotkali si\u0119 cz\u0142onkowie Ko\u0142a Mi\u0142o\u015bnik\u00f3w Lasu i Militari\u00f3w LOK przy ATW w Olsztynie. Tym razem na p\u0119tli MPK przy ul. Jagiello\u0144skiej \u2013 Ogrody o godzinie 10.00 Nast\u0119pnie spacerkiem poszli\u015bmy ul. Jagiello\u0144sk\u0105 obok Auto Kramu Bogdana Myd\u0142o, Elektrowni Wodnej na rzece Wad\u0105g, przez most nad rzek\u0105 Wad\u0105g i [&hellip;]<\/p>\n","protected":false},"author":2,"featured_media":0,"comment_status":"open","ping_status":"open","sticky":false,"template":"","format":"standard","meta":{"footnotes":""},"categories":[1,9,17,15,2],"tags":[],"class_list":["post-8113","post","type-post","status-publish","format-standard","hentry","category-bez-kategorii","category-ciekawostki","category-edukacja-w-terenie","category-komkurs","category-rajdy"],"_links":{"self":[{"href":"https:\/\/www.milosnicylasu.olsztyn.pl\/index.php?rest_route=\/wp\/v2\/posts\/8113","targetHints":{"allow":["GET"]}}],"collection":[{"href":"https:\/\/www.milosnicylasu.olsztyn.pl\/index.php?rest_route=\/wp\/v2\/posts"}],"about":[{"href":"https:\/\/www.milosnicylasu.olsztyn.pl\/index.php?rest_route=\/wp\/v2\/types\/post"}],"author":[{"embeddable":true,"href":"https:\/\/www.milosnicylasu.olsztyn.pl\/index.php?rest_route=\/wp\/v2\/users\/2"}],"replies":[{"embeddable":true,"href":"https:\/\/www.milosnicylasu.olsztyn.pl\/index.php?rest_route=%2Fwp%2Fv2%2Fcomments&post=8113"}],"version-history":[{"count":6,"href":"https:\/\/www.milosnicylasu.olsztyn.pl\/index.php?rest_route=\/wp\/v2\/posts\/8113\/revisions"}],"predecessor-version":[{"id":8123,"href":"https:\/\/www.milosnicylasu.olsztyn.pl\/index.php?rest_route=\/wp\/v2\/posts\/8113\/revisions\/8123"}],"wp:attachment":[{"href":"https:\/\/www.milosnicylasu.olsztyn.pl\/index.php?rest_route=%2Fwp%2Fv2%2Fmedia&parent=8113"}],"wp:term":[{"taxonomy":"category","embeddable":true,"href":"https:\/\/www.milosnicylasu.olsztyn.pl\/index.php?rest_route=%2Fwp%2Fv2%2Fcategories&post=8113"},{"taxonomy":"post_tag","embeddable":true,"href":"https:\/\/www.milosnicylasu.olsztyn.pl\/index.php?rest_route=%2Fwp%2Fv2%2Ftags&post=8113"}],"curies":[{"name":"wp","href":"https:\/\/api.w.org\/{rel}","templated":true}]}}