{"id":8124,"date":"2023-06-02T05:30:59","date_gmt":"2023-06-02T03:30:59","guid":{"rendered":"https:\/\/www.milosnicylasu.olsztyn.pl\/?p=8124"},"modified":"2023-06-02T05:30:59","modified_gmt":"2023-06-02T03:30:59","slug":"ciekawe-zakonczenie-roku-akademickiego-2022-2023","status":"publish","type":"post","link":"https:\/\/www.milosnicylasu.olsztyn.pl\/?p=8124","title":{"rendered":"Ciekawe zako\u0144czenie roku akademickiego 2022\/2023"},"content":{"rendered":"<p><a href=\"https:\/\/www.milosnicylasu.olsztyn.pl\/wp-content\/uploads\/2023\/06\/DSCN6354-www.jpg\" data-rel=\"lightbox-image-0\" data-magnific_type=\"image\" data-rl_title=\"\" data-rl_caption=\"\" title=\"\"><img loading=\"lazy\" decoding=\"async\" class=\"size-medium wp-image-8128 alignleft\" src=\"https:\/\/www.milosnicylasu.olsztyn.pl\/wp-content\/uploads\/2023\/06\/DSCN6354-www-300x225.jpg\" alt=\"\" width=\"300\" height=\"225\" srcset=\"https:\/\/www.milosnicylasu.olsztyn.pl\/wp-content\/uploads\/2023\/06\/DSCN6354-www-300x225.jpg 300w, https:\/\/www.milosnicylasu.olsztyn.pl\/wp-content\/uploads\/2023\/06\/DSCN6354-www-768x576.jpg 768w, https:\/\/www.milosnicylasu.olsztyn.pl\/wp-content\/uploads\/2023\/06\/DSCN6354-www.jpg 1024w\" sizes=\"auto, (max-width: 300px) 100vw, 300px\" \/><\/a>Ju\u017c po&#8230;&#8230;<\/p>\n<p>Po pracowitym, kolejnym roku akademickim. Wiele czwartk\u00f3w ekologicznych w RDLP w Olsztynie, rajd\u00f3w po okolicach Olsztyna, wycieczek, konkurs\u00f3w, trening\u00f3w i zawod\u00f3w strzeleckich, wystaw&#8230;&#8230;.<\/p>\n<p>Nareszcie odpoczywamy. 1 czerwca\u00a0 &#8211;\u00a0 prezes Ko\u0142a Anatol Leszczy\u0144ski og\u0142osi\u0142, \u017ce mamy wolne do 1 pa\u017adziernika. I na sali zrobi\u0142o si\u0119 jakby troch\u0119 smutno&#8230;&#8230;..Nie b\u0119dzie organizowanych imprez, ale przecie\u017c mo\u017cemy spotyka\u0107 si\u0119 w mniejszym gronie &#8211; s\u0105 telefony, komputery&#8230;..<\/p>\n<p><a href=\"https:\/\/www.milosnicylasu.olsztyn.pl\/wp-content\/uploads\/2023\/06\/DSCN6353-www.jpg\" data-rel=\"lightbox-image-1\" data-magnific_type=\"image\" data-rl_title=\"\" data-rl_caption=\"\" title=\"\"><img loading=\"lazy\" decoding=\"async\" class=\"size-medium wp-image-8127 alignleft\" src=\"https:\/\/www.milosnicylasu.olsztyn.pl\/wp-content\/uploads\/2023\/06\/DSCN6353-www-300x225.jpg\" alt=\"\" width=\"300\" height=\"225\" srcset=\"https:\/\/www.milosnicylasu.olsztyn.pl\/wp-content\/uploads\/2023\/06\/DSCN6353-www-300x225.jpg 300w, https:\/\/www.milosnicylasu.olsztyn.pl\/wp-content\/uploads\/2023\/06\/DSCN6353-www-768x576.jpg 768w, https:\/\/www.milosnicylasu.olsztyn.pl\/wp-content\/uploads\/2023\/06\/DSCN6353-www.jpg 1024w\" sizes=\"auto, (max-width: 300px) 100vw, 300px\" \/><\/a>A w\u0142a\u015bnie komputery&#8230; 1 czerwca go\u015bcili\u015bmy\u00a0 Pana Tomasza Jarczyka, pracownika RDLP w Olszynie, prywatnie syna Stefanii i Antoniego Jarczyk\u00f3w, aktywnych cz\u0142onk\u00f3w Ko\u0142a Mi\u0142o\u015bnik\u00f3w Lasu i Militari\u00f3w LOK przy ATW w Olsztynie. Tematem wyk\u0142adu by\u0142o: &#8222;Wykorzystanie geoportali w \u017cyciu emeryta&#8221;.<\/p>\n<p>Wyk\u0142ad bardzo potrzebny, pokazuj\u0105cy nam jak du\u017cy zas\u00f3b wiedzy zawieraj\u0105\u00a0 komputery, ale te\u017c wsp\u00f3\u0142czesne telefony. Zaprosi\u0142 nas do zapoznania i korzystania z takich portali jak:- PORTAL G\u0141\u00d3WNEGO GEODETY KRAJU https:\/\/mapy.geoportal.gov.pl\/map\/lmgp 2.html,<\/p>\n<p>&#8211; GEOPORTAL OTWARTYCH DANYCH PRZESTRZENNYCH FIRMY GRO SYSTEM\u00a0 https:\/\/polska.e-mapa.net\/<\/p>\n<p>&#8211; BANK DANYCH O LASACH https:\/\/www.bdl.lasy.gov.pl\/portal\/mapy<\/p>\n<p>&#8211; GEOPORTAL INSTYTUTU DZIEDZICTWA NARODOWEGO https:\/\/mapy.zabytek.gov.pl\/nid\/<\/p>\n<p>Panie Tomku, dzi\u0119kujemy za bardzo interesuj\u0105cy wyk\u0142ad. Ta wiedza nam jest bardzo potrzebna. Dzi\u0119ki Panu troch\u0119 nam bli\u017cej do wa\u017cnych wiadomo\u015bci wsp\u00f3\u0142czesnych.<\/p>\n","protected":false},"excerpt":{"rendered":"<p>Ju\u017c po&#8230;&#8230; Po pracowitym, kolejnym roku akademickim. Wiele czwartk\u00f3w ekologicznych w RDLP w Olsztynie, rajd\u00f3w po okolicach Olsztyna, wycieczek, konkurs\u00f3w, trening\u00f3w i zawod\u00f3w strzeleckich, wystaw&#8230;&#8230;. Nareszcie odpoczywamy. 1 czerwca\u00a0 &#8211;\u00a0 prezes Ko\u0142a Anatol Leszczy\u0144ski og\u0142osi\u0142, \u017ce mamy wolne do 1 pa\u017adziernika. I na sali zrobi\u0142o si\u0119 jakby troch\u0119 smutno&#8230;&#8230;..Nie b\u0119dzie organizowanych imprez, ale przecie\u017c mo\u017cemy [&hellip;]<\/p>\n","protected":false},"author":2,"featured_media":0,"comment_status":"open","ping_status":"open","sticky":false,"template":"","format":"standard","meta":{"footnotes":""},"categories":[1,9,3],"tags":[],"class_list":["post-8124","post","type-post","status-publish","format-standard","hentry","category-bez-kategorii","category-ciekawostki","category-zebrania"],"_links":{"self":[{"href":"https:\/\/www.milosnicylasu.olsztyn.pl\/index.php?rest_route=\/wp\/v2\/posts\/8124","targetHints":{"allow":["GET"]}}],"collection":[{"href":"https:\/\/www.milosnicylasu.olsztyn.pl\/index.php?rest_route=\/wp\/v2\/posts"}],"about":[{"href":"https:\/\/www.milosnicylasu.olsztyn.pl\/index.php?rest_route=\/wp\/v2\/types\/post"}],"author":[{"embeddable":true,"href":"https:\/\/www.milosnicylasu.olsztyn.pl\/index.php?rest_route=\/wp\/v2\/users\/2"}],"replies":[{"embeddable":true,"href":"https:\/\/www.milosnicylasu.olsztyn.pl\/index.php?rest_route=%2Fwp%2Fv2%2Fcomments&post=8124"}],"version-history":[{"count":1,"href":"https:\/\/www.milosnicylasu.olsztyn.pl\/index.php?rest_route=\/wp\/v2\/posts\/8124\/revisions"}],"predecessor-version":[{"id":8129,"href":"https:\/\/www.milosnicylasu.olsztyn.pl\/index.php?rest_route=\/wp\/v2\/posts\/8124\/revisions\/8129"}],"wp:attachment":[{"href":"https:\/\/www.milosnicylasu.olsztyn.pl\/index.php?rest_route=%2Fwp%2Fv2%2Fmedia&parent=8124"}],"wp:term":[{"taxonomy":"category","embeddable":true,"href":"https:\/\/www.milosnicylasu.olsztyn.pl\/index.php?rest_route=%2Fwp%2Fv2%2Fcategories&post=8124"},{"taxonomy":"post_tag","embeddable":true,"href":"https:\/\/www.milosnicylasu.olsztyn.pl\/index.php?rest_route=%2Fwp%2Fv2%2Ftags&post=8124"}],"curies":[{"name":"wp","href":"https:\/\/api.w.org\/{rel}","templated":true}]}}