{"id":8140,"date":"2023-06-23T05:27:37","date_gmt":"2023-06-23T03:27:37","guid":{"rendered":"https:\/\/www.milosnicylasu.olsztyn.pl\/?p=8140"},"modified":"2023-06-23T05:28:11","modified_gmt":"2023-06-23T03:28:11","slug":"malo-popularna-hortensja","status":"publish","type":"post","link":"https:\/\/www.milosnicylasu.olsztyn.pl\/?p=8140","title":{"rendered":"Ma\u0142o popularna hortensja"},"content":{"rendered":"<p><a href=\"https:\/\/www.milosnicylasu.olsztyn.pl\/wp-content\/uploads\/2023\/06\/P6200074-www.jpg\" data-rel=\"lightbox-image-0\" data-magnific_type=\"image\" data-rl_title=\"\" data-rl_caption=\"\" title=\"\"><img loading=\"lazy\" decoding=\"async\" class=\"size-medium wp-image-8142 alignleft\" src=\"https:\/\/www.milosnicylasu.olsztyn.pl\/wp-content\/uploads\/2023\/06\/P6200074-www-300x225.jpg\" alt=\"\" width=\"300\" height=\"225\" srcset=\"https:\/\/www.milosnicylasu.olsztyn.pl\/wp-content\/uploads\/2023\/06\/P6200074-www-300x225.jpg 300w, https:\/\/www.milosnicylasu.olsztyn.pl\/wp-content\/uploads\/2023\/06\/P6200074-www-768x576.jpg 768w, https:\/\/www.milosnicylasu.olsztyn.pl\/wp-content\/uploads\/2023\/06\/P6200074-www.jpg 1024w\" sizes=\"auto, (max-width: 300px) 100vw, 300px\" \/><\/a><\/p>\n<p><strong>Hortensja pn\u0105ca zago\u015bci\u0142a na naszej dzia\u0142ce wiele lat temu. Jest pi\u0119kna, kwitnie ju\u017c teraz w czerwcu, kiedy inne hortensje wytwarzaj\u0105 dopiero li\u015bcie. Jest nie wymagaj\u0105ca, w\u0142a\u015bciwie ro\u015bnie sama. warto zaprosi\u0107 j\u0105 do swojego ogrodu.<\/strong><\/p>\n<p><strong>Hortensja pn\u0105ca pochodzi z Dalekiego Wschodu, z wysp Japonii, Kuryli, Sachalina i Korei.<\/strong><\/p>\n<p><a href=\"https:\/\/www.milosnicylasu.olsztyn.pl\/wp-content\/uploads\/2023\/06\/P6230033-www.jpg\" data-rel=\"lightbox-image-1\" data-magnific_type=\"image\" data-rl_title=\"\" data-rl_caption=\"\" title=\"\"><img loading=\"lazy\" decoding=\"async\" class=\"size-medium wp-image-8143 alignright\" src=\"https:\/\/www.milosnicylasu.olsztyn.pl\/wp-content\/uploads\/2023\/06\/P6230033-www-300x225.jpg\" alt=\"\" width=\"300\" height=\"225\" srcset=\"https:\/\/www.milosnicylasu.olsztyn.pl\/wp-content\/uploads\/2023\/06\/P6230033-www-300x225.jpg 300w, https:\/\/www.milosnicylasu.olsztyn.pl\/wp-content\/uploads\/2023\/06\/P6230033-www-768x576.jpg 768w, https:\/\/www.milosnicylasu.olsztyn.pl\/wp-content\/uploads\/2023\/06\/P6230033-www.jpg 1024w\" sizes=\"auto, (max-width: 300px) 100vw, 300px\" \/><\/a><\/p>\n<p><strong>Ro\u015blina tworzy na p\u0119dach korzenie przybyszowe, bardzo podobne do tych wyst\u0119puj\u0105cych u bluszczu pospolitego. Za ich pomoc\u0105 pnie si\u0119 po pniach i grubszych konarach s\u0105siaduj\u0105cych z ni\u0105 drzew, ska\u0142ach, murach lub porowatych \u015bcianach budynk\u00f3w. Same p\u0119dy, pokryte czerwonobrunatn\u0105, \u0142uszcz\u0105c\u0105 si\u0119 kor\u0105, lekko pofalowane i przylegaj\u0105ce do podp\u00f3r, stanowi\u0105 ciekawy akcent kolorystyczny, szczeg\u00f3lnie w okresie bezlistnym.<\/strong><\/p>\n<p><strong>Owalne, ciemnozielone blaszki li\u015bciowe, osadzone na smuk\u0142ych ogonkach, dorastaj\u0105 do 10 cm \u015brednicy i g\u0119sto pokrywaj\u0105 wszystkie ga\u0142\u0105zki. Jesieni\u0105 przebarwiaj\u0105 si\u0119 na ciep\u0142y, z\u0142ocisty kolor.<\/strong><\/p>\n<p><a href=\"https:\/\/www.milosnicylasu.olsztyn.pl\/wp-content\/uploads\/2023\/06\/P6230047-www.jpg\" data-rel=\"lightbox-image-2\" data-magnific_type=\"image\" data-rl_title=\"\" data-rl_caption=\"\" title=\"\"><img loading=\"lazy\" decoding=\"async\" class=\"size-medium wp-image-8144 alignright\" src=\"https:\/\/www.milosnicylasu.olsztyn.pl\/wp-content\/uploads\/2023\/06\/P6230047-www-225x300.jpg\" alt=\"\" width=\"225\" height=\"300\" srcset=\"https:\/\/www.milosnicylasu.olsztyn.pl\/wp-content\/uploads\/2023\/06\/P6230047-www-225x300.jpg 225w, https:\/\/www.milosnicylasu.olsztyn.pl\/wp-content\/uploads\/2023\/06\/P6230047-www-768x1024.jpg 768w, https:\/\/www.milosnicylasu.olsztyn.pl\/wp-content\/uploads\/2023\/06\/P6230047-www-1152x1536.jpg 1152w, https:\/\/www.milosnicylasu.olsztyn.pl\/wp-content\/uploads\/2023\/06\/P6230047-www.jpg 1443w\" sizes=\"auto, (max-width: 225px) 100vw, 225px\" \/><\/a><\/p>\n<p><strong>Kwiatostany z\u0142o\u017cone z dw\u00f3ch rodzaj\u00f3w kwiat\u00f3w pojawiaj\u0105 si\u0119 na prze\u0142omie czerwca i lipca. Wi\u0119ksze, bia\u0142e kwiaty, pozbawione s\u0142upk\u00f3w i pr\u0119cik\u00f3w, otaczaj\u0105 delikatn\u0105 chmurk\u0105 jedynie brzegi talerzykowatych kwiatostan\u00f3w, kt\u00f3rych wn\u0119trze wype\u0142nia ca\u0142a masa drobnych, seledynowych kwiat\u00f3w p\u0142odnych. Pierwszy raz ro\u015bliny zakwitaj\u0105 zwykle po kilku latach uprawy.<\/strong><\/p>\n<p><strong>Owoce, niczym nie wyr\u00f3\u017cniaj\u0105ce si\u0119 torebki, maj\u0105 znikome znaczenie dekoracyjne, ale zaschni\u0119te kwiatostany dosy\u0107 d\u0142ugo utrzymuj\u0105 si\u0119 na p\u0119dach, zdobi\u0105c je w okresie jesieni i zimy.<\/strong><\/p>\n","protected":false},"excerpt":{"rendered":"<p>Hortensja pn\u0105ca zago\u015bci\u0142a na naszej dzia\u0142ce wiele lat temu. Jest pi\u0119kna, kwitnie ju\u017c teraz w czerwcu, kiedy inne hortensje wytwarzaj\u0105 dopiero li\u015bcie. Jest nie wymagaj\u0105ca, w\u0142a\u015bciwie ro\u015bnie sama. warto zaprosi\u0107 j\u0105 do swojego ogrodu. Hortensja pn\u0105ca pochodzi z Dalekiego Wschodu, z wysp Japonii, Kuryli, Sachalina i Korei. Ro\u015blina tworzy na p\u0119dach korzenie przybyszowe, bardzo podobne [&hellip;]<\/p>\n","protected":false},"author":2,"featured_media":0,"comment_status":"open","ping_status":"open","sticky":false,"template":"","format":"standard","meta":{"footnotes":""},"categories":[1,9,17],"tags":[],"class_list":["post-8140","post","type-post","status-publish","format-standard","hentry","category-bez-kategorii","category-ciekawostki","category-edukacja-w-terenie"],"_links":{"self":[{"href":"https:\/\/www.milosnicylasu.olsztyn.pl\/index.php?rest_route=\/wp\/v2\/posts\/8140","targetHints":{"allow":["GET"]}}],"collection":[{"href":"https:\/\/www.milosnicylasu.olsztyn.pl\/index.php?rest_route=\/wp\/v2\/posts"}],"about":[{"href":"https:\/\/www.milosnicylasu.olsztyn.pl\/index.php?rest_route=\/wp\/v2\/types\/post"}],"author":[{"embeddable":true,"href":"https:\/\/www.milosnicylasu.olsztyn.pl\/index.php?rest_route=\/wp\/v2\/users\/2"}],"replies":[{"embeddable":true,"href":"https:\/\/www.milosnicylasu.olsztyn.pl\/index.php?rest_route=%2Fwp%2Fv2%2Fcomments&post=8140"}],"version-history":[{"count":2,"href":"https:\/\/www.milosnicylasu.olsztyn.pl\/index.php?rest_route=\/wp\/v2\/posts\/8140\/revisions"}],"predecessor-version":[{"id":8146,"href":"https:\/\/www.milosnicylasu.olsztyn.pl\/index.php?rest_route=\/wp\/v2\/posts\/8140\/revisions\/8146"}],"wp:attachment":[{"href":"https:\/\/www.milosnicylasu.olsztyn.pl\/index.php?rest_route=%2Fwp%2Fv2%2Fmedia&parent=8140"}],"wp:term":[{"taxonomy":"category","embeddable":true,"href":"https:\/\/www.milosnicylasu.olsztyn.pl\/index.php?rest_route=%2Fwp%2Fv2%2Fcategories&post=8140"},{"taxonomy":"post_tag","embeddable":true,"href":"https:\/\/www.milosnicylasu.olsztyn.pl\/index.php?rest_route=%2Fwp%2Fv2%2Ftags&post=8140"}],"curies":[{"name":"wp","href":"https:\/\/api.w.org\/{rel}","templated":true}]}}