{"id":8151,"date":"2023-07-18T07:55:10","date_gmt":"2023-07-18T05:55:10","guid":{"rendered":"https:\/\/www.milosnicylasu.olsztyn.pl\/?p=8151"},"modified":"2023-07-21T06:54:55","modified_gmt":"2023-07-21T04:54:55","slug":"stara-plaza-w-nowej-odslonie-nowa-atrakcja-turystyczna-nad-jeziorem-bartazek-gmina-stawiguda","status":"publish","type":"post","link":"https:\/\/www.milosnicylasu.olsztyn.pl\/?p=8151","title":{"rendered":"Stara pla\u017ca w nowej ods\u0142onie. Nowa atrakcja turystyczna nad Jeziorem Bart\u0105\u017cek gmina Stawiguda"},"content":{"rendered":"<p><a href=\"https:\/\/www.milosnicylasu.olsztyn.pl\/wp-content\/uploads\/2023\/07\/P7150149-www.jpg\" data-rel=\"lightbox-image-0\" data-magnific_type=\"image\" data-rl_title=\"\" data-rl_caption=\"\" title=\"\"><img loading=\"lazy\" decoding=\"async\" class=\"size-medium wp-image-8152 alignleft\" src=\"https:\/\/www.milosnicylasu.olsztyn.pl\/wp-content\/uploads\/2023\/07\/P7150149-www-300x225.jpg\" alt=\"\" width=\"300\" height=\"225\" srcset=\"https:\/\/www.milosnicylasu.olsztyn.pl\/wp-content\/uploads\/2023\/07\/P7150149-www-300x225.jpg 300w, https:\/\/www.milosnicylasu.olsztyn.pl\/wp-content\/uploads\/2023\/07\/P7150149-www-768x576.jpg 768w, https:\/\/www.milosnicylasu.olsztyn.pl\/wp-content\/uploads\/2023\/07\/P7150149-www.jpg 1024w\" sizes=\"auto, (max-width: 300px) 100vw, 300px\" \/><\/a><\/p>\n<p><strong>Pla\u017ca w Bart\u0105\u017cku przesz\u0142a gruntowne przeobra\u017cenie. W\u0142a\u015bnie otwarto tam nietypow\u0105 atrakcj\u0119 turystyczn\u0105: Aromapark, wykonany zgodnie z koncepcj\u0105 <\/strong>Patrycji Radomskiej i Justyny Kami\u0144skiej.<\/p>\n<p><strong>Ro\u015bliny o mocnych walorach zapachowych\u00a0<\/strong><\/p>\n<p>\u2013\u00a0<em>Zaprojektowa\u0142y\u015bmy nie tylko ogr\u00f3d, ale tak\u017ce spos\u00f3b zagospodarowania pozosta\u0142ego terenu przy pla\u017cy pod wzgl\u0119dem rekreacyjnym i wypoczynkowym. W ogrodzie za\u015b zaproponowa\u0142y\u015bmy ro\u015bliny rodzime lub takie, kt\u00f3re ju\u017c si\u0119 u nas rozpowszechni\u0142y\u00a0<strong>\u2013<\/strong><\/em><strong>\u00a0wyja\u015bnia\u0142a wtedy Patrycja Radomska.<\/strong><\/p>\n<p>Prace w\u0142a\u015bnie zosta\u0142y zako\u0144czone i nast\u0105pi\u0142o oficjalne otwarcie Aromaparku.<\/p>\n<p><a href=\"https:\/\/www.milosnicylasu.olsztyn.pl\/wp-content\/uploads\/2023\/07\/P7150146-www.jpg\" data-rel=\"lightbox-image-1\" data-magnific_type=\"image\" data-rl_title=\"\" data-rl_caption=\"\" title=\"\"><img loading=\"lazy\" decoding=\"async\" class=\"size-medium wp-image-8153 alignright\" src=\"https:\/\/www.milosnicylasu.olsztyn.pl\/wp-content\/uploads\/2023\/07\/P7150146-www-300x225.jpg\" alt=\"\" width=\"300\" height=\"225\" srcset=\"https:\/\/www.milosnicylasu.olsztyn.pl\/wp-content\/uploads\/2023\/07\/P7150146-www-300x225.jpg 300w, https:\/\/www.milosnicylasu.olsztyn.pl\/wp-content\/uploads\/2023\/07\/P7150146-www-768x576.jpg 768w, https:\/\/www.milosnicylasu.olsztyn.pl\/wp-content\/uploads\/2023\/07\/P7150146-www.jpg 1024w\" sizes=\"auto, (max-width: 300px) 100vw, 300px\" \/><\/a><\/p>\n<p>\u2013\u00a0<em>Wa\u017cnym elementem tej inwestycji s\u0105 ro\u015bliny o mocnych walorach zapachowych<\/em>\u00a0\u2013<strong>\u00a0podkre\u015bla Micha\u0142 Kontraktowicz, w\u00f3jt gminy Stawiguda \u2013<\/strong>\u00a0<em>Chodzi m.in. o r\u00f3\u017ce, tawu\u0142y czy sza\u0142wi\u0119.\u00a0\u00a0Pieni\u0105dze na urz\u0105dzenie Aromaparku w Bart\u0105\u017cku,\u00a0 zosta\u0142y pozyskane w ramach projektu \u201cOchrona zasob\u00f3w przyrodniczych gminy Stawiguda\u201d.<\/em><\/p>\n<p>Na jego realizacj\u0119 przeznaczono r\u00f3wnie\u017c \u015brodki z bud\u017cetu gminy Stawiguda.<\/p>\n<p>\u2013\u00a0<em>Je\u015bli zastanawiacie si\u0119, czy pieni\u0105dze z Unii Europejskiej\u00a0naprawd\u0119 s\u0105 nam potrzebne, to idealnym przyk\u0142adem b\u0119dzie ten otwarty przepi\u0119kny Aromapark nad Jeziorem Bart\u0105skim w\u00a0<\/em>Gminie Stawiguda \u2013\u00a0<strong>napisa\u0142 na swoim profilu spo\u0142eczno\u015bciowym Marcin Kuchci\u0144ski, wicemarsza\u0142ek wojew\u00f3dztwa, kt\u00f3ry uczestniczy\u0142 w otwarciu tej atrakcji.<\/strong><\/p>\n<p><a href=\"https:\/\/www.milosnicylasu.olsztyn.pl\/wp-content\/uploads\/2023\/07\/P7150171-www.jpg\" data-rel=\"lightbox-image-2\" data-magnific_type=\"image\" data-rl_title=\"\" data-rl_caption=\"\" title=\"\"><img loading=\"lazy\" decoding=\"async\" class=\"size-medium wp-image-8154 alignleft\" src=\"https:\/\/www.milosnicylasu.olsztyn.pl\/wp-content\/uploads\/2023\/07\/P7150171-www-300x225.jpg\" alt=\"\" width=\"300\" height=\"225\" srcset=\"https:\/\/www.milosnicylasu.olsztyn.pl\/wp-content\/uploads\/2023\/07\/P7150171-www-300x225.jpg 300w, https:\/\/www.milosnicylasu.olsztyn.pl\/wp-content\/uploads\/2023\/07\/P7150171-www-768x576.jpg 768w, https:\/\/www.milosnicylasu.olsztyn.pl\/wp-content\/uploads\/2023\/07\/P7150171-www.jpg 1024w\" sizes=\"auto, (max-width: 300px) 100vw, 300px\" \/><\/a><\/p>\n<p><strong>\u017beby zobaczy\u0107 t\u0119 now\u0105 inwestycj\u0119 wybrali\u015bmy si\u0119 w niedziel\u0119 16 lipca 2023 roku, tu\u017c przed zachodem s\u0142o\u0144ca. By\u0142o pi\u0119knie i jeszcze mn\u00f3stwo dzieci z rodzicami. Du\u017co pla\u017cowicz\u00f3w przyjecha\u0142o samochodami, wi\u0119c my\u015bl\u0119, ze z Olsztyna i okolic. Jest sporo miejsc do zaparkowania, s\u0105 wiaty, gdzie mo\u017cna schowa\u0107 si\u0119 przed s\u0142onkiem, du\u017co drewnianych \u0142aweczek, jest budka gdzie mo\u017cna co\u015b kupi\u0107 do zjedzenia i wypo\u017cyczy\u0107 sprz\u0119t p\u0142ywaj\u0105cy&#8230; ale przede wszystkim pop\u0142ywa\u0107. To wszystko warto zobaczy\u0107 i skorzysta\u0107. A tak dla przypomnienia:<br \/>\n<\/strong><\/p>\n<p>Jezioro Bart\u0105g (znane r\u00f3wnie\u017c jako Bart\u0105skie, Bart\u0105\u017cek) le\u017cy w pobli\u017cu Olsztyna, tu\u017c ko\u0142o jego granic. Jest to zbiornik przep\u0142ywowy znajduj\u0105cy si\u0119 w dorzeczu \u0141yny, jego powierzchnia to 78 hektar\u00f3w. Ca\u0142kowita d\u0142ugo\u015b\u0107 linii brzegowej liczy sobie 4400 metr\u00f3w. Akwen jest dobrze dost\u0119pny, wok\u00f3\u0142 jego \u0142agodnych brzeg\u00f3w znajdziemy wiele dr\u00f3g i \u015bcie\u017cek.<\/p>\n<p>Wod\u0119 Bart\u0105ga zaklasyfikowano do trzeciej klasy czysto\u015bci. Dno jest do\u015b\u0107 muliste i poro\u015bni\u0119te zanurzon\u0105 ro\u015blinno\u015bci\u0105. Dominuj\u0105 tu rdestnice, wyw\u0142\u00f3czniki i rogatki. Brak tu du\u017cych o\u015brodk\u00f3w wypoczynkowych, dominuje agroturystyka. Jezioro jest miejscem \u017cycia takich gatunk\u00f3w ryb jak p\u0142ocie, leszcze, szczupaki czy okonie. Panuj\u0105 tu doskona\u0142e warunki dla w\u0119dkarzy.<\/p>\n<p>Krystyna i Anatol Leszczy\u0144scy<\/p>\n","protected":false},"excerpt":{"rendered":"<p>Pla\u017ca w Bart\u0105\u017cku przesz\u0142a gruntowne przeobra\u017cenie. W\u0142a\u015bnie otwarto tam nietypow\u0105 atrakcj\u0119 turystyczn\u0105: Aromapark, wykonany zgodnie z koncepcj\u0105 Patrycji Radomskiej i Justyny Kami\u0144skiej. Ro\u015bliny o mocnych walorach zapachowych\u00a0 \u2013\u00a0Zaprojektowa\u0142y\u015bmy nie tylko ogr\u00f3d, ale tak\u017ce spos\u00f3b zagospodarowania pozosta\u0142ego terenu przy pla\u017cy pod wzgl\u0119dem rekreacyjnym i wypoczynkowym. W ogrodzie za\u015b zaproponowa\u0142y\u015bmy ro\u015bliny rodzime lub takie, kt\u00f3re ju\u017c si\u0119 [&hellip;]<\/p>\n","protected":false},"author":2,"featured_media":0,"comment_status":"open","ping_status":"open","sticky":false,"template":"","format":"standard","meta":{"footnotes":""},"categories":[1,9,17],"tags":[],"class_list":["post-8151","post","type-post","status-publish","format-standard","hentry","category-bez-kategorii","category-ciekawostki","category-edukacja-w-terenie"],"_links":{"self":[{"href":"https:\/\/www.milosnicylasu.olsztyn.pl\/index.php?rest_route=\/wp\/v2\/posts\/8151","targetHints":{"allow":["GET"]}}],"collection":[{"href":"https:\/\/www.milosnicylasu.olsztyn.pl\/index.php?rest_route=\/wp\/v2\/posts"}],"about":[{"href":"https:\/\/www.milosnicylasu.olsztyn.pl\/index.php?rest_route=\/wp\/v2\/types\/post"}],"author":[{"embeddable":true,"href":"https:\/\/www.milosnicylasu.olsztyn.pl\/index.php?rest_route=\/wp\/v2\/users\/2"}],"replies":[{"embeddable":true,"href":"https:\/\/www.milosnicylasu.olsztyn.pl\/index.php?rest_route=%2Fwp%2Fv2%2Fcomments&post=8151"}],"version-history":[{"count":3,"href":"https:\/\/www.milosnicylasu.olsztyn.pl\/index.php?rest_route=\/wp\/v2\/posts\/8151\/revisions"}],"predecessor-version":[{"id":8157,"href":"https:\/\/www.milosnicylasu.olsztyn.pl\/index.php?rest_route=\/wp\/v2\/posts\/8151\/revisions\/8157"}],"wp:attachment":[{"href":"https:\/\/www.milosnicylasu.olsztyn.pl\/index.php?rest_route=%2Fwp%2Fv2%2Fmedia&parent=8151"}],"wp:term":[{"taxonomy":"category","embeddable":true,"href":"https:\/\/www.milosnicylasu.olsztyn.pl\/index.php?rest_route=%2Fwp%2Fv2%2Fcategories&post=8151"},{"taxonomy":"post_tag","embeddable":true,"href":"https:\/\/www.milosnicylasu.olsztyn.pl\/index.php?rest_route=%2Fwp%2Fv2%2Ftags&post=8151"}],"curies":[{"name":"wp","href":"https:\/\/api.w.org\/{rel}","templated":true}]}}