{"id":8168,"date":"2023-08-05T16:33:12","date_gmt":"2023-08-05T14:33:12","guid":{"rendered":"https:\/\/www.milosnicylasu.olsztyn.pl\/?p=8168"},"modified":"2023-08-06T17:47:50","modified_gmt":"2023-08-06T15:47:50","slug":"swieto-pszczol-w-arboretum-w-kudypach","status":"publish","type":"post","link":"https:\/\/www.milosnicylasu.olsztyn.pl\/?p=8168","title":{"rendered":"\u015awi\u0119to Pszcz\u00f3\u0142 w Arboretum w Kudypach"},"content":{"rendered":"<p><a href=\"https:\/\/www.milosnicylasu.olsztyn.pl\/wp-content\/uploads\/2023\/08\/P8120003-www.jpg\" data-rel=\"lightbox-image-0\" data-magnific_type=\"image\" data-rl_title=\"\" data-rl_caption=\"\" title=\"\"><img loading=\"lazy\" decoding=\"async\" class=\"size-medium wp-image-8175 alignleft\" src=\"https:\/\/www.milosnicylasu.olsztyn.pl\/wp-content\/uploads\/2023\/08\/P8120003-www-300x225.jpg\" alt=\"\" width=\"300\" height=\"225\" srcset=\"https:\/\/www.milosnicylasu.olsztyn.pl\/wp-content\/uploads\/2023\/08\/P8120003-www-300x225.jpg 300w, https:\/\/www.milosnicylasu.olsztyn.pl\/wp-content\/uploads\/2023\/08\/P8120003-www-768x576.jpg 768w, https:\/\/www.milosnicylasu.olsztyn.pl\/wp-content\/uploads\/2023\/08\/P8120003-www.jpg 1024w\" sizes=\"auto, (max-width: 300px) 100vw, 300px\" \/><\/a><\/p>\n<p><strong>Pszcz\u00f3\u0142ka Maja, mi\u00f3d, ule&#8230; \u00a0to \u00a0najcz\u0119\u015bciej pojawiaj\u0105ce si\u0119 skojarzenia z\u00a0pszczo\u0142ami. Tymczasem pszczo\u0142y to\u00a0o wiele wi\u0119cej ni\u017c pszczo\u0142a miodna. W\u00a0Polsce mamy kilkaset przer\u00f3\u017cnych gatunk\u00f3w tych owad\u00f3w. Wszystkie \u017cywi\u0105 si\u0119 nektarem i\u00a0py\u0142kiem kwiatowym, jednocze\u015bnie zapylaj\u0105c odwiedzane ro\u015bliny. Umo\u017cliwiaj\u0105 w\u00a0ten spos\u00f3b ro\u015blinom zap\u0142odnienie, a\u00a0w rezultacie powstanie owocu. To\u00a0w\u0142a\u015bnie pszczo\u0142om i\u00a0ich pracy zawdzi\u0119czamy produkcj\u0119 1\/3 \u017cywno\u015bci. Dzi\u0119ki temu, \u017ce\u00a0ich gatunki s\u0105\u00a0tak r\u00f3\u017cnorodne, mog\u0105 zapyla\u0107 r\u00f3\u017cne rodzaje ro\u015blin i\u00a0dzia\u0142a\u0107 w\u00a0r\u00f3\u017cnych warunkach.<\/strong><\/p>\n<p><strong>\u00a0Wczesn\u0105 wiosn\u0105 pszczo\u0142y ruszaj\u0105 do\u00a0pracy \u2013 zapylaj\u0105 kwitn\u0105ce sady, \u0142any rzepaku i\u00a0wi\u0119kszo\u015b\u0107 ro\u015blin b\u0119d\u0105cych surowcem do\u00a0produkcji \u017cywno\u015bci. Wed\u0142ug szacunk\u00f3w w\u00a0naszej szeroko\u015bci geograficznej ro\u015bliny owadopylne stanowi\u0105 oko\u0142o 78\u00a0proc. gatunk\u00f3w. Bez pszcz\u00f3\u0142 wiele gatunk\u00f3w ro\u015blin nie mog\u0142oby si\u0119 rozmna\u017ca\u0107, wytwarza\u0107 owoc\u00f3w, lub ich uprawy dawa\u0142yby niewielkie plony a\u00a0owoce by\u0142yby ma\u0142e i\u00a0zdegenerowane. <\/strong><\/p>\n<p><strong>O tym jak wa\u017cn\u0105 rol\u0119 w \u015brodowisku i \u017cyciu cz\u0142owieka spe\u0142niaj\u0105 pszczo\u0142y i pozosta\u0142e dzikie owady zapylaj\u0105ce nie trzeba ju\u017c chyba nikogo przekonywa\u0107. Aby jeszcze bardziej zwr\u00f3ci\u0107 uwag\u0119 na potrzeb\u0119 ochrony tych po\u017cytecznych owad\u00f3w, ju\u017c po raz kolejny, w Le\u015bnym Arboretum Warmii i Mazur w Kudypach odby\u0142o si\u0119 wydarzenie edukacyjne \u201e\u015awi\u0119to Pszcz\u00f3\u0142\u201d.<br \/>\n<\/strong><\/p>\n<p><strong><a href=\"https:\/\/www.milosnicylasu.olsztyn.pl\/wp-content\/uploads\/2023\/08\/DSCN6456-www.jpg\" data-rel=\"lightbox-image-1\" data-magnific_type=\"image\" data-rl_title=\"\" data-rl_caption=\"\" title=\"\"><img loading=\"lazy\" decoding=\"async\" class=\"size-medium wp-image-8169 alignleft\" src=\"https:\/\/www.milosnicylasu.olsztyn.pl\/wp-content\/uploads\/2023\/08\/DSCN6456-www-300x225.jpg\" alt=\"\" width=\"300\" height=\"225\" srcset=\"https:\/\/www.milosnicylasu.olsztyn.pl\/wp-content\/uploads\/2023\/08\/DSCN6456-www-300x225.jpg 300w, https:\/\/www.milosnicylasu.olsztyn.pl\/wp-content\/uploads\/2023\/08\/DSCN6456-www-768x576.jpg 768w, https:\/\/www.milosnicylasu.olsztyn.pl\/wp-content\/uploads\/2023\/08\/DSCN6456-www.jpg 1024w\" sizes=\"auto, (max-width: 300px) 100vw, 300px\" \/><\/a>Byli\u015bmy tam. Nasze Ko\u0142o reprezentowa\u0142a grupa cz\u0142onk\u00f3w Ko\u0142a Mi\u0142o\u015bnik\u00f3w Lasu i Militari\u00f3w LOK w Olsztynie wsparta pi\u0119cioosobow\u0105 delegacj\u0105 z Francji &#8211; c\u00f3rk\u0105 Marianny Bonis\u0142awskiej z m\u0119\u017cem i tr\u00f3jk\u0105 dzieci.<a href=\"https:\/\/www.milosnicylasu.olsztyn.pl\/wp-content\/uploads\/2023\/08\/DSCN6440-www.jpg\" data-rel=\"lightbox-image-2\" data-magnific_type=\"image\" data-rl_title=\"\" data-rl_caption=\"\" title=\"\"><img loading=\"lazy\" decoding=\"async\" class=\"size-medium wp-image-8170 alignright\" src=\"https:\/\/www.milosnicylasu.olsztyn.pl\/wp-content\/uploads\/2023\/08\/DSCN6440-www-300x225.jpg\" alt=\"\" width=\"300\" height=\"225\" srcset=\"https:\/\/www.milosnicylasu.olsztyn.pl\/wp-content\/uploads\/2023\/08\/DSCN6440-www-300x225.jpg 300w, https:\/\/www.milosnicylasu.olsztyn.pl\/wp-content\/uploads\/2023\/08\/DSCN6440-www-768x576.jpg 768w, https:\/\/www.milosnicylasu.olsztyn.pl\/wp-content\/uploads\/2023\/08\/DSCN6440-www.jpg 1024w\" sizes=\"auto, (max-width: 300px) 100vw, 300px\" \/><\/a><\/strong><\/p>\n<p><strong>Dzi\u0119kujemy wszystkim za udzia\u0142 w tej bardzo potrzebnej imprezie,\u00a0 J\u00f3zkowi Ga\u017adzie za przekazan\u0105 wiedz\u0119 o pszczo\u0142ach i na koniec konkurs: kto od dzi\u015b jest pszcz\u00f3\u0142k\u0105 naszego Ko\u0142a&#8230;&#8230;.<\/strong><a href=\"https:\/\/www.milosnicylasu.olsztyn.pl\/wp-content\/uploads\/2023\/08\/DSCN6437-www.jpg\" data-rel=\"lightbox-image-3\" data-magnific_type=\"image\" data-rl_title=\"\" data-rl_caption=\"\" title=\"\"><img loading=\"lazy\" decoding=\"async\" class=\"size-medium wp-image-8171 aligncenter\" src=\"https:\/\/www.milosnicylasu.olsztyn.pl\/wp-content\/uploads\/2023\/08\/DSCN6437-www-300x225.jpg\" alt=\"\" width=\"300\" height=\"225\" srcset=\"https:\/\/www.milosnicylasu.olsztyn.pl\/wp-content\/uploads\/2023\/08\/DSCN6437-www-300x225.jpg 300w, https:\/\/www.milosnicylasu.olsztyn.pl\/wp-content\/uploads\/2023\/08\/DSCN6437-www-768x576.jpg 768w, https:\/\/www.milosnicylasu.olsztyn.pl\/wp-content\/uploads\/2023\/08\/DSCN6437-www.jpg 1024w\" sizes=\"auto, (max-width: 300px) 100vw, 300px\" \/><\/a><\/p>\n<p>&nbsp;<\/p>\n<p>&nbsp;<\/p>\n<p>&nbsp;<\/p>\n<p>&nbsp;<\/p>\n<p>&nbsp;<\/p>\n","protected":false},"excerpt":{"rendered":"<p>Pszcz\u00f3\u0142ka Maja, mi\u00f3d, ule&#8230; \u00a0to \u00a0najcz\u0119\u015bciej pojawiaj\u0105ce si\u0119 skojarzenia z\u00a0pszczo\u0142ami. Tymczasem pszczo\u0142y to\u00a0o wiele wi\u0119cej ni\u017c pszczo\u0142a miodna. W\u00a0Polsce mamy kilkaset przer\u00f3\u017cnych gatunk\u00f3w tych owad\u00f3w. Wszystkie \u017cywi\u0105 si\u0119 nektarem i\u00a0py\u0142kiem kwiatowym, jednocze\u015bnie zapylaj\u0105c odwiedzane ro\u015bliny. Umo\u017cliwiaj\u0105 w\u00a0ten spos\u00f3b ro\u015blinom zap\u0142odnienie, a\u00a0w rezultacie powstanie owocu. To\u00a0w\u0142a\u015bnie pszczo\u0142om i\u00a0ich pracy zawdzi\u0119czamy produkcj\u0119 1\/3 \u017cywno\u015bci. Dzi\u0119ki temu, \u017ce\u00a0ich [&hellip;]<\/p>\n","protected":false},"author":2,"featured_media":0,"comment_status":"open","ping_status":"open","sticky":false,"template":"","format":"standard","meta":{"footnotes":""},"categories":[9,17,15],"tags":[],"class_list":["post-8168","post","type-post","status-publish","format-standard","hentry","category-ciekawostki","category-edukacja-w-terenie","category-komkurs"],"_links":{"self":[{"href":"https:\/\/www.milosnicylasu.olsztyn.pl\/index.php?rest_route=\/wp\/v2\/posts\/8168","targetHints":{"allow":["GET"]}}],"collection":[{"href":"https:\/\/www.milosnicylasu.olsztyn.pl\/index.php?rest_route=\/wp\/v2\/posts"}],"about":[{"href":"https:\/\/www.milosnicylasu.olsztyn.pl\/index.php?rest_route=\/wp\/v2\/types\/post"}],"author":[{"embeddable":true,"href":"https:\/\/www.milosnicylasu.olsztyn.pl\/index.php?rest_route=\/wp\/v2\/users\/2"}],"replies":[{"embeddable":true,"href":"https:\/\/www.milosnicylasu.olsztyn.pl\/index.php?rest_route=%2Fwp%2Fv2%2Fcomments&post=8168"}],"version-history":[{"count":4,"href":"https:\/\/www.milosnicylasu.olsztyn.pl\/index.php?rest_route=\/wp\/v2\/posts\/8168\/revisions"}],"predecessor-version":[{"id":8178,"href":"https:\/\/www.milosnicylasu.olsztyn.pl\/index.php?rest_route=\/wp\/v2\/posts\/8168\/revisions\/8178"}],"wp:attachment":[{"href":"https:\/\/www.milosnicylasu.olsztyn.pl\/index.php?rest_route=%2Fwp%2Fv2%2Fmedia&parent=8168"}],"wp:term":[{"taxonomy":"category","embeddable":true,"href":"https:\/\/www.milosnicylasu.olsztyn.pl\/index.php?rest_route=%2Fwp%2Fv2%2Fcategories&post=8168"},{"taxonomy":"post_tag","embeddable":true,"href":"https:\/\/www.milosnicylasu.olsztyn.pl\/index.php?rest_route=%2Fwp%2Fv2%2Ftags&post=8168"}],"curies":[{"name":"wp","href":"https:\/\/api.w.org\/{rel}","templated":true}]}}