{"id":817,"date":"2013-12-31T21:39:32","date_gmt":"2013-12-31T20:39:32","guid":{"rendered":"http:\/\/www.milosnicylasu.olsztyn.pl\/?p=817"},"modified":"2013-12-31T21:56:53","modified_gmt":"2013-12-31T20:56:53","slug":"blondynki-w-lesie","status":"publish","type":"post","link":"https:\/\/www.milosnicylasu.olsztyn.pl\/?p=817","title":{"rendered":"Blondynki w lesie"},"content":{"rendered":"<p>Chodz\u0105 dwie blondynki po lesie.<br \/>\nNagle wkurzona blondynka m\u00f3wi do drugiej:<br \/>\nS\u0142uchaj bierzmy pierwsz\u0105 lepsz\u0105 choink\u0119 nawet tak\u0105 bez bombek.<\/p>\n","protected":false},"excerpt":{"rendered":"<p>Chodz\u0105 dwie blondynki po lesie. Nagle wkurzona blondynka m\u00f3wi do drugiej: S\u0142uchaj bierzmy pierwsz\u0105 lepsz\u0105 choink\u0119 nawet tak\u0105 bez bombek.<\/p>\n","protected":false},"author":1,"featured_media":0,"comment_status":"open","ping_status":"open","sticky":false,"template":"","format":"standard","meta":{"footnotes":""},"categories":[1],"tags":[],"class_list":["post-817","post","type-post","status-publish","format-standard","hentry","category-bez-kategorii"],"_links":{"self":[{"href":"https:\/\/www.milosnicylasu.olsztyn.pl\/index.php?rest_route=\/wp\/v2\/posts\/817","targetHints":{"allow":["GET"]}}],"collection":[{"href":"https:\/\/www.milosnicylasu.olsztyn.pl\/index.php?rest_route=\/wp\/v2\/posts"}],"about":[{"href":"https:\/\/www.milosnicylasu.olsztyn.pl\/index.php?rest_route=\/wp\/v2\/types\/post"}],"author":[{"embeddable":true,"href":"https:\/\/www.milosnicylasu.olsztyn.pl\/index.php?rest_route=\/wp\/v2\/users\/1"}],"replies":[{"embeddable":true,"href":"https:\/\/www.milosnicylasu.olsztyn.pl\/index.php?rest_route=%2Fwp%2Fv2%2Fcomments&post=817"}],"version-history":[{"count":2,"href":"https:\/\/www.milosnicylasu.olsztyn.pl\/index.php?rest_route=\/wp\/v2\/posts\/817\/revisions"}],"predecessor-version":[{"id":821,"href":"https:\/\/www.milosnicylasu.olsztyn.pl\/index.php?rest_route=\/wp\/v2\/posts\/817\/revisions\/821"}],"wp:attachment":[{"href":"https:\/\/www.milosnicylasu.olsztyn.pl\/index.php?rest_route=%2Fwp%2Fv2%2Fmedia&parent=817"}],"wp:term":[{"taxonomy":"category","embeddable":true,"href":"https:\/\/www.milosnicylasu.olsztyn.pl\/index.php?rest_route=%2Fwp%2Fv2%2Fcategories&post=817"},{"taxonomy":"post_tag","embeddable":true,"href":"https:\/\/www.milosnicylasu.olsztyn.pl\/index.php?rest_route=%2Fwp%2Fv2%2Ftags&post=817"}],"curies":[{"name":"wp","href":"https:\/\/api.w.org\/{rel}","templated":true}]}}