{"id":8207,"date":"2023-09-30T08:50:21","date_gmt":"2023-09-30T06:50:21","guid":{"rendered":"https:\/\/www.milosnicylasu.olsztyn.pl\/?p=8207"},"modified":"2023-10-01T19:03:05","modified_gmt":"2023-10-01T17:03:05","slug":"czas-mierzymy-w-przezyciach-a-wiec","status":"publish","type":"post","link":"https:\/\/www.milosnicylasu.olsztyn.pl\/?p=8207","title":{"rendered":"Czas mierzymy w prze\u017cyciach a wi\u0119c&#8230;&#8230;&#8230;"},"content":{"rendered":"<p><a href=\"https:\/\/www.milosnicylasu.olsztyn.pl\/wp-content\/uploads\/2022\/11\/DSCN9922-www.jpg\" data-rel=\"lightbox-image-0\" data-magnific_type=\"image\" data-rl_title=\"\" data-rl_caption=\"\" title=\"\"><img loading=\"lazy\" decoding=\"async\" class=\"size-medium wp-image-7480 alignleft\" src=\"https:\/\/www.milosnicylasu.olsztyn.pl\/wp-content\/uploads\/2022\/11\/DSCN9922-www-300x225.jpg\" alt=\"\" width=\"300\" height=\"225\" srcset=\"https:\/\/www.milosnicylasu.olsztyn.pl\/wp-content\/uploads\/2022\/11\/DSCN9922-www-300x225.jpg 300w, https:\/\/www.milosnicylasu.olsztyn.pl\/wp-content\/uploads\/2022\/11\/DSCN9922-www-768x576.jpg 768w, https:\/\/www.milosnicylasu.olsztyn.pl\/wp-content\/uploads\/2022\/11\/DSCN9922-www.jpg 1024w\" sizes=\"auto, (max-width: 300px) 100vw, 300px\" \/><\/a>Dni mijaj\u0105 niepostrze\u017cenie. Miesi\u0105ce wydaj\u0105 si\u0119 przemija\u0107 jak tygodnie Dlaczego czas up\u0142ywa szybciej? Czy 24 godziny uleg\u0142y skr\u00f3ceniu? Co\u015b si\u0119 zmieni\u0142o na \u015bwiecie?<\/p>\n<p>Tak, zmieni\u0142o si\u0119. Zmieni\u0142o si\u0119 nasze postrzeganie czasu.<\/p>\n<p>Bo w jaki spos\u00f3b go postrzegamy? Jak go mierzymy?<\/p>\n<p>Nie w dniach, godzinach ani sekundach.<strong> Czas mierzymy w prze\u017cyciach<\/strong>.<\/p>\n<p>Jak mo\u017cna spowolni\u0107 czas? Po pierwsze: b\u0119d\u0105c<a href=\"https:\/\/alicjamakota.pl\/jak-zaczac-zyc\/\"><strong> bardziej uwa\u017cnym<\/strong><\/a>. B\u0119d\u0105c tu i teraz, \u015bwiadomym tera\u017aniejszo\u015bci. Rozgl\u0105daj\u0105c si\u0119, dostrzegaj\u0105c, czuj\u0105c, smakuj\u0105c, \u017cyj\u0105c. Odsun\u0105\u0107 zmartwienia o przysz\u0142o\u015b\u0107 czy rozpami\u0119tywanie przesz\u0142o\u015bci na bok i cieszy\u0107 si\u0119 chwil\u0105.<\/p>\n<p>Po drugie: <strong>zerwa\u0107 z rutyn\u0105<\/strong>. I\u015b\u0107 inn\u0105 drog\u0105 do pracy, odwiedzi\u0107 nowe miejsce, odmieni\u0107 swoje otoczenie. Nauczy\u0107 si\u0119 nowej rzeczy, spr\u00f3bowa\u0107 czego\u015b innego ni\u017c zwykle, zdecydowa\u0107 si\u0119 na odwa\u017cn\u0105 zmian\u0119. Urozmaica\u0107 codzienno\u015b\u0107.<\/p>\n<p>Im wi\u0119cej ciekawych, nietypowych rzeczy dostrze\u017cesz albo zrobisz w swoim \u017cyciu, tym wi\u0119cej wspomnie\u0144 stworzysz. Prze\u017cyte dni nie uciekn\u0105 z Twojej pami\u0119ci, jakby nigdy nie mia\u0142y miejsca.<\/p>\n<p>&nbsp;<\/p>\n<p>Zaczynamy nowy rok akademicki od spotkania 5 pa\u017adziernika 2023 roku, o godzinie 15.00 w RDLP w Olsztynie.\u00a0 Nie widzieli\u015bmy si\u0119\u00a0 przez ca\u0142e wakacje, wi\u0119c samo spotkanie b\u0119dzie wielkim prze\u017cyciem.\u00a0 A na zebraniu Prezes Anatol Leszczy\u0144ski zaprosi nas na wycieczk\u0119 do\u00a0 &#8230;&#8230;&#8230;&#8230;<\/p>\n<p>W dniu 20 pa\u017adziernika 2023r. planowana jest\u00a0 wyjazdowa edukacja historyczna, kt\u00f3ra odb\u0119dzie si\u0119 w \u201eWilczym Sza\u0144cu\u201d\u00a0 w by\u0142ej siedzibie\u00a0 Hitlera\u00a0 z czas\u00f3w II Wojny \u015awiatowej.\u00a0 Obiekt w nowej ods\u0142onie po dokonanym remoncie. Bli\u017csze szczeg\u00f3\u0142y podczas zebrania, ilo\u015b\u0107 miejsc ograniczona. Koszt 85 z\u0142, wp\u0142at\u0119 b\u0119dzie przyjmowa\u0142a Kole\u017canka Basia Bruzgo.<\/p>\n<p><em>I dwie opinie z internetu\u00a0 o obiekcie , z ostatnich dni:<\/em><\/p>\n<p>________________________________<\/p>\n<ul>\n<li><em>Kompleks schron\u00f3w z czas\u00f3w II wojny \u015bwiatowej, kt\u00f3ry uleg\u0142 zniszczeniu 1945 r. Do ogl\u0105dania jest to, czego Niemcom nie uda\u0142o si\u0119 zniszczy\u0107 do ko\u0144ca. To moja druga wizyta w tym miejscu po 20 latach. Bardzo mi\u0142ym zaskoczeniem by\u0142y zmiany kt\u00f3re wprowadzi\u0142y Lasy Pa\u0144stwowe, czyli obecnie zarz\u0105dzaj\u0105cy tym miejscem. Infrastruktura turystyczna w postaci sklepik\u00f3w, restauracji, dr\u00f3\u017cek, toalet bardzo u\u0142atwia zwiedzanie. \u015awietnie zrekonstruowane wn\u0119trze baraku narad, w kt\u00f3rym w 44 roku dokonano zamachu na Adolfa Hitlera. \u015awietna obs\u0142uga przewodnik\u00f3w. Polecam.<\/em><\/li>\n<\/ul>\n<p>&nbsp;<\/p>\n<ul>\n<li><em>Je\u015bli kto\u015b by\u0142 w tym miejscu w przesz\u0142o\u015bci prosz\u0119 wybra\u0107 si\u0119 jeszcze raz<\/em><br \/>\n<em>Panowie z nadle\u015bnictwa odwalili tam kawa\u0142 pi\u0119knej roboty zwiedzanie nigdy wcze\u015bnie nie by\u0142o tak bezpieczne<\/em><br \/>\n<em>Je\u015bli chodzi o Historie tego miejsca jest ona przedstawiona w idealny spos\u00f3b a ogl\u0105daj\u0105c wystaw\u0119 zdj\u0119\u0107 i relikt\u00f3w tych potwornych lat \u0142zy same si\u0119 cisn\u0105 i trudno je powstrzyma\u0107<\/em><\/li>\n<\/ul>\n<p>&nbsp;<\/p>\n","protected":false},"excerpt":{"rendered":"<p>Dni mijaj\u0105 niepostrze\u017cenie. Miesi\u0105ce wydaj\u0105 si\u0119 przemija\u0107 jak tygodnie Dlaczego czas up\u0142ywa szybciej? Czy 24 godziny uleg\u0142y skr\u00f3ceniu? Co\u015b si\u0119 zmieni\u0142o na \u015bwiecie? Tak, zmieni\u0142o si\u0119. Zmieni\u0142o si\u0119 nasze postrzeganie czasu. Bo w jaki spos\u00f3b go postrzegamy? Jak go mierzymy? Nie w dniach, godzinach ani sekundach. Czas mierzymy w prze\u017cyciach. Jak mo\u017cna spowolni\u0107 czas? Po [&hellip;]<\/p>\n","protected":false},"author":2,"featured_media":0,"comment_status":"open","ping_status":"open","sticky":false,"template":"","format":"standard","meta":{"footnotes":""},"categories":[9,17,5],"tags":[],"class_list":["post-8207","post","type-post","status-publish","format-standard","hentry","category-ciekawostki","category-edukacja-w-terenie","category-wycieczki"],"_links":{"self":[{"href":"https:\/\/www.milosnicylasu.olsztyn.pl\/index.php?rest_route=\/wp\/v2\/posts\/8207","targetHints":{"allow":["GET"]}}],"collection":[{"href":"https:\/\/www.milosnicylasu.olsztyn.pl\/index.php?rest_route=\/wp\/v2\/posts"}],"about":[{"href":"https:\/\/www.milosnicylasu.olsztyn.pl\/index.php?rest_route=\/wp\/v2\/types\/post"}],"author":[{"embeddable":true,"href":"https:\/\/www.milosnicylasu.olsztyn.pl\/index.php?rest_route=\/wp\/v2\/users\/2"}],"replies":[{"embeddable":true,"href":"https:\/\/www.milosnicylasu.olsztyn.pl\/index.php?rest_route=%2Fwp%2Fv2%2Fcomments&post=8207"}],"version-history":[{"count":4,"href":"https:\/\/www.milosnicylasu.olsztyn.pl\/index.php?rest_route=\/wp\/v2\/posts\/8207\/revisions"}],"predecessor-version":[{"id":8211,"href":"https:\/\/www.milosnicylasu.olsztyn.pl\/index.php?rest_route=\/wp\/v2\/posts\/8207\/revisions\/8211"}],"wp:attachment":[{"href":"https:\/\/www.milosnicylasu.olsztyn.pl\/index.php?rest_route=%2Fwp%2Fv2%2Fmedia&parent=8207"}],"wp:term":[{"taxonomy":"category","embeddable":true,"href":"https:\/\/www.milosnicylasu.olsztyn.pl\/index.php?rest_route=%2Fwp%2Fv2%2Fcategories&post=8207"},{"taxonomy":"post_tag","embeddable":true,"href":"https:\/\/www.milosnicylasu.olsztyn.pl\/index.php?rest_route=%2Fwp%2Fv2%2Ftags&post=8207"}],"curies":[{"name":"wp","href":"https:\/\/api.w.org\/{rel}","templated":true}]}}