{"id":8215,"date":"2023-10-03T16:40:21","date_gmt":"2023-10-03T14:40:21","guid":{"rendered":"https:\/\/www.milosnicylasu.olsztyn.pl\/?p=8215"},"modified":"2023-10-03T16:41:51","modified_gmt":"2023-10-03T14:41:51","slug":"zloty-medal-dla-macka-czlonka-naszego-kola","status":"publish","type":"post","link":"https:\/\/www.milosnicylasu.olsztyn.pl\/?p=8215","title":{"rendered":"\u00a0 Z\u0142oty medal dla Ma\u0107ka &#8211; cz\u0142onka naszego Ko\u0142a."},"content":{"rendered":"<p><strong>9 wrze\u015bnia 2023 roku\u00a0 11 cz\u0142onk\u00f3w\u00a0 Ko\u0142a Mi\u0142o\u015bnik\u00f3w Lasu i Militari\u00f3w LOK przy ATW w Olsztynie uczestniczy\u0142o\u00a0 w uporz\u0105dkowaniu le\u015bnej strzelnicy sportowej LOK.<\/strong><\/p>\n<p><strong><a href=\"https:\/\/www.milosnicylasu.olsztyn.pl\/wp-content\/uploads\/2023\/10\/IMG_20230909_105141-www.jpg\" data-rel=\"lightbox-image-0\" data-magnific_type=\"image\" data-rl_title=\"\" data-rl_caption=\"\" title=\"\"><img loading=\"lazy\" decoding=\"async\" class=\"size-medium wp-image-8216 alignleft\" src=\"https:\/\/www.milosnicylasu.olsztyn.pl\/wp-content\/uploads\/2023\/10\/IMG_20230909_105141-www-300x225.jpg\" alt=\"\" width=\"300\" height=\"225\" srcset=\"https:\/\/www.milosnicylasu.olsztyn.pl\/wp-content\/uploads\/2023\/10\/IMG_20230909_105141-www-300x225.jpg 300w, https:\/\/www.milosnicylasu.olsztyn.pl\/wp-content\/uploads\/2023\/10\/IMG_20230909_105141-www-768x576.jpg 768w, https:\/\/www.milosnicylasu.olsztyn.pl\/wp-content\/uploads\/2023\/10\/IMG_20230909_105141-www.jpg 1024w\" sizes=\"auto, (max-width: 300px) 100vw, 300px\" \/><\/a>W tym te\u017c dniu odby\u0142y si\u0119 \u201e M\u0142odzie\u017cowe zawody strzeleckie\u201d. Cz\u0142onek naszego Ko\u0142a Maciek Rusi\u0142owicz\u00a0 pokona\u0142 rywali uzyskuj\u0105c\u00a0 najwi\u0119ksz\u0105 ilo\u015b\u0107\u00a0 mo\u017cliwych punkt\u00f3w. Zdoby\u0142 z\u0142oty medal. Wr\u0119czenie\u00a0 uroczyste odb\u0119dzie si\u0119 podczas zebrania w dniu 05.10.2023r.<\/strong><a href=\"https:\/\/www.milosnicylasu.olsztyn.pl\/wp-content\/uploads\/2023\/10\/IMG_20230909_105801-www.jpg\" data-rel=\"lightbox-image-1\" data-magnific_type=\"image\" data-rl_title=\"\" data-rl_caption=\"\" title=\"\"><img loading=\"lazy\" decoding=\"async\" class=\"size-medium wp-image-8217 alignright\" src=\"https:\/\/www.milosnicylasu.olsztyn.pl\/wp-content\/uploads\/2023\/10\/IMG_20230909_105801-www-300x225.jpg\" alt=\"\" width=\"300\" height=\"225\" srcset=\"https:\/\/www.milosnicylasu.olsztyn.pl\/wp-content\/uploads\/2023\/10\/IMG_20230909_105801-www-300x225.jpg 300w, https:\/\/www.milosnicylasu.olsztyn.pl\/wp-content\/uploads\/2023\/10\/IMG_20230909_105801-www-768x576.jpg 768w, https:\/\/www.milosnicylasu.olsztyn.pl\/wp-content\/uploads\/2023\/10\/IMG_20230909_105801-www.jpg 1024w\" sizes=\"auto, (max-width: 300px) 100vw, 300px\" \/><\/a><\/p>\n","protected":false},"excerpt":{"rendered":"<p>9 wrze\u015bnia 2023 roku\u00a0 11 cz\u0142onk\u00f3w\u00a0 Ko\u0142a Mi\u0142o\u015bnik\u00f3w Lasu i Militari\u00f3w LOK przy ATW w Olsztynie uczestniczy\u0142o\u00a0 w uporz\u0105dkowaniu le\u015bnej strzelnicy sportowej LOK. W tym te\u017c dniu odby\u0142y si\u0119 \u201e M\u0142odzie\u017cowe zawody strzeleckie\u201d. Cz\u0142onek naszego Ko\u0142a Maciek Rusi\u0142owicz\u00a0 pokona\u0142 rywali uzyskuj\u0105c\u00a0 najwi\u0119ksz\u0105 ilo\u015b\u0107\u00a0 mo\u017cliwych punkt\u00f3w. Zdoby\u0142 z\u0142oty medal. Wr\u0119czenie\u00a0 uroczyste odb\u0119dzie si\u0119 podczas zebrania w [&hellip;]<\/p>\n","protected":false},"author":2,"featured_media":0,"comment_status":"open","ping_status":"open","sticky":false,"template":"","format":"standard","meta":{"footnotes":""},"categories":[1,9,17,15,8],"tags":[],"class_list":["post-8215","post","type-post","status-publish","format-standard","hentry","category-bez-kategorii","category-ciekawostki","category-edukacja-w-terenie","category-komkurs","category-zawody-strzeleckie"],"_links":{"self":[{"href":"https:\/\/www.milosnicylasu.olsztyn.pl\/index.php?rest_route=\/wp\/v2\/posts\/8215","targetHints":{"allow":["GET"]}}],"collection":[{"href":"https:\/\/www.milosnicylasu.olsztyn.pl\/index.php?rest_route=\/wp\/v2\/posts"}],"about":[{"href":"https:\/\/www.milosnicylasu.olsztyn.pl\/index.php?rest_route=\/wp\/v2\/types\/post"}],"author":[{"embeddable":true,"href":"https:\/\/www.milosnicylasu.olsztyn.pl\/index.php?rest_route=\/wp\/v2\/users\/2"}],"replies":[{"embeddable":true,"href":"https:\/\/www.milosnicylasu.olsztyn.pl\/index.php?rest_route=%2Fwp%2Fv2%2Fcomments&post=8215"}],"version-history":[{"count":2,"href":"https:\/\/www.milosnicylasu.olsztyn.pl\/index.php?rest_route=\/wp\/v2\/posts\/8215\/revisions"}],"predecessor-version":[{"id":8219,"href":"https:\/\/www.milosnicylasu.olsztyn.pl\/index.php?rest_route=\/wp\/v2\/posts\/8215\/revisions\/8219"}],"wp:attachment":[{"href":"https:\/\/www.milosnicylasu.olsztyn.pl\/index.php?rest_route=%2Fwp%2Fv2%2Fmedia&parent=8215"}],"wp:term":[{"taxonomy":"category","embeddable":true,"href":"https:\/\/www.milosnicylasu.olsztyn.pl\/index.php?rest_route=%2Fwp%2Fv2%2Fcategories&post=8215"},{"taxonomy":"post_tag","embeddable":true,"href":"https:\/\/www.milosnicylasu.olsztyn.pl\/index.php?rest_route=%2Fwp%2Fv2%2Ftags&post=8215"}],"curies":[{"name":"wp","href":"https:\/\/api.w.org\/{rel}","templated":true}]}}