{"id":822,"date":"2014-01-07T13:20:21","date_gmt":"2014-01-07T12:20:21","guid":{"rendered":"http:\/\/www.milosnicylasu.olsztyn.pl\/?p=822"},"modified":"2014-01-07T13:28:11","modified_gmt":"2014-01-07T12:28:11","slug":"pierwsz-w-tym-roku-czwartek-ekologiczny","status":"publish","type":"post","link":"https:\/\/www.milosnicylasu.olsztyn.pl\/?p=822","title":{"rendered":"Pierwszy w tym roku czwartek ekologiczny"},"content":{"rendered":"<p>W ramach czwartk\u00f3w ekologicznych &#8211; 2 stycznia 2014, w Regionalnej Dyrekcji Las\u00f3w Pa\u0144stwowych w Olsztynie, 64 cz\u0142onk\u00f3w Ko\u0142a Mi\u0142o\u015bnik\u00f3w Lasu i Militari\u00f3w LOK przy ATW w Olsztynie wys\u0142ucha\u0142o bardzo ciekawego wyk\u0142adu pt. &#8222;Las &#8211; skarbiec cz\u0142owieka i supermarket ?&#8221;, wyg\u0142oszonego przez Pani\u0105 Ma\u0142gorzat\u0119 Gruca z Wydzia\u0142u Ochrony Ekosystem\u00f3w RDLP w Olsztynie. Informacje poparte zdj\u0119ciami, ciekawostki, szeroka wiedza o lesie i\u00a0 jego ro\u015blinach zosta\u0142y udost\u0119pnione lekkim j\u0119zykiem. Jeszcze d\u0142ugo po wyk\u0142adzie trwa\u0142a dyskusja, a pani Ma\u0142gosia odpowiada\u0142a na wiele pyta\u0144. Mamy nadziej\u0119, \u017ce nie by\u0142 to ostatni \u00a0wyk\u0142ad na ten temat. Czekamy na nast\u0119pne spotkanie.<\/p>\n<p><a href=\"http:\/\/www.milosnicylasu.olsztyn.pl\/wp-content\/uploads\/2014\/01\/1_088-www.jpg\" data-rel=\"lightbox-image-0\" data-magnific_type=\"image\" data-rl_title=\"\" data-rl_caption=\"\" title=\"\"><img loading=\"lazy\" decoding=\"async\" class=\"alignleft size-medium wp-image-823\" alt=\"1_088 -www\" src=\"http:\/\/www.milosnicylasu.olsztyn.pl\/wp-content\/uploads\/2014\/01\/1_088-www-300x225.jpg\" width=\"300\" height=\"225\" srcset=\"https:\/\/www.milosnicylasu.olsztyn.pl\/wp-content\/uploads\/2014\/01\/1_088-www-300x225.jpg 300w, https:\/\/www.milosnicylasu.olsztyn.pl\/wp-content\/uploads\/2014\/01\/1_088-www-400x300.jpg 400w, https:\/\/www.milosnicylasu.olsztyn.pl\/wp-content\/uploads\/2014\/01\/1_088-www.jpg 1024w\" sizes=\"auto, (max-width: 300px) 100vw, 300px\" \/><\/a>Mi\u0142ym punktem zebrania by\u0142o wr\u0119czenie kolejnym naszym cz\u0142onkom Ko\u0142a br\u0105zowych \u00a0krzy\u017cy &#8222;Za zas\u0142ugi dla Klub\u00f3w \u017bo\u0142nierzy Rezerwy&#8221;, kt\u00f3re otrzymali por.rez. Jan Sosnowski, por.rez. Leszek Kranc i plut.rez. Zdzis\u0142aw Zakrzewski.<\/p>\n<p>Pierwsze zebranie w tym roku by\u0142o r\u00f3wnie\u017c okazj\u0105 do podsumowania dokona\u0144 w poprzednim roku i om\u00f3wienia zamierze\u0144 w 2014, kt\u00f3re to tematy przedstawi\u0142 prezes Anatol Leszczy\u0144ski.\u00a0Cz\u0142onkowie Ko\u0142a otrzymali plany pracy na 2014r.<\/p>\n<p>&nbsp;<\/p>\n","protected":false},"excerpt":{"rendered":"<p>W ramach czwartk\u00f3w ekologicznych &#8211; 2 stycznia 2014, w Regionalnej Dyrekcji Las\u00f3w Pa\u0144stwowych w Olsztynie, 64 cz\u0142onk\u00f3w Ko\u0142a Mi\u0142o\u015bnik\u00f3w Lasu i Militari\u00f3w LOK przy ATW w Olsztynie wys\u0142ucha\u0142o bardzo ciekawego wyk\u0142adu pt. &#8222;Las &#8211; skarbiec cz\u0142owieka i supermarket ?&#8221;, wyg\u0142oszonego przez Pani\u0105 Ma\u0142gorzat\u0119 Gruca z Wydzia\u0142u Ochrony Ekosystem\u00f3w RDLP w Olsztynie. Informacje poparte zdj\u0119ciami, ciekawostki, [&hellip;]<\/p>\n","protected":false},"author":1,"featured_media":0,"comment_status":"open","ping_status":"open","sticky":false,"template":"","format":"standard","meta":{"footnotes":""},"categories":[6,3],"tags":[],"class_list":["post-822","post","type-post","status-publish","format-standard","hentry","category-odznaczenia","category-zebrania"],"_links":{"self":[{"href":"https:\/\/www.milosnicylasu.olsztyn.pl\/index.php?rest_route=\/wp\/v2\/posts\/822","targetHints":{"allow":["GET"]}}],"collection":[{"href":"https:\/\/www.milosnicylasu.olsztyn.pl\/index.php?rest_route=\/wp\/v2\/posts"}],"about":[{"href":"https:\/\/www.milosnicylasu.olsztyn.pl\/index.php?rest_route=\/wp\/v2\/types\/post"}],"author":[{"embeddable":true,"href":"https:\/\/www.milosnicylasu.olsztyn.pl\/index.php?rest_route=\/wp\/v2\/users\/1"}],"replies":[{"embeddable":true,"href":"https:\/\/www.milosnicylasu.olsztyn.pl\/index.php?rest_route=%2Fwp%2Fv2%2Fcomments&post=822"}],"version-history":[{"count":3,"href":"https:\/\/www.milosnicylasu.olsztyn.pl\/index.php?rest_route=\/wp\/v2\/posts\/822\/revisions"}],"predecessor-version":[{"id":826,"href":"https:\/\/www.milosnicylasu.olsztyn.pl\/index.php?rest_route=\/wp\/v2\/posts\/822\/revisions\/826"}],"wp:attachment":[{"href":"https:\/\/www.milosnicylasu.olsztyn.pl\/index.php?rest_route=%2Fwp%2Fv2%2Fmedia&parent=822"}],"wp:term":[{"taxonomy":"category","embeddable":true,"href":"https:\/\/www.milosnicylasu.olsztyn.pl\/index.php?rest_route=%2Fwp%2Fv2%2Fcategories&post=822"},{"taxonomy":"post_tag","embeddable":true,"href":"https:\/\/www.milosnicylasu.olsztyn.pl\/index.php?rest_route=%2Fwp%2Fv2%2Ftags&post=822"}],"curies":[{"name":"wp","href":"https:\/\/api.w.org\/{rel}","templated":true}]}}